{"id":12058,"date":"2020-02-13T08:00:00","date_gmt":"2020-02-13T07:00:00","guid":{"rendered":"https:\/\/wp.muchomaas.com\/article-tribune-appel-pour-un-comite-de-soutien-aux-mobilisations-sociales\/"},"modified":"2023-06-23T23:51:46","modified_gmt":"2023-06-23T21:51:46","slug":"article-tribune-appel-pour-un-comite-de-soutien-aux-mobilisations-sociales","status":"publish","type":"post","link":"https:\/\/archives.regards.fr\/?p=12058","title":{"rendered":"TRIBUNE. Appel pour un comit\u00e9 de soutien aux mobilisations sociales"},"content":{"rendered":"<p class=\"post_excerpt\">Artistes, sportifs, intellectuels, responsables politiques et associatifs de gauche lancent cet appel : <em>\u00ab Nous nous soulevons ensemble contre le projet de retraites du gouvernement \u00bb<\/em>.<\/p>\n<p>Repr\u00e9sentant.es de luttes, responsables associatifs et politiques, personnalit\u00e9s du monde artistique, sportif et intellectuel, nous nous soulevons ensemble contre le projet de retraites du gouvernement. Son syst\u00e8me par points, limitant les d\u00e9penses de retraites et prenant en compte l\u2019enti\u00e8ret\u00e9 de la carri\u00e8re, augmentera les in\u00e9galit\u00e9s, retardera l\u2019\u00e2ge pour b\u00e9n\u00e9ficier d\u2019une retraite \u00e0 taux plein et consacrera l\u2019appauvrissement des retrait\u00e9.es. <\/p>\n<p>&nbsp;<\/p>\n<p>\n<strong>LIRE AUSSI SUR REGARDS.FR<br \/>\n>><\/strong> <em><a href=\"https:\/\/wp.muchomaas.com\/politique\/article\/retraites-six-mensonges-d-etat\">Retraites : six mensonges d\u2019\u00c9tat<\/a><\/em><\/p>\n<p>&nbsp;<\/p>\n<p>Le projet du gouvernement est fortement critiqu\u00e9 de toutes parts, y compris par le Conseil d\u2019\u00c9tat. Face \u00e0 lui s\u2019est construite une mobilisation historique par sa force et sa dur\u00e9e. Une majorit\u00e9 de la population aspire \u00e0 un autre syst\u00e8me de retraites, qui soit juste, \u00e9quitable et qui permette de faire de la retraite un nouvel \u00e2ge de la vie. Cela serait tout \u00e0 fait finan\u00e7able comme de nombreuses \u00e9tudes l\u2019ont montr\u00e9. Face \u00e0 un gouvernement qui reste sourd aux aspirations populaires et face aux violences polici\u00e8res qui se multiplient, nous nous engageons dans la construction d\u2019un comit\u00e9 national de soutien aux mobilisations et dans des initiatives locales. Certains d\u2019entre nous ont d\u00e9j\u00e0 sign\u00e9 plusieurs appels allant dans le m\u00eame sens.<\/p>\n<p>Nous appelons \u00e0 participer aux gr\u00e8ves et \u00e0 leur soutien, notamment financier, ainsi qu&#8217;aux diff\u00e9rentes initiatives de l\u2019intersyndicale. Nous soutenons des mobilisations qui prennent des formes in\u00e9dites, diverses, ancr\u00e9es localement et dessinant des convergences qui seront essentielles pour faire face \u00e0 l\u2019urgence sociale, \u00e9cologique et d\u00e9mocratique. Les assembl\u00e9es g\u00e9n\u00e9rales se multiplient dans les lieux de travail et de vie, tout comme les luttes contre la destruction des services publics. Ensemble, elles nourrissent les mobilisations contre le projet de retraites du gouvernement et plus encore, contre la politique d\u2019Emmanuel Macron et son monde, marqu\u00e9e par l\u2019ultralib\u00e9ralisme et l\u2019autoritarisme.<\/p>\n<p>Nous construirons d\u00e9j\u00e0 une assembl\u00e9e populaire contre la r\u00e9forme, le 17 f\u00e9vrier, jour d\u2019ouverture de l\u2019examen du projet \u00e0 l\u2019Assembl\u00e9e nationale \u00e0 proximit\u00e9 de celle-ci. Nous participerons \u00e0 la nouvelle journ\u00e9e de convergence de gr\u00e8ves et de manifestations le 20 f\u00e9vrier, ainsi que le 8 mars \u00e0 la journ\u00e9e de lutte pour les droits des femmes, puisque <a href=\"https:\/\/wp.muchomaas.com\/politique\/article\/sophie-binet-cgt-cette-reforme-des-retraites-est-l-inverse-d-une-reforme\">celles-ci sont parmi les grandes perdantes du projet de retraites<\/a>. Nous participerons \u00e0 bien d\u2019autres initiatives, nous en proposerons en accord avec les organisations syndicales et les secteurs en lutte, pour le retrait d\u2019un projet qui participe \u00e0 la destruction des droits sociaux et pour l\u2019\u00e9laboration d\u2019un vrai projet progressiste.<div id='gallery-1' class='gallery galleryid-12058 gallery-columns-3 gallery-size-thumbnail'><figure class='gallery-item'>\n\t\t\t<div class='gallery-icon landscape'>\n\t\t\t\t<a href='https:\/\/archives.regards.fr\/wp-content\/uploads\/2020\/02\/befunky-collage_1_-43-c69-scaled.jpg'><img loading=\"lazy\" decoding=\"async\" width=\"150\" height=\"150\" src=\"https:\/\/archives.regards.fr\/wp-content\/uploads\/2020\/02\/befunky-collage_1_-43-c69-150x150.jpg\" class=\"attachment-thumbnail size-thumbnail\" alt=\"befunky-collage_1_-43.jpg\" \/><\/a>\n\t\t\t<\/div><\/figure>\n\t\t<\/div>\n<\/p>\n","protected":false},"excerpt":{"rendered":"<p>Artistes, sportifs, intellectuels, responsables politiques et associatifs de gauche lancent cet appel : <em>\u00ab Nous nous soulevons ensemble contre le projet de retraites du gouvernement \u00bb<\/em>.<\/p>\n","protected":false},"author":666,"featured_media":28756,"comment_status":"open","ping_status":"open","sticky":false,"template":"","format":"standard","meta":{"_themeisle_gutenberg_block_has_review":false,"footnotes":""},"categories":[278],"tags":[308],"class_list":["post-12058","post","type-post","status-publish","format-standard","has-post-thumbnail","hentry","category-tribunes","tag-retraite"],"_links":{"self":[{"href":"https:\/\/archives.regards.fr\/index.php?rest_route=\/wp\/v2\/posts\/12058","targetHints":{"allow":["GET"]}}],"collection":[{"href":"https:\/\/archives.regards.fr\/index.php?rest_route=\/wp\/v2\/posts"}],"about":[{"href":"https:\/\/archives.regards.fr\/index.php?rest_route=\/wp\/v2\/types\/post"}],"author":[{"embeddable":true,"href":"https:\/\/archives.regards.fr\/index.php?rest_route=\/wp\/v2\/users\/666"}],"replies":[{"embeddable":true,"href":"https:\/\/archives.regards.fr\/index.php?rest_route=%2Fwp%2Fv2%2Fcomments&post=12058"}],"version-history":[{"count":0,"href":"https:\/\/archives.regards.fr\/index.php?rest_route=\/wp\/v2\/posts\/12058\/revisions"}],"wp:featuredmedia":[{"embeddable":true,"href":"https:\/\/archives.regards.fr\/index.php?rest_route=\/wp\/v2\/media\/28756"}],"wp:attachment":[{"href":"https:\/\/archives.regards.fr\/index.php?rest_route=%2Fwp%2Fv2%2Fmedia&parent=12058"}],"wp:term":[{"taxonomy":"category","embeddable":true,"href":"https:\/\/archives.regards.fr\/index.php?rest_route=%2Fwp%2Fv2%2Fcategories&post=12058"},{"taxonomy":"post_tag","embeddable":true,"href":"https:\/\/archives.regards.fr\/index.php?rest_route=%2Fwp%2Fv2%2Ftags&post=12058"}],"curies":[{"name":"wp","href":"https:\/\/api.w.org\/{rel}","templated":true}]}}