{"id":12038,"date":"2020-02-07T09:56:13","date_gmt":"2020-02-07T08:56:13","guid":{"rendered":"https:\/\/wp.muchomaas.com\/article-droitsdanslemur\/"},"modified":"2023-06-23T23:51:12","modified_gmt":"2023-06-23T21:51:12","slug":"article-droitsdanslemur","status":"publish","type":"post","link":"https:\/\/archives.regards.fr\/?p=12038","title":{"rendered":"VID\u00c9O. Les enseignants-chercheurs de Droit et Science politique se mobilisent"},"content":{"rendered":"<p class=\"post_excerpt\"><em>#droitsdanslemur<\/em> et mur de Droits. C&#8217;est le message <a href=\"https:\/\/www.youtube.com\/watch?v=Fp36PR6saeI\">\u00ab subtil et intelligent \u00bb<\/a> qu&#8217;ont voulu faire passer les universitaires \u00e0 leur minist\u00e8re. Sera-t-il entendu par la ministre ?<\/p>\n<p>Jeudi 6 f\u00e9vrier, les universitaires des facult\u00e9s de Droit et de Science politique ont \u00e9rig\u00e9 un mur de codes (code de la s\u00e9curit\u00e9 sociale, code de l&#8217;\u00e9ducation, code du travail, etc.) devant le minist\u00e8re de l&#8217;Enseignement sup\u00e9rieur, de la Recherche et de l&#8217;Innovation. Le message est double : ils s&#8217;opposent au projet de r\u00e9forme des retraites, mais aussi \u00e0 la r\u00e9forme de l&#8217;Enseignement sup\u00e9rieur qui m\u00e8nerait ce service public dans le mur.<\/p>\n<p>Une mobilisation \u00e0 voir ci-dessous.<\/p>\n<p><iframe loading=\"lazy\" width=\"490\" height=\"276\" src=\"https:\/\/www.youtube.com\/embed\/8akUZp2OoaU\" frameborder=\"0\" allow=\"accelerometer; autoplay; encrypted-media; gyroscope; picture-in-picture\" allowfullscreen><\/iframe><\/p>\n<p>&nbsp;<\/p>\n<p>\n<a href=\"https:\/\/wp.muchomaas.com\/auteur\/sebastien-bergerat\"><strong>S\u00e9bastien Bergerat<\/strong><\/a><div id='gallery-1' class='gallery galleryid-12038 gallery-columns-3 gallery-size-thumbnail'><figure class='gallery-item'>\n\t\t\t<div class='gallery-icon landscape'>\n\t\t\t\t<a href='https:\/\/archives.regards.fr\/wp-content\/uploads\/2020\/02\/fullsizeoutput_278d-6ee.png'><img loading=\"lazy\" decoding=\"async\" width=\"150\" height=\"150\" src=\"https:\/\/archives.regards.fr\/wp-content\/uploads\/2020\/02\/fullsizeoutput_278d-6ee-150x150.png\" class=\"attachment-thumbnail size-thumbnail\" alt=\"fullsizeoutput_278d.png\" \/><\/a>\n\t\t\t<\/div><\/figure>\n\t\t<\/div>\n<\/p>\n","protected":false},"excerpt":{"rendered":"<p><em>#droitsdanslemur<\/em> et mur de Droits. C&#8217;est le message <a href=\"https:\/\/www.youtube.com\/watch?v=Fp36PR6saeI\">\u00ab subtil et intelligent \u00bb<\/a> qu&#8217;ont voulu faire passer les universitaires \u00e0 leur minist\u00e8re. Sera-t-il entendu par la ministre ?<\/p>\n","protected":false},"author":5,"featured_media":28731,"comment_status":"open","ping_status":"open","sticky":false,"template":"","format":"standard","meta":{"_themeisle_gutenberg_block_has_review":false,"footnotes":""},"categories":[279],"tags":[368,308],"class_list":["post-12038","post","type-post","status-publish","format-standard","has-post-thumbnail","hentry","category-videos","tag-education","tag-retraite"],"_links":{"self":[{"href":"https:\/\/archives.regards.fr\/index.php?rest_route=\/wp\/v2\/posts\/12038","targetHints":{"allow":["GET"]}}],"collection":[{"href":"https:\/\/archives.regards.fr\/index.php?rest_route=\/wp\/v2\/posts"}],"about":[{"href":"https:\/\/archives.regards.fr\/index.php?rest_route=\/wp\/v2\/types\/post"}],"author":[{"embeddable":true,"href":"https:\/\/archives.regards.fr\/index.php?rest_route=\/wp\/v2\/users\/5"}],"replies":[{"embeddable":true,"href":"https:\/\/archives.regards.fr\/index.php?rest_route=%2Fwp%2Fv2%2Fcomments&post=12038"}],"version-history":[{"count":0,"href":"https:\/\/archives.regards.fr\/index.php?rest_route=\/wp\/v2\/posts\/12038\/revisions"}],"wp:featuredmedia":[{"embeddable":true,"href":"https:\/\/archives.regards.fr\/index.php?rest_route=\/wp\/v2\/media\/28731"}],"wp:attachment":[{"href":"https:\/\/archives.regards.fr\/index.php?rest_route=%2Fwp%2Fv2%2Fmedia&parent=12038"}],"wp:term":[{"taxonomy":"category","embeddable":true,"href":"https:\/\/archives.regards.fr\/index.php?rest_route=%2Fwp%2Fv2%2Fcategories&post=12038"},{"taxonomy":"post_tag","embeddable":true,"href":"https:\/\/archives.regards.fr\/index.php?rest_route=%2Fwp%2Fv2%2Ftags&post=12038"}],"curies":[{"name":"wp","href":"https:\/\/api.w.org\/{rel}","templated":true}]}}