{"id":12014,"date":"2020-01-29T16:11:58","date_gmt":"2020-01-29T15:11:58","guid":{"rendered":"https:\/\/wp.muchomaas.com\/article-retraites-les-pompiers-poursuivent-le-mouvement-jusqu-au-retrait-du-projet-de\/"},"modified":"2023-06-23T23:50:41","modified_gmt":"2023-06-23T21:50:41","slug":"article-retraites-les-pompiers-poursuivent-le-mouvement-jusqu-au-retrait-du-projet-de","status":"publish","type":"post","link":"https:\/\/archives.regards.fr\/?p=12014","title":{"rendered":"Retraites : \u00ab Les pompiers poursuivent le mouvement jusqu&#8217;au retrait du projet de loi \u00bb"},"content":{"rendered":"<p class=\"post_excerpt\">Des mois de mobilisations, de gr\u00e8ves et les pompiers ont obtenu des avanc\u00e9es dans leurs n\u00e9gociations avec le minist\u00e8re de l&#8217;Int\u00e9rieur. Mais sur le dossier des retraites, ils ne font pas exception : ils sont contre.<\/p>\n<p><em> <strong>Alain Darmey<\/strong>  est sapeur-pompier professionnel en Vend\u00e9e, membre de la CGT des SDIS (Services d\u00e9partementaux d&#8217;incendies et de secours).<\/em><\/p>\n<p>&nbsp;<\/p>\n<p><strong> <em>Regards<\/em>. Hier, mardi 28 janvier, vous manifestiez encore \u00e0 Paris. Une manifestation tr\u00e8s tendue. Pourquoi \u00e9tiez-vous dans la rue ?<\/strong><\/p>\n<p><strong>Alain Darmey.<\/strong> En mars 2019, on a remis nos revendications au ministre de l&#8217;Int\u00e9rieur. Au d\u00e9part, il nous a pris de haut et ne nous a pas r\u00e9pondu. S&#8217;en est suivi un pr\u00e9avis de gr\u00e8ve qui a commenc\u00e9 en juin 2019. Nos demandes portaient principalement sur la sant\u00e9 et la s\u00e9curit\u00e9 des sapeurs-pompiers : une meilleure reconnaissance des risques des fum\u00e9es et des agressions sur notre sant\u00e9 \u2013 qu&#8217;on ne soit pas oblig\u00e9 de se battre contre nos employeurs pour faire reconna\u00eetre nos pathologies pulmonaires par exemple. Le ministre a ouvert des chantiers, mais \u00e7a se passe dans le temps long. On demandait \u00e9galement la ren\u00e9gociation de notre <a href=\"https:\/\/www.pompiers.fr\/pompiers\/votre-carriere\/remuneration-et-indemnisation-des-sapeurs-pompiers\">indemnit\u00e9 de feu<\/a>. Les n\u00e9gociations ont dur\u00e9 longtemps avec le minist\u00e8re et les collectivit\u00e9s locales. Le premier prescrit, les deuxi\u00e8mes payent. Augmenter cette prime, c&#8217;est reconna\u00eetre les risques que l&#8217;on prend.<\/p>\n<p>&nbsp;<\/p>\n<p>\n<strong>LIRE AUSSI SUR REGARDS.FR<br \/>\n>><\/strong> <em><a href=\"https:\/\/wp.muchomaas.com\/politique\/article\/retraites-six-mensonges-d-etat\">Retraites : six mensonges d\u2019\u00c9tat<\/a><\/em><\/p>\n<p>&nbsp;<\/p>\n<p><strong>Il aura fallu sept mois de mobilisation pour que le gouvernement r\u00e9ponde favorablement \u00e0 vos revendications. L&#8217;intersyndicale a vot\u00e9 la fin de la gr\u00e8ve. Malgr\u00e9 cela, restez-vous mobilis\u00e9s contre la r\u00e9forme des retraites ?<\/strong><\/p>\n<p>Nos revendications sont entr\u00e9es en collision avec la r\u00e9forme des retraites. On nous donne d&#8217;un c\u00f4t\u00e9, mais si c&#8217;est pour nous reprendre de l&#8217;autre\u2026 Sur la retraite (contrairement \u00e0 ce qu&#8217;on dit), les pompiers n&#8217;ont pas eu gain de cause. On veut nous inscrire dans la cat\u00e9gorie des m\u00e9tiers soumis \u00e0 risques, avec une possibilit\u00e9 de d\u00e9part \u00e0 partir de 57 ans. Or, \u00e7a, on l&#8217;avait d\u00e9j\u00e0. Il n&#8217;y a pas de nouveaut\u00e9, si ce n&#8217;est l&#8217;\u00e2ge pivot qui s&#8217;appliquera aussi aux sapeurs-pompiers. Si on part avant 59 ou 60 ans, on aura une d\u00e9cote. Si les sept syndicats qui composent l&#8217;intersyndicale ont appel\u00e9 \u00e0 suspendre la gr\u00e8ve, la CGT pr\u00e9pare un nouveau pr\u00e9avis de gr\u00e8ve dans le cadre de la r\u00e9forme des retraites, et nous poursuivrons le mouvement jusqu&#8217;au retrait du projet de loi. Je pense que FO, la F\u00e9d\u00e9ration autonome, la CFE-CGC et l&#8217;Unsa peuvent suivre.<\/p>\n<blockquote><p>\u00ab Notre ennemi, c&#8217;est pas la police ! \u00bb<\/p><\/blockquote>\n<p><strong> <em>\u00ab C\u2019est par le dialogue, jamais par la violence, que nous avan\u00e7ons ensemble \u00bb<\/em>, a d\u00e9clar\u00e9 Christophe Castaner. Pourtant, de la violence, vous en avez subi hier encore de la part des forces de l&#8217;ordre. Un pompier a m\u00eame re\u00e7u <a href=\"https:\/\/www.liberation.fr\/checknews\/2020\/01\/28\/que-sait-on-de-cette-video-d-un-pompier-se-prenant-un-tir-de-lbd-dans-la-tete_1775786\">un tir de LBD en pleine t\u00eate<\/a>. Qu&#8217;en dites-vous ? <\/strong><\/p>\n<p>Forc\u00e9ment, quand deux corporations comme celles-ci se retrouvent dans la rue, \u00e7a frotte. S&#8217;il y a de la violence, elle n&#8217;est pas extr\u00eame, il faut relativiser. Peut-\u00eatre qu&#8217;on la subit moins parce qu&#8217;on est mieux \u00e9quip\u00e9 aussi. Mais on n&#8217;a pas de col\u00e8re contre les policiers, on travaille tous les jours avec eux. Il y a une esp\u00e8ce de fraternit\u00e9 entre pompiers et forces de l&#8217;ordre. Notre ennemi, c&#8217;est pas la police ! Par contre, on avait une autorisation jusqu&#8217;\u00e0 18h place de la Nation et ils nous ont mis dehors d\u00e8s 17h15, en nous disant qu&#8217;on a march\u00e9 trop vite, qu&#8217;on est arriv\u00e9 trop t\u00f4t\u2026 Ce qui fait qu&#8217;on n&#8217;a pas pu faire nos prises de paroles, expliquer les avanc\u00e9es, et \u00e7a a contribu\u00e9 \u00e0 faire chauffer l&#8217;ambiance en fin de manif&#8217;.<\/p>\n<p>&nbsp;<\/p>\n<p>\nPropos recueillis par <a href=\"https:\/\/wp.muchomaas.com\/auteur\/loic-le-clerc\"><strong>Lo\u00efc Le Clerc<\/strong><\/a><div id='gallery-1' class='gallery galleryid-12014 gallery-columns-3 gallery-size-thumbnail'><figure class='gallery-item'>\n\t\t\t<div class='gallery-icon landscape'>\n\t\t\t\t<a href='https:\/\/archives.regards.fr\/wp-content\/uploads\/2020\/01\/befunky-collage-176-7ff-scaled.jpg'><img loading=\"lazy\" decoding=\"async\" width=\"150\" height=\"150\" src=\"https:\/\/archives.regards.fr\/wp-content\/uploads\/2020\/01\/befunky-collage-176-7ff-150x150.jpg\" class=\"attachment-thumbnail size-thumbnail\" alt=\"befunky-collage-176.jpg\" \/><\/a>\n\t\t\t<\/div><\/figure>\n\t\t<\/div>\n<\/p>\n","protected":false},"excerpt":{"rendered":"<p>Des mois de mobilisations, de gr\u00e8ves et les pompiers ont obtenu des avanc\u00e9es dans leurs n\u00e9gociations avec le minist\u00e8re de l&#8217;Int\u00e9rieur. Mais sur le dossier des retraites, ils ne font pas exception : ils sont contre.<\/p>\n","protected":false},"author":1203,"featured_media":28675,"comment_status":"open","ping_status":"open","sticky":false,"template":"","format":"standard","meta":{"_themeisle_gutenberg_block_has_review":false,"footnotes":""},"categories":[6],"tags":[293,308],"class_list":["post-12014","post","type-post","status-publish","format-standard","has-post-thumbnail","hentry","category-actu","tag-entretien","tag-retraite"],"_links":{"self":[{"href":"https:\/\/archives.regards.fr\/index.php?rest_route=\/wp\/v2\/posts\/12014","targetHints":{"allow":["GET"]}}],"collection":[{"href":"https:\/\/archives.regards.fr\/index.php?rest_route=\/wp\/v2\/posts"}],"about":[{"href":"https:\/\/archives.regards.fr\/index.php?rest_route=\/wp\/v2\/types\/post"}],"author":[{"embeddable":true,"href":"https:\/\/archives.regards.fr\/index.php?rest_route=\/wp\/v2\/users\/1203"}],"replies":[{"embeddable":true,"href":"https:\/\/archives.regards.fr\/index.php?rest_route=%2Fwp%2Fv2%2Fcomments&post=12014"}],"version-history":[{"count":0,"href":"https:\/\/archives.regards.fr\/index.php?rest_route=\/wp\/v2\/posts\/12014\/revisions"}],"wp:featuredmedia":[{"embeddable":true,"href":"https:\/\/archives.regards.fr\/index.php?rest_route=\/wp\/v2\/media\/28675"}],"wp:attachment":[{"href":"https:\/\/archives.regards.fr\/index.php?rest_route=%2Fwp%2Fv2%2Fmedia&parent=12014"}],"wp:term":[{"taxonomy":"category","embeddable":true,"href":"https:\/\/archives.regards.fr\/index.php?rest_route=%2Fwp%2Fv2%2Fcategories&post=12014"},{"taxonomy":"post_tag","embeddable":true,"href":"https:\/\/archives.regards.fr\/index.php?rest_route=%2Fwp%2Fv2%2Ftags&post=12014"}],"curies":[{"name":"wp","href":"https:\/\/api.w.org\/{rel}","templated":true}]}}