{"id":12,"date":"2014-11-30T20:39:51","date_gmt":"2014-11-30T19:39:51","guid":{"rendered":"https:\/\/wp.muchomaas.com\/breve-henri-guaino-12\/"},"modified":"2014-11-30T20:39:51","modified_gmt":"2014-11-30T19:39:51","slug":"breve-henri-guaino-12","status":"publish","type":"post","link":"https:\/\/archives.regards.fr\/?p=12","title":{"rendered":"Henri Guaino"},"content":{"rendered":"<p><em>\u00ab Marion Mar\u00e9chal-Le Pen est un nouveau visage, un d\u00e9put\u00e9 qui fait son travail. Elle a trouv\u00e9 sa place au parlement. \u00bb<\/em> (France Inter, 30\/11\/2014)<\/p>\n","protected":false},"excerpt":{"rendered":"<p>\u00ab Marion Mar\u00e9chal-Le Pen est un nouveau visage, un d\u00e9put\u00e9 qui fait son travail. Elle a trouv\u00e9 sa place au parlement. \u00bb (France Inter, 30\/11\/2014)<\/p>\n","protected":false},"author":1,"featured_media":0,"comment_status":"open","ping_status":"open","sticky":false,"template":"","format":"standard","meta":{"_themeisle_gutenberg_block_has_review":false,"footnotes":""},"categories":[284],"tags":[],"class_list":["post-12","post","type-post","status-publish","format-standard","hentry","category-declarama-breves"],"_links":{"self":[{"href":"https:\/\/archives.regards.fr\/index.php?rest_route=\/wp\/v2\/posts\/12","targetHints":{"allow":["GET"]}}],"collection":[{"href":"https:\/\/archives.regards.fr\/index.php?rest_route=\/wp\/v2\/posts"}],"about":[{"href":"https:\/\/archives.regards.fr\/index.php?rest_route=\/wp\/v2\/types\/post"}],"author":[{"embeddable":true,"href":"https:\/\/archives.regards.fr\/index.php?rest_route=\/wp\/v2\/users\/1"}],"replies":[{"embeddable":true,"href":"https:\/\/archives.regards.fr\/index.php?rest_route=%2Fwp%2Fv2%2Fcomments&post=12"}],"version-history":[{"count":0,"href":"https:\/\/archives.regards.fr\/index.php?rest_route=\/wp\/v2\/posts\/12\/revisions"}],"wp:attachment":[{"href":"https:\/\/archives.regards.fr\/index.php?rest_route=%2Fwp%2Fv2%2Fmedia&parent=12"}],"wp:term":[{"taxonomy":"category","embeddable":true,"href":"https:\/\/archives.regards.fr\/index.php?rest_route=%2Fwp%2Fv2%2Fcategories&post=12"},{"taxonomy":"post_tag","embeddable":true,"href":"https:\/\/archives.regards.fr\/index.php?rest_route=%2Fwp%2Fv2%2Ftags&post=12"}],"curies":[{"name":"wp","href":"https:\/\/api.w.org\/{rel}","templated":true}]}}