{"id":11993,"date":"2020-01-21T15:26:18","date_gmt":"2020-01-21T14:26:18","guid":{"rendered":"https:\/\/wp.muchomaas.com\/article-videos-l-integrale-du-mepris-de-macron\/"},"modified":"2020-01-21T15:26:18","modified_gmt":"2020-01-21T14:26:18","slug":"article-videos-l-integrale-du-mepris-de-macron","status":"publish","type":"post","link":"https:\/\/archives.regards.fr\/?p=11993","title":{"rendered":"VID\u00c9OS. L&#8217;int\u00e9grale du M\u00e9pris d&#8217;Emmanuel Macron"},"content":{"rendered":"<p class=\"post_excerpt\">Aux fain\u00e9ants, aux cyniques, \u00e0 ceux qui foutent le bordel, \u00e0 ceux qui ne travaillent pas assez pour se payer un costard, aux illettr\u00e9s, \u00e0 ceux qui r\u00e2lent tout le temps pour tout, \u00e0 ceux qui supportent mal la chaleur et la fatigue, aux Gaulois r\u00e9fractaires, aux foules haineuses, \u00e0 ceux qui n&#8217;ont pas le sens de l&#8217;effort, \u00e0 ceux qui d\u00e9connent, \u00e0 ceux qui ne sont rien : ces vid\u00e9os, floril\u00e8ges d&#8217;Emmanuel Macron.<\/p>\n<h2>Le M\u00e9pris 7 : \u00ab Donne-moi ta main et prends la mienne \u00bb<\/h2>\n<p><iframe loading=\"lazy\" width=\"490\" height=\"276\" src=\"https:\/\/www.youtube.com\/embed\/tcMFO0es-kQ\" title=\"YouTube video player\" frameborder=\"0\" allow=\"accelerometer; autoplay; clipboard-write; encrypted-media; gyroscope; picture-in-picture\" allowfullscreen><\/iframe><\/p>\n<p>&nbsp;<\/p>\n<p><h2>Le M\u00e9pris 6 : <em>\u00ab Du fromage, du jambon, des choses tr\u00e8s concr\u00e8tes \u00bb<\/h2>\n<p><\/em><\/p>\n<p><iframe loading=\"lazy\" width=\"490\" height=\"276\" src=\"https:\/\/www.youtube.com\/embed\/59G9x0d-jl4\" frameborder=\"0\" allow=\"accelerometer; autoplay; encrypted-media; gyroscope; picture-in-picture\" allowfullscreen><\/iframe><\/p>\n<p>&nbsp;<\/p>\n<p><h2>Le M\u00e9pris 5 : le retour du retour de Macron<\/h2>\n<p><iframe loading=\"lazy\" width=\"490\" height=\"276\" src=\"https:\/\/www.youtube.com\/embed\/wHLRO3hBqLo\" frameborder=\"0\" allow=\"accelerometer; autoplay; encrypted-media; gyroscope; picture-in-picture\" allowfullscreen><\/iframe><\/p>\n<p>&nbsp;<\/p>\n<p><h2>Le M\u00e9pris 4, avec un Macron plus en forme que jamais<\/h2>\n<p><iframe loading=\"lazy\" width=\"490\" height=\"276\" src=\"https:\/\/www.youtube.com\/embed\/CjlXay1T5iI\" frameborder=\"0\" allow=\"accelerometer; autoplay; encrypted-media; gyroscope; picture-in-picture\" allowfullscreen><\/iframe><\/p>\n<p>&nbsp;<\/p>\n<p><h2>Emmanuel Macron, plus fort que jamais, dans &#8220;Le M\u00e9pris 3&#8221;<\/h2>\n<p><iframe loading=\"lazy\" width=\"490\" height=\"276\" src=\"https:\/\/www.youtube.com\/embed\/7fsK6G8h-rk\" frameborder=\"0\" allow=\"accelerometer; autoplay; encrypted-media; gyroscope; picture-in-picture\" allowfullscreen><\/iframe><\/p>\n<p>&nbsp;<\/p>\n<p><h2>Emmanuel Macron est de retour dans &#8220;Le M\u00e9pris 2&#8221;<\/h2>\n<p><iframe loading=\"lazy\" width=\"490\" height=\"276\" src=\"https:\/\/www.youtube.com\/embed\/S-J8Vl_t7u8\" frameborder=\"0\" allow=\"accelerometer; autoplay; encrypted-media; gyroscope; picture-in-picture\" allowfullscreen><\/iframe><\/p>\n<p>&nbsp;<\/p>\n<p><h2>Emmanuel Macron dans &#8220;Le M\u00e9pris 1&#8221;<\/h2>\n<p><iframe loading=\"lazy\" width=\"490\" height=\"276\" src=\"https:\/\/www.youtube.com\/embed\/IS1XtHcBOW8\" frameborder=\"0\" allow=\"accelerometer; autoplay; encrypted-media; gyroscope; picture-in-picture\" allowfullscreen><\/iframe><\/p>\n<p>&nbsp;<\/p>\n<p>\n<a href=\"https:\/\/wp.muchomaas.com\/auteur\/loic-le-clerc\"><strong>Lo\u00efc Le Clerc<\/strong><\/a><\/p>\n","protected":false},"excerpt":{"rendered":"<p>Aux fain\u00e9ants, aux cyniques, \u00e0 ceux qui foutent le bordel, \u00e0 ceux qui ne travaillent pas assez pour se payer un costard, aux illettr\u00e9s, \u00e0 ceux qui r\u00e2lent tout le temps pour tout, \u00e0 ceux qui supportent mal la chaleur et la fatigue, aux Gaulois r\u00e9fractaires, aux foules haineuses, \u00e0 ceux qui n&#8217;ont pas le sens de l&#8217;effort, \u00e0 ceux qui d\u00e9connent, \u00e0 ceux qui ne sont rien : ces vid\u00e9os, floril\u00e8ges d&#8217;Emmanuel Macron.<\/p>\n","protected":false},"author":1203,"featured_media":0,"comment_status":"open","ping_status":"open","sticky":false,"template":"","format":"standard","meta":{"_themeisle_gutenberg_block_has_review":false,"footnotes":""},"categories":[279],"tags":[487],"class_list":["post-11993","post","type-post","status-publish","format-standard","hentry","category-videos","tag-emmanuel-macron"],"_links":{"self":[{"href":"https:\/\/archives.regards.fr\/index.php?rest_route=\/wp\/v2\/posts\/11993","targetHints":{"allow":["GET"]}}],"collection":[{"href":"https:\/\/archives.regards.fr\/index.php?rest_route=\/wp\/v2\/posts"}],"about":[{"href":"https:\/\/archives.regards.fr\/index.php?rest_route=\/wp\/v2\/types\/post"}],"author":[{"embeddable":true,"href":"https:\/\/archives.regards.fr\/index.php?rest_route=\/wp\/v2\/users\/1203"}],"replies":[{"embeddable":true,"href":"https:\/\/archives.regards.fr\/index.php?rest_route=%2Fwp%2Fv2%2Fcomments&post=11993"}],"version-history":[{"count":0,"href":"https:\/\/archives.regards.fr\/index.php?rest_route=\/wp\/v2\/posts\/11993\/revisions"}],"wp:attachment":[{"href":"https:\/\/archives.regards.fr\/index.php?rest_route=%2Fwp%2Fv2%2Fmedia&parent=11993"}],"wp:term":[{"taxonomy":"category","embeddable":true,"href":"https:\/\/archives.regards.fr\/index.php?rest_route=%2Fwp%2Fv2%2Fcategories&post=11993"},{"taxonomy":"post_tag","embeddable":true,"href":"https:\/\/archives.regards.fr\/index.php?rest_route=%2Fwp%2Fv2%2Ftags&post=11993"}],"curies":[{"name":"wp","href":"https:\/\/api.w.org\/{rel}","templated":true}]}}