{"id":11974,"date":"2020-01-13T09:06:19","date_gmt":"2020-01-13T08:06:19","guid":{"rendered":"https:\/\/wp.muchomaas.com\/article-edito-age-pipeau-et-des-pipes\/"},"modified":"2023-06-23T23:48:14","modified_gmt":"2023-06-23T21:48:14","slug":"article-edito-age-pipeau-et-des-pipes","status":"publish","type":"post","link":"https:\/\/archives.regards.fr\/?p=11974","title":{"rendered":"\u00c9DITO.  \u00c2ge pipeau et d\u00e9s pip\u00e9s"},"content":{"rendered":"<p class=\"post_excerpt\">Vous en connaissez, vous, des gens qui sont sinc\u00e8rement satisfaits du projet de loi sur la r\u00e9forme des retraites et de sa gestion par le gouvernement ?<\/p>\n<p>Si je me mets dans la peau d\u2019un \u00e9lecteur LREM, je pourrais me dire qu\u2019avoir attendu pr\u00e8s de 40 jours pour faire croire \u00e0 recul sur cette histoire d\u2019\u00e2ge pivot n\u2019\u00e9tait peut-\u00eatre pas la bonne m\u00e9thode. Que mon camp y aura perdu des plumes. Si je prends les habits d\u2019un \u00e9lecteur de droite, je d\u00e9noncerais volontiers la marche arri\u00e8re du gouvernement qui a vid\u00e9 de son contenu la r\u00e9forme : <em>\u00ab Il n\u2019y a plus de r\u00e9forme des retraites \u00bb<\/em>, a m\u00eame l\u00e2ch\u00e9 le pr\u00e9sident du S\u00e9nat, G\u00e9rard Larcher. Si je m\u2019infiltrais parmi les \u00e9lecteurs du Rassemblement national, j\u2019y verrai sans doute des visages souriant l\u2019air de dire : \u00ab \u00c0 la fin, c\u2019est nous qu\u2019on va gagner \u00bb. Enfin, si je me mets dans la peau d\u2019un \u00e9lecteur de gauche, j\u2019ai de quoi ne pas \u00eatre content et je poursuivrais la mobilisation, voire la radicaliserais, jusqu\u2019au retrait du texte. Bref, sur l\u2019ensemble de l\u2019\u00e9chiquier politique, personne n\u2019est satisfait \u2013 loin s\u2019en faut \u2013 du fond comme de la forme de cette r\u00e9forme.<\/p>\n<p>&nbsp;<\/p>\n<p>\n<strong>LIRE AUSSI SUR REGARDS.FR<br \/>\n>><\/strong> <em><a href=\"https:\/\/wp.muchomaas.com\/politique\/article\/emmanuel-macron-cramponne-a-droite-toute\">Emmanuel Macron, cramponn\u00e9 \u00e0 droite toute<\/a><\/em><\/p>\n<p>&nbsp;<\/p>\n<p>Rien ne va dans cette r\u00e9forme. Les d\u00e9s sont pip\u00e9s depuis le d\u00e9part. On nous rab\u00e2che qu\u2019il y a eu plusieurs centaines de r\u00e9unions depuis deux ans. Pas une seule de ces r\u00e9unions n\u2019\u00e9tait une r\u00e9union de n\u00e9gociation. Ensuite il aura fallu pr\u00e8s de 40 jours de mobilisation et de gr\u00e8ves pour que le gouvernement annonce un faux recul \u2013 suffisamment faux pour que Laurent Berger le trouve extraordinaire. Depuis le d\u00e9part, cette histoire d\u2019\u00e2ge pivot est une mascarade. D\u00e9j\u00e0 avec la loi Touraine, l\u2019\u00e2ge l\u00e9gal de d\u00e9part \u00e0 la retraite est report\u00e9 \u00e0 64 ans d\u2019ici 2027. Par ailleurs, le retrait de cet \u00e2ge pivot n\u2019est que provisoire \u2013 pour sans doute mieux le remettre apr\u00e8s. Pis, ce caract\u00e8re provisoire ne concerne en r\u00e9alit\u00e9 que ceux qui partent \u00e0 la retraite entre 2022 et 2027. D\u00e8s 2027, l\u2019\u00e2ge pivot sera g\u00e9n\u00e9ralis\u00e9. Esbroufe !<\/p>\n<p>Emmanuel Macron voulait du \u00ab ni droite, ni gauche \u00bb pour rassembler la droite et la gauche. Au final, avec cette r\u00e9forme, il m\u00e9contente tout le monde. \u00c0 part peut-\u00eatre le Medef et Laurent Berger. Et je dis bien Laurent Berger, pas la CFDT. Pourtant, le pr\u00e9sident de la R\u00e9publique semble obs\u00e9d\u00e9 \u00e0 l\u2019id\u00e9e de bousculer et d\u2019aspirer l\u2019ensemble du champ politique. Comme l\u2019analyse tr\u00e8s justement Eric Piolle, maire \u00e9cologiste de Grenoble, dans une vid\u00e9o : <em>\u00ab La premi\u00e8re OPA de Macron a \u00e9t\u00e9 sur tous les gens qui \u00e9taient de gauche mais qui n\u2019avaient plus aucune volont\u00e9 de transformer le syst\u00e8me [&#8230;] puis il a fait l\u2019OPA sur la droite \u00bb<\/em>. Et d\u2019ajouter : <em>\u00ab Apr\u00e8s, il tentera de faire une OPA sur les \u00e9colos \u00bb<\/em>.<\/p>\n<blockquote class=\"twitter-tweet\">\n<p lang=\"fr\" dir=\"ltr\">&#128308; Les 3 OPA de <a href=\"https:\/\/twitter.com\/hashtag\/Macron?src=hash&amp;ref_src=twsrc%5Etfw\">#Macron<\/a> : hier sur la gauche puis sur la droite. Demain sur les \u00e9colos ? <a href=\"https:\/\/t.co\/9IcyTG18zx\">pic.twitter.com\/9IcyTG18zx<\/a><\/p>\n<p>&mdash; \u00c9ric Piolle (@EricPiolle) <a href=\"https:\/\/twitter.com\/EricPiolle\/status\/1215985016812994560?ref_src=twsrc%5Etfw\">January 11, 2020<\/a><\/p><\/blockquote>\n<p> <script async src=\"https:\/\/platform.twitter.com\/widgets.js\" charset=\"utf-8\"><\/script><\/p>\n<p>Et \u00e0 la fin, il ne reste que Marine Le Pen. L\u2019objectif pour le pr\u00e9sident, d\u2019ici \u00e0 2022, est d\u2019emp\u00eacher toute alternative politique de s\u2019imposer. La mont\u00e9e en puissance des \u00e9cologistes dans de nombreuses municipalit\u00e9s, sondages \u00e0 l\u2019appui, semble inqui\u00e9ter l\u2019actuelle majorit\u00e9.<\/p>\n<h2>Macronisme \u00e0 haut risque<\/h2>\n<p>Et ce week-end, Emmanuel Macron n\u2019a pas fait les choses \u00e0 moiti\u00e9. En participant \u00e0 la conf\u00e9rence citoyenne pour le climat, le pr\u00e9sident de la R\u00e9publique a tent\u00e9 de se donner une cr\u00e9dibilit\u00e9 \u00e9cologiste. Nul doute que le signal de cette pr\u00e9sence valait moins pour les 150 citoyens tir\u00e9s au sort de la conf\u00e9rence climat que pour les \u00e9lecteurs des \u00e9cologistes. \u00c0 quelques semaines des \u00e9lections municipales, il ne faudrait surtout pas se g\u00eaner. Et l\u2019annonce d\u2019un possible r\u00e9f\u00e9rendum sur les propositions de la conf\u00e9rence citoyenne devrait permettre d\u2019offrir au pr\u00e9sident sortant, un calendrier parfait. Comme le dit Eric Piolle : <em>\u00ab En balan\u00e7ant un petit r\u00e9f\u00e9rendum \u00e0 l\u2019issue de la conf\u00e9rence sur le climat qu\u2019il va laisser tra\u00eener un peu pour que \u00e7a sorte en 2021 et que \u00e7a lui fasse un grand tremplin \u00e9colo jusqu\u2019\u00e0 la pr\u00e9sidentielle \u00bb<\/em>. Et de conclure : <em>\u00ab Mais c\u2019est une logique de business \u00bb<\/em>.<\/p>\n<p>Une logique de business qui prend des allures de jeu \u00e0 haut risque. Ce week-end, Marine Le Pen lan\u00e7ait la campagne du rassemblement national dans le tr\u00e8s chic 6\u00e8me arrondissement. Elle jubile. Quasi-triomphante m\u00eame si, \u00e0 l\u2019instar d\u2019En Marche, le RN n\u2019est pas tr\u00e8s pr\u00e9sent ni v\u00e9ritablement install\u00e9 dans les communes. Mais comme je l\u2019indiquais <a href=\"https:\/\/wp.muchomaas.com\/politique\/article\/l-extreme-droite-peaufine-sa-rentree-et\">dans un pr\u00e9c\u00e9dent \u00e9ditorial<\/a>, plusieurs discrets sondages donnent le RN en bonne position dans pr\u00e8s de 150 villes de France, dont des villes de plus de 100.000 habitants, \u00e0 l\u2019instar de Perpignan qui pourrait tomber dans l\u2019escarcelle de l\u2019extr\u00eame droite, \u00e0 la faveur d\u2019une quadrangulaire \u2013 comme \u00e7a risque d\u2019\u00eatre le cas dans de tr\u00e8s nombreuses communes. Marine Le Pen a pr\u00e9venu : elle veut \u00eatre l\u2019alternative \u00e0 Emmanuel Macron. Et pour elle, avant la conqu\u00eate \u2013 qui devient de plus en plus probable ou possible \u2013 \u00e7a commence par l\u2019ancrage local.<\/p>\n<p>&nbsp;<\/p>\n<p>\n<a href=\"https:\/\/wp.muchomaas.com\/auteur\/pierre-jacquemain\"><strong>Pierre Jacquemain<\/strong><\/a><div id='gallery-1' class='gallery galleryid-11974 gallery-columns-3 gallery-size-thumbnail'><figure class='gallery-item'>\n\t\t\t<div class='gallery-icon landscape'>\n\t\t\t\t<a href='https:\/\/archives.regards.fr\/wp-content\/uploads\/2020\/01\/befunky-collage-169-36f-scaled.jpg'><img loading=\"lazy\" decoding=\"async\" width=\"150\" height=\"150\" src=\"https:\/\/archives.regards.fr\/wp-content\/uploads\/2020\/01\/befunky-collage-169-36f-150x150.jpg\" class=\"attachment-thumbnail size-thumbnail\" alt=\"befunky-collage-169.jpg\" \/><\/a>\n\t\t\t<\/div><\/figure>\n\t\t<\/div>\n<\/p>\n","protected":false},"excerpt":{"rendered":"<p>Vous en connaissez, vous, des gens qui sont sinc\u00e8rement satisfaits du projet de loi sur la r\u00e9forme des retraites et de sa gestion par le gouvernement ?<\/p>\n","protected":false},"author":1039,"featured_media":28545,"comment_status":"open","ping_status":"open","sticky":false,"template":"","format":"standard","meta":{"_themeisle_gutenberg_block_has_review":false,"footnotes":""},"categories":[6],"tags":[328,308],"class_list":["post-11974","post","type-post","status-publish","format-standard","has-post-thumbnail","hentry","category-actu","tag-editorial","tag-retraite"],"_links":{"self":[{"href":"https:\/\/archives.regards.fr\/index.php?rest_route=\/wp\/v2\/posts\/11974","targetHints":{"allow":["GET"]}}],"collection":[{"href":"https:\/\/archives.regards.fr\/index.php?rest_route=\/wp\/v2\/posts"}],"about":[{"href":"https:\/\/archives.regards.fr\/index.php?rest_route=\/wp\/v2\/types\/post"}],"author":[{"embeddable":true,"href":"https:\/\/archives.regards.fr\/index.php?rest_route=\/wp\/v2\/users\/1039"}],"replies":[{"embeddable":true,"href":"https:\/\/archives.regards.fr\/index.php?rest_route=%2Fwp%2Fv2%2Fcomments&post=11974"}],"version-history":[{"count":0,"href":"https:\/\/archives.regards.fr\/index.php?rest_route=\/wp\/v2\/posts\/11974\/revisions"}],"wp:featuredmedia":[{"embeddable":true,"href":"https:\/\/archives.regards.fr\/index.php?rest_route=\/wp\/v2\/media\/28545"}],"wp:attachment":[{"href":"https:\/\/archives.regards.fr\/index.php?rest_route=%2Fwp%2Fv2%2Fmedia&parent=11974"}],"wp:term":[{"taxonomy":"category","embeddable":true,"href":"https:\/\/archives.regards.fr\/index.php?rest_route=%2Fwp%2Fv2%2Fcategories&post=11974"},{"taxonomy":"post_tag","embeddable":true,"href":"https:\/\/archives.regards.fr\/index.php?rest_route=%2Fwp%2Fv2%2Ftags&post=11974"}],"curies":[{"name":"wp","href":"https:\/\/api.w.org\/{rel}","templated":true}]}}