{"id":11973,"date":"2020-01-11T19:46:24","date_gmt":"2020-01-11T18:46:24","guid":{"rendered":"https:\/\/wp.muchomaas.com\/article-emmanuel-macron-cramponne-a-droite-toute\/"},"modified":"2020-01-11T19:46:24","modified_gmt":"2020-01-11T18:46:24","slug":"article-emmanuel-macron-cramponne-a-droite-toute","status":"publish","type":"post","link":"https:\/\/archives.regards.fr\/?p=11973","title":{"rendered":"Emmanuel Macron, cramponn\u00e9 \u00e0 droite toute"},"content":{"rendered":"<p class=\"post_excerpt\">Le Pr\u00e9sident ne va rien l\u00e2cher, 2022 d\u00e9j\u00e0 en t\u00eate, pariant sur un <em>remake<\/em> de 2017. Devant ce pari dangereux, l\u2019irruption d\u2019une issue progressiste se pose avec une acuit\u00e9 et une urgence redoubl\u00e9e. L\u2019heure est gr\u00e8ve, <em>avanti popolo<\/em> !<\/p>\n<p>Emmanuel Macron a tranch\u00e9. Le bulldozer de la \u00ab r\u00e9forme \u00bb des retraites ne saurait s\u2019arr\u00eater, les aspirations populaires doivent \u00eatre \u00e9cras\u00e9es. Le Pr\u00e9sident et le gouvernement ne c\u00e9deront pas aux col\u00e8res populaires, ils ne bougeront pas devant le d\u00e9saveu d\u2019une majorit\u00e9 de Fran\u00e7ais ent\u00eat\u00e9e depuis plusieurs mois \u00e0 rejeter son projet sur les retraites. La dur\u00e9e et l\u2019ampleur in\u00e9dites de la mobilisation sociale auraient d\u00fb inqui\u00e9ter et faire bouger les lignes au sommet de l\u2019\u00c9tat. Que nenni.<\/p>\n<p>&nbsp;<\/p>\n<p>\n<strong>LIRE AUSSI SUR REGARDS.FR<br \/>\n>><\/strong> <em><a href=\"https:\/\/wp.muchomaas.com\/societe\/article\/ce-ne-sont-pas-des-bavures-c-est-une-doctrine\">Ce ne sont pas des bavures, c\u2019est une doctrine<\/a><\/em><\/p>\n<p>&nbsp;<\/p>\n<p>M\u00eame les efforts de la CFDT \u00e0 chercher une \u00e9ventuelle porte de sortie avec le retrait de l\u2019\u00e2ge pivot n\u2019ont pas \u00e9branl\u00e9 la raideur au sommet. Le gouvernement avance sans sourciller. Il a bel et bien d\u00e9pos\u00e9 devant le Conseil d\u2019\u00c9tat son projet, intact dans ses grandes lignes de force si contest\u00e9es, et annonc\u00e9 un calendrier d\u2019adoption. Que les gr\u00e9vistes tiennent t\u00eate apr\u00e8s plus d\u2019un mois de gr\u00e8ve, que les manifestations soient toujours massives ne modifie pas leur position de fond. Ce choix est, pour une part, sid\u00e9rant. Comment un pouvoir en place dans un r\u00e9gime d\u00e9mocratique peut-il \u00e0 ce point s\u2019asseoir sur une telle lame de fond de contestation ?<\/p>\n<p>Cet ent\u00eatement est \u00e9videmment empreint de cynisme. La fameuse strat\u00e9gie du \u00ab pourrissement \u00bb repose sur l\u2019espoir d\u2019une usure li\u00e9e \u00e0 la dure r\u00e9alit\u00e9 sociale : les cat\u00e9gories populaires en gr\u00e8ve, en particulier les cheminots et les salari\u00e9s de la RATP en pointe dans ce mouvement, ne peuvent pas tenir ind\u00e9finiment parce qu\u2019il faut payer le loyer, se nourrir, ne pas sombrer financi\u00e8rement. Les caisses de gr\u00e8ve viennent \u00e0 leur secours mais elles ne sont pas un puits sans fond, ce ne sont pas les hyper-riches qui vont les remplir. \u00c0 pr\u00e8s de quarante jours non-pay\u00e9s pour les gr\u00e9vistes les plus actifs, \u00e9videmment que l\u2019on commence \u00e0 tirer la langue. La Macronie estime que certains ayant d\u00e9j\u00e0 d\u00e9croch\u00e9, d\u2019autres suivront par n\u00e9cessit\u00e9.<\/p>\n<p>Et qu\u2019importe que les premiers \u00e0 l\u00e2cher cessent la gr\u00e8ve sans changer d\u2019avis et en conservant un go\u00fbt furieusement amer \u00e0 l\u2019\u00e9gard d\u2019un gouvernement qui n\u2019entend rien. Qu\u2019importe visiblement aussi qu\u2019il affronte une d\u00e9termination impressionnante dans le pays, rarement atteinte dans les derni\u00e8res d\u00e9cennies. Le pouvoir en place se croit vainqueur. Ce n\u2019est pas seulement le dogmatisme et le cynisme qui le poussent \u00e0 avancer droit dans ses bottes. C\u2019est aussi un calcul politique de court terme.<\/p>\n<blockquote><p>Siphonner la droite, voil\u00e0 le cr\u00e9do prometteur. Emmanuel Macron a conscience d\u2019avoir perdu sa jambe gauche. Le \u00ab et de droite, et de gauche \u00bb s\u2019est mu\u00e9 en deux ans en \u00ab \u00e0 droite toute \u00bb.<\/p><\/blockquote>\n<p>Les yeux riv\u00e9s sur la pr\u00e9sidentielle de 2022, Emmanuel Macron chercher \u00e0 rejouer le sc\u00e9nario de 2017. L\u2019enjeu majeur serait d\u2019acc\u00e9der au second tour en s\u2019assurant un score sup\u00e9rieur \u00e0 20% et en esp\u00e9rant se trouver face au RN qui serait balay\u00e9 car une majorit\u00e9 de Fran\u00e7ais n\u2019est pas m\u00fbre pour donner les cl\u00e9s du pays \u00e0 l\u2019extr\u00eame droite. Ce qui change par rapport \u00e0 2017, se dit-on sans doute au sommet de l\u2019\u00c9tat, c\u2019est la base sociale \u00e0 partir de laquelle le ticket d\u2019entr\u00e9e au second tour peut \u00eatre obtenu. Siphonner la droite, voil\u00e0 le cr\u00e9do prometteur. Emmanuel Macron a conscience d\u2019avoir perdu sa jambe gauche. Le \u00ab et de droite, et de gauche \u00bb s\u2019est mu\u00e9 en deux ans en \u00ab \u00e0 droite toute \u00bb.<\/p>\n<p>De cadeaux aux plus riches en politique ultra-r\u00e9pressive vis-\u00e0-vis des migrants, de propos m\u00e9prisants \u00e0 l\u2019\u00e9gard du monde populaire en impunit\u00e9 vis-\u00e0-vis des violences polici\u00e8res, les distances prises avec le c\u0153ur des principes associ\u00e9s \u00e0 la gauche ont \u00e9t\u00e9 franches. Les enqu\u00eates d\u2019opinion confirment aujourd\u2019hui l\u2019effet produit. Parmi ses soutiens, Emmanuel Macron a remplac\u00e9 les \u00e9lecteurs de gauche par une partie de ceux de la droite qui l\u2019appr\u00e9cient de plus en plus \u2013 40% lui font confiance en janvier, +10%. L\u2019\u00e9tat de la droite classique, bien mal en point, ne permet plus de disputer s\u00e9rieusement cette ascension de la Macronie dans son \u00e9lectorat.<\/p>\n<p>Emmanuel Macron et \u00c9douard Philippe enfourchent donc le pas et c\u2019est pourquoi ils ne cherchent aucun compromis avec les syndicats, aucune inflexion vis-\u00e0-vis des critiques fermes et r\u00e9p\u00e9t\u00e9es venant des tr\u00e9fonds la soci\u00e9t\u00e9. Alors qu\u2019une grande mobilisation \u00e9maille encore la journ\u00e9e du samedi 12 janvier, l\u2019annonce embrouill\u00e9e du Premier ministre sur le report de l\u2019entr\u00e9e en vigueur de l\u2019\u00e2ge pivot \u00e0 64 ans, qui ne vaudra que pour celles et ceux partant \u00e0 la retraite apr\u00e8s 2027, ressemble \u00e0 une diversion et ne change \u00e9videmment en rien la substance de la contre-r\u00e9forme.<\/p>\n<blockquote><p>Oui, Emmanuel Macron pourrait \u00eatre balay\u00e9.<\/p><\/blockquote>\n<p>Ce choix conscient est \u00e9minemment dangereux. Il l\u2019est d\u2019abord pour le pays. Croire que Marine Le Pen ne peut en tirer b\u00e9n\u00e9fice est un pari d\u2019une audace curieuse. Le divorce total de la Macronie avec la partie mod\u00e9r\u00e9e de l\u2019\u00e9lectorat de gauche peut se traduire par un refus de ces \u00e9lecteurs d\u2019arbitrer un \u00e9ventuel second tour face \u00e0 Marine Le Pen. Dans une hypoth\u00e8se d\u2019un duel Macron-Le Pen en 2022, les cartes ne seront pas les m\u00eames qu\u2019en 2017. Et je pense \u00e0 cet instant encore au remarquable <a href=\"https:\/\/wp.muchomaas.com\/la-midinale\/article\/michael-foessel-faire-naitre-le-desir-de-gauche-c-est-quitter-notre-position\">ouvrage sur 1938 de Micka\u00ebl Foessel, <em>R\u00e9cidives<\/em><\/a>, o\u00f9 l\u2019on voit combien la politique de Daladier, autoritaire vis-\u00e0-vis des gr\u00e8ves et manifestations, aust\u00e8re dans ses choix budg\u00e9taires et augurant une forme de n\u00e9olib\u00e9ralisme (le terme appara\u00eet \u00e0 cette \u00e9poque), a pr\u00e9par\u00e9 le terrain du fascisme alors qu\u2019il se pr\u00e9tendait en \u00eatre un rempart.<\/p>\n<p>Si le choix d&#8217;Emmanuel Macron est dangereux, c\u2019est aussi pour lui-m\u00eame. Il pourrait \u00eatre balay\u00e9, <a href=\"https:\/\/wp.muchomaas.com\/la-midinale\/article\/catherine-tricot-il-peut-arriver-la-meme-chose-a-macron-qu-a-hollande-en-2017\">comme le fut Fran\u00e7ois Hollande, ne pouvant m\u00eame pas se repr\u00e9senter<\/a> \u00e0 force de mener une politique et de tenir des propos qui heurtent des franges toujours plus grandes de l\u2019\u00e9lectorat. La victoire d&#8217;Emmanuel Macron, s\u2019il passe en force en imposant \u00e0 la faveur d\u2019une majorit\u00e9 purement parlementaire son projet sur les retraites, ne peut \u00eatre qu\u2019\u00e0 la Pyrrhus. Elle laisserait des traces consid\u00e9rables dans les profondeurs de la soci\u00e9t\u00e9, de la col\u00e8re et du ressentiment en masse. Oui, Emmanuel Macron pourrait \u00eatre balay\u00e9.<\/p>\n<blockquote><p>Avanti popolo !<\/p><\/blockquote>\n<p>L\u2019enjeu de l\u2019irruption d\u2019une issue progressiste aux crises actuelles se pose avec une acuit\u00e9 et une urgence redoubl\u00e9e. Pour l\u2019heure, la faiblesse et l\u2019atomisation relatives de la gauche sociale et \u00e9cologiste ne permet pas d\u2019ouvrir une perspective. Mais le mouvement donne du grain \u00e0 moudre. La justice sociale et l\u2019\u00e9galit\u00e9 sont au c\u0153ur des revendications. L\u2019ambition \u00e9cologiste qui contribue \u00e0 rebattre les cartes de l\u2019alternative pour repenser le sens du travail et \u00e0 faire soci\u00e9t\u00e9 progresse dans les t\u00eates mobilis\u00e9es. Il y a donc une acc\u00e9l\u00e9ration des potentialit\u00e9s du c\u00f4t\u00e9 de l\u2019\u00e9mancipation humaine. De ce c\u00f4t\u00e9-l\u00e0, il est possible de d\u00e9jouer les sc\u00e9narios effrayants dont on nous rab\u00e2che les oreilles, comme si le duel Macron-Le Pen \u00e9tait in\u00e9luctable. Or des millions de Fran\u00e7ais ne veulent ni de l\u2019un, ni de l\u2019autre, et cherchent, agissent, inventent progressivement les coordonn\u00e9es d\u2019une solution \u00e9mancipatrice.<\/p>\n<p>C\u2019est pourquoi l\u2019heure est grave et l\u2019heure est gr\u00e8ve. Et l\u2019espoir est permis. L\u2019espoir que le nombre vienne percuter les r\u00eaves de domination du pouvoir en place en imposant une d\u00e9faite au gouvernement sur les retraites. L\u2019espoir qu\u2019un r\u00e9agencement du champ politique dans la gauche \u00e9cologiste s\u2019op\u00e8re pour d\u00e9jouer le pire et offrir un horizon tangible de victoire. Chaque minute pass\u00e9e au c\u00f4t\u00e9 des gr\u00e9vistes, dans les manifestations, \u00e0 \u00e9couter les mots et les slogans de la r\u00e9volte donnent l\u2019\u00e9nergie pour bousculer les routines. La conscience que nous devons nous y mettre massivement, en d\u00e9ployant toutes les convergences possibles pour faire \u00e9chouer les petits calculs funestes de la Macronie, doit prendre le dessus. <em>Avanti popolo !<\/em><\/p>\n<p>&nbsp;<\/p>\n<p>\n<a href=\"https:\/\/wp.muchomaas.com\/auteur\/clementine-autain\"><strong>Cl\u00e9mentine Autain<\/strong><\/a><\/p>\n","protected":false},"excerpt":{"rendered":"<p>Le Pr\u00e9sident ne va rien l\u00e2cher, 2022 d\u00e9j\u00e0 en t\u00eate, pariant sur un <em>remake<\/em> de 2017. Devant ce pari dangereux, l\u2019irruption d\u2019une issue progressiste se pose avec une acuit\u00e9 et une urgence redoubl\u00e9e. L\u2019heure est gr\u00e8ve, <em>avanti popolo<\/em> !<\/p>\n","protected":false},"author":570,"featured_media":0,"comment_status":"open","ping_status":"open","sticky":false,"template":"","format":"standard","meta":{"_themeisle_gutenberg_block_has_review":false,"footnotes":""},"categories":[6],"tags":[487],"class_list":["post-11973","post","type-post","status-publish","format-standard","hentry","category-actu","tag-emmanuel-macron"],"_links":{"self":[{"href":"https:\/\/archives.regards.fr\/index.php?rest_route=\/wp\/v2\/posts\/11973","targetHints":{"allow":["GET"]}}],"collection":[{"href":"https:\/\/archives.regards.fr\/index.php?rest_route=\/wp\/v2\/posts"}],"about":[{"href":"https:\/\/archives.regards.fr\/index.php?rest_route=\/wp\/v2\/types\/post"}],"author":[{"embeddable":true,"href":"https:\/\/archives.regards.fr\/index.php?rest_route=\/wp\/v2\/users\/570"}],"replies":[{"embeddable":true,"href":"https:\/\/archives.regards.fr\/index.php?rest_route=%2Fwp%2Fv2%2Fcomments&post=11973"}],"version-history":[{"count":0,"href":"https:\/\/archives.regards.fr\/index.php?rest_route=\/wp\/v2\/posts\/11973\/revisions"}],"wp:attachment":[{"href":"https:\/\/archives.regards.fr\/index.php?rest_route=%2Fwp%2Fv2%2Fmedia&parent=11973"}],"wp:term":[{"taxonomy":"category","embeddable":true,"href":"https:\/\/archives.regards.fr\/index.php?rest_route=%2Fwp%2Fv2%2Fcategories&post=11973"},{"taxonomy":"post_tag","embeddable":true,"href":"https:\/\/archives.regards.fr\/index.php?rest_route=%2Fwp%2Fv2%2Ftags&post=11973"}],"curies":[{"name":"wp","href":"https:\/\/api.w.org\/{rel}","templated":true}]}}