{"id":11948,"date":"2019-12-17T13:48:36","date_gmt":"2019-12-17T12:48:36","guid":{"rendered":"https:\/\/wp.muchomaas.com\/article-murielle-guilbert-la-reforme-des-retraites-menace-l-independance-economique-des\/"},"modified":"2023-06-23T23:47:28","modified_gmt":"2023-06-23T21:47:28","slug":"article-murielle-guilbert-la-reforme-des-retraites-menace-l-independance-economique-des","status":"publish","type":"post","link":"https:\/\/archives.regards.fr\/?p=11948","title":{"rendered":"Murielle Guilbert : \u00ab La r\u00e9forme des retraites menace l\u2019ind\u00e9pendance \u00e9conomique des femmes \u00bb"},"content":{"rendered":"<p class=\"post_excerpt\">Hier \u00e0 Paris avait lieu un meeting d\u2019organisations f\u00e9ministes pour d\u00e9monter le mensonge du gouvernement sur les femmes <em>\u00ab grandes gagnantes \u00bb<\/em> de la r\u00e9forme des retraites. Murielle Guilbert, secr\u00e9taire nationale de l\u2019Union syndicale Solidaires, est l\u2019invit\u00e9e de #LaMidinale.<\/p>\n<h2>UNE MIDINALE \u00c0 VOIR&#8230;<\/h2>\n<p><iframe loading=\"lazy\" width=\"490\" height=\"276\" src=\"https:\/\/www.youtube.com\/embed\/WiK06NFf400\" frameborder=\"0\" allow=\"accelerometer; autoplay; encrypted-media; gyroscope; picture-in-picture\" allowfullscreen><\/iframe><\/p>\n<p>&nbsp;<\/p>\n<p><h2>\u00c0 \u00c9COUTER&#8230;<\/h2>\n<p><strong>>><\/strong> <em><a href=\"https:\/\/open.spotify.com\/episode\/0YtFXkfJciDJQHpbUAeqf1\">sur Spotify<\/a><\/em><br \/>\n<strong>>><\/strong> <em><a href=\"https:\/\/podcasts.apple.com\/fr\/podcast\/murielle-guilbert-la-r%C3%A9forme-des-retraites-menace-lind%C3%A9pendance\/id1479697573?i=1000459858940\">sur Apple<\/a><\/em><\/p>\n<p>&nbsp;<\/p>\n<p><h2>ET \u00c0 LIRE&#8230;<\/h2>\n<p><em>\u00a0<strong>Sur les femmes \u00ab grands gagnantes \u00bb de la r\u00e9forme des retraites<\/em>\u00a0<\/strong><br \/>\n\u00ab L\u2019enjeu du meeting, c\u2019\u00e9tait de d\u00e9montrer \u00e0 quel point les femmes allaient \u00eatre les grandes perdantes de la r\u00e9forme. \u00bb<br \/>\n\u00ab Les femmes seront les grandes perdantes de cette r\u00e9forme \u00e0 points. \u00bb<br \/>\n\u00ab Le meeting \u00e0 la Maison des M\u00e9tallos a \u00e9t\u00e9 un tr\u00e8s grand succ\u00e8s. \u00bb<br \/>\n\u00ab La th\u00e9matique des femmes perdantes va monter dans les prochains jours et va contribuer \u00e0 mobiliser davantage. \u00bb<\/p>\n<p><em>\u00a0<strong>Sur les mesures de la r\u00e9forme pour les femmes<\/em>\u00a0<\/strong><br \/>\n\u00ab Edouard Philippe s\u2019appuie sur quelques mesurettes mais il oublie de dire, qu\u2019en r\u00e9alit\u00e9, on repart \u00e0 z\u00e9ro. \u00bb<br \/>\n\u00ab L\u2019attribution de la bonification de 5% par enfant est \u00e0 discuter au sein du couple. Si c\u2019est le monsieur qui gagne le plus &#8211; ce qui est souvent plus le cas dans un syst\u00e8me patriarcal -, la bonification va lui revenir presque automatiquement. \u00bb<br \/>\n\u00ab L\u2019ind\u00e9pendance \u00e9conomique des femmes risque d\u2019\u00eatre menac\u00e9e. \u00bb<\/p>\n<p><em>\u00a0<strong>Sur le syst\u00e8me actuel<\/em>\u00a0<\/strong><br \/>\n\u00ab Le syst\u00e8me actuel est encore imparfait : on est encore \u00e0 42% de diff\u00e9rence de pension entre les femmes et les hommes. \u00bb<br \/>\n\u00ab Ce que l\u2019on revendique, ce n\u2019est pas juste de revenir au syst\u00e8me ant\u00e9rieur ou de retirer le syst\u00e8me \u00e0 points, mais d\u2019avoir de vraies n\u00e9gociations sur les in\u00e9galit\u00e9s salariales en amont. \u00bb<br \/>\n\u00ab Il faut revoir tout ce qui est m\u00e9canisme de prise de cong\u00e9 parental. C\u2019est encore majoritairement les femmes qui s\u2019occupent des enfants ou des parents malades. \u00bb<br \/>\n\u00ab Il n\u2019y a toujours pas de partage \u00e9gal des t\u00e2ches domestiques entre les femmes et les hommes. \u00bb<\/p>\n<p><em>\u00a0<strong>Sur le syst\u00e8me par points<\/em>\u00a0<\/strong><br \/>\n\u00ab Les femmes ont des carri\u00e8res heurt\u00e9es et incompl\u00e8tes : aujourd\u2019hui, il y a 40% de femmes qui partent \u00e0 la retraite avec une carri\u00e8re compl\u00e8te. \u00bb<br \/>\n\u00ab Les femmes n\u2019auront jamais assez d\u2019heures travaill\u00e9es pour avoir des points n\u00e9cessaires pour avoir une base d\u2019une retraite d\u00e9cente. \u00bb<br \/>\n\u00ab Le m\u00e9canisme des 1.000\u20ac avait \u00e9t\u00e9 promis en 2003 sans avoir \u00e9t\u00e9 appliqu\u00e9 (\u2026) mais \u00e7a ne vaut que pour les carri\u00e8res compl\u00e8tes. Donc les femmes vont \u00eatre oblig\u00e9es de travailler beaucoup plus. \u00bb<br \/>\n\u00ab Les d\u00e9penses des retraites ne vont pas exc\u00e9der les 14% du PIB (\u2026). Pourtant, le partage du g\u00e2teau va \u00eatre beaucoup plus important. \u00bb<\/p>\n<p><em>\u00a0<strong>Sur la n\u00e9gociations\/concertations entre les syndicats et le gouvernement<\/em>\u00a0<\/strong><br \/>\n\u00ab On a \u00e9t\u00e9 re\u00e7u par le cabinet de Jean-Paul Delevoye. \u00bb<br \/>\n\u00ab Sur les pensions de r\u00e9version, \u00e7a va \u00eatre un couperet pour de nombreuses femmes. \u00bb<br \/>\n\u00ab On laisse sur le c\u00f4t\u00e9 de nombreuses femmes qui ne toucheront plus certaines pensions de reversions. \u00bb<br \/>\n\u00ab Ces mesures sont l\u2019illustration du dialogue social pratiqu\u00e9 par ce gouvernement : on vous \u00e9coute tr\u00e8s partiellement, on d\u00e9forme les choses pour que \u00e7a rentre dans la case budg\u00e9taire. \u00bb<\/p>\n<p><em>\u00a0<strong>Sur la journ\u00e9e de mobilisation<\/em>\u00a0<\/strong><br \/>\n\u00ab Il est important d\u2019avoir une mobilisation la plus massive possible. \u00bb<br \/>\n\u00ab Il faut que les gr\u00e8ves continuent. Et qu\u2019elles soient reconductibles. \u00bb<br \/>\n\u00ab On a voulu inscrire ce mouvement dans la dur\u00e9e. \u00bb<br \/>\n\u00ab Ni les cong\u00e9s, ni les pseudo n\u00e9gociations ne suffiront. \u00bb<br \/>\n\u00ab Le mot d\u2019ordre est clair : c\u2019est le retrait de cette r\u00e9forme. Apr\u00e8s, on pourra n\u00e9gocier sur les \u00e9volutions du syst\u00e8me existant. \u00bb<\/p>\n<h2>ET POUR ALLER PLUS LOIN<\/h2>\n<p><a href=\"https:\/\/laretraite.lol\/grandesgagnantes\/\">https:\/\/laretraite.lol\/grandesgagnantes\/<\/a><div id='gallery-1' class='gallery galleryid-11948 gallery-columns-3 gallery-size-thumbnail'><figure class='gallery-item'>\n\t\t\t<div class='gallery-icon landscape'>\n\t\t\t\t<a href='https:\/\/archives.regards.fr\/wp-content\/uploads\/2019\/12\/capture_d_e_cran_2019-12-17_a_13-0c3.45.51.png'><img loading=\"lazy\" decoding=\"async\" width=\"150\" height=\"150\" src=\"https:\/\/archives.regards.fr\/wp-content\/uploads\/2019\/12\/capture_d_e_cran_2019-12-17_a_13-0c3.45.51-150x150.png\" class=\"attachment-thumbnail size-thumbnail\" alt=\"capture_d_e_cran_2019-12-17_a_13.45.51.png\" \/><\/a>\n\t\t\t<\/div><\/figure>\n\t\t<\/div>\n<\/p>\n","protected":false},"excerpt":{"rendered":"<p>Hier \u00e0 Paris avait lieu un meeting d\u2019organisations f\u00e9ministes pour d\u00e9monter le mensonge du gouvernement sur les femmes <em>\u00ab grandes gagnantes \u00bb<\/em> de la r\u00e9forme des retraites. Murielle Guilbert, secr\u00e9taire nationale de l\u2019Union syndicale Solidaires, est l\u2019invit\u00e9e de #LaMidinale.<\/p>\n","protected":false},"author":1204,"featured_media":28485,"comment_status":"open","ping_status":"open","sticky":false,"template":"","format":"standard","meta":{"_themeisle_gutenberg_block_has_review":false,"footnotes":""},"categories":[238],"tags":[293,306],"class_list":["post-11948","post","type-post","status-publish","format-standard","has-post-thumbnail","hentry","category-la-midinale","tag-entretien","tag-feminisme"],"_links":{"self":[{"href":"https:\/\/archives.regards.fr\/index.php?rest_route=\/wp\/v2\/posts\/11948","targetHints":{"allow":["GET"]}}],"collection":[{"href":"https:\/\/archives.regards.fr\/index.php?rest_route=\/wp\/v2\/posts"}],"about":[{"href":"https:\/\/archives.regards.fr\/index.php?rest_route=\/wp\/v2\/types\/post"}],"author":[{"embeddable":true,"href":"https:\/\/archives.regards.fr\/index.php?rest_route=\/wp\/v2\/users\/1204"}],"replies":[{"embeddable":true,"href":"https:\/\/archives.regards.fr\/index.php?rest_route=%2Fwp%2Fv2%2Fcomments&post=11948"}],"version-history":[{"count":0,"href":"https:\/\/archives.regards.fr\/index.php?rest_route=\/wp\/v2\/posts\/11948\/revisions"}],"wp:featuredmedia":[{"embeddable":true,"href":"https:\/\/archives.regards.fr\/index.php?rest_route=\/wp\/v2\/media\/28485"}],"wp:attachment":[{"href":"https:\/\/archives.regards.fr\/index.php?rest_route=%2Fwp%2Fv2%2Fmedia&parent=11948"}],"wp:term":[{"taxonomy":"category","embeddable":true,"href":"https:\/\/archives.regards.fr\/index.php?rest_route=%2Fwp%2Fv2%2Fcategories&post=11948"},{"taxonomy":"post_tag","embeddable":true,"href":"https:\/\/archives.regards.fr\/index.php?rest_route=%2Fwp%2Fv2%2Ftags&post=11948"}],"curies":[{"name":"wp","href":"https:\/\/api.w.org\/{rel}","templated":true}]}}