{"id":11947,"date":"2019-12-25T17:44:00","date_gmt":"2019-12-25T16:44:00","guid":{"rendered":"https:\/\/wp.muchomaas.com\/article-top-10-des-articles-les-plus-lus-sur-regards-fr-en-2019\/"},"modified":"2023-06-23T23:47:27","modified_gmt":"2023-06-23T21:47:27","slug":"article-top-10-des-articles-les-plus-lus-sur-regards-fr-en-2019","status":"publish","type":"post","link":"https:\/\/archives.regards.fr\/?p=11947","title":{"rendered":"TOP 10 des articles les plus lus sur regards.fr en 2019"},"content":{"rendered":"<p class=\"post_excerpt\">Et les articles que vous avez les plus consult\u00e9s cette ann\u00e9e sont&#8230;<\/p>\n<h2>1. Monique Pin\u00e7on-Charlot : \u00ab Les gilets jaunes sont en train de nous rendre le service du si\u00e8cle \u00bb<\/h2>\n<p>Dans leur dernier ouvrage publi\u00e9 aux Editions La D\u00e9couverte, les Pin\u00e7on-Charlot ont encore frapp\u00e9, d\u00e9crypt\u00e9 et point\u00e9 le pouvoir des dominants, celui des ultra-riches de la macronie. Monique Pin\u00e7on-Charlot est l\u2019invit\u00e9 de #LaMidinale.<br \/>\n<a href=\"https:\/\/wp.muchomaas.com\/la-midinale\/article\/monique-pincon-charlot-les-gilets-jaunes-sont-en-train-de-nous-rendre-le\"><strong>\u00c0 (RE)LIRE ICI<\/strong><\/a><\/p>\n<p>&nbsp;<\/p>\n<p><h2>2. Deux ans et demi en Macronie : 11 mises en examen, 6 enqu\u00eates en cours et 2 affaires class\u00e9es sans suite<\/h2>\n<p>On vous aurait bien fait un top 10 des macronistes confront\u00e9s \u00e0 la justice, mais ils sont d\u00e9j\u00e0 20.<br \/>\n<a href=\"https:\/\/wp.muchomaas.com\/politique\/article\/deux-ans-et-demi-en-macronie-9-mises-en-examen-10-enquetes-en-cours-et-2\"><strong>\u00c0 (RE)LIRE ICI<\/strong><\/a><\/p>\n<p>&nbsp;<\/p>\n<p><h2>3. Henri Sterdyniak : \u00ab L\u2019objectif du gouvernement, c\u2019est de baisser les retraites de 20 \u00e0 25% d\u2019ici 2050 \u00bb<\/h2>\n<p>Apr\u00e8s la publication du rapport Delevoye, le gouvernement lance une consultation nationale en vue de sa future r\u00e9forme des retraites. Pour en parler, Henri Sterdyniak, \u00e9conomiste, est l\u2019invit\u00e9 de la Midinale.<br \/>\n<a href=\"https:\/\/wp.muchomaas.com\/la-midinale\/article\/henri-sterdyniak-l-objectif-du-gouvernement-c-est-de-baisser-les-retraites-de\"><strong>\u00c0 (RE)LIRE ICI<\/strong><\/a><\/p>\n<p>&nbsp;<\/p>\n<p><h2>4. \u00ab L\u2019Etat ferme des EHPAD publics et fait donc de la vieillesse une manne financi\u00e8re pour le priv\u00e9 \u00bb<\/h2>\n<p>Elle vient de sortir &#8220;EHPAD, une honte fran\u00e7aise&#8221; chez Plon. Elle est aide m\u00e9dicopsychologique, militante CGT et elle brigue son premier mandat aux prochaines \u00e9lections europ\u00e9ennes sur la liste de la France insoumise. Anne-Sophie Pelletier est l\u2019invit\u00e9e de la Midinale.<br \/>\n<a href=\"https:\/\/wp.muchomaas.com\/la-midinale\/article\/l-etat-ferme-des-ehpad-publics-et-fait-donc-de-la-vieillesse-une-manne\"><strong>\u00c0 (RE)LIRE ICI<\/strong><\/a><\/p>\n<p>&nbsp;<\/p>\n<p><h2>5. En un tweet, Adrien Quatennens cl\u00f4t-il le d\u00e9bat ?<\/h2>\n<p>Le d\u00e9put\u00e9 insoumis refuse que La France insoumise soit \u00ab un \u00e9ni\u00e8me parti de gauche \u00bb et voit bien plus grand : \u00eatre \u00ab l\u2019outil du peuple et de sa r\u00e9volution citoyenne \u00bb.<br \/>\n<a href=\"https:\/\/wp.muchomaas.com\/politique\/article\/en-un-tweet-adrien-quatennens-clot-il-le-debat\"><strong>\u00c0 (RE)LIRE ICI<\/strong><\/a><\/p>\n<p>&nbsp;<\/p>\n<p><h2>6. Comment est-on pass\u00e9 de \u00ab l\u2019arabe \u00bb au \u00ab musulman \u00bb ?<\/h2>\n<p>Il y a cent ans, on ha\u00efssait au nom de la couleur de peau. Dans les ann\u00e9es 1970, le racisme prend une forme culturelle : au pied des tours HLM, c\u2019est d\u00e9sormais \u00ab l\u2019arabe \u00bb que l\u2019on d\u00e9nonce comme \u00ab l\u2019envahisseur \u00bb. Jusqu\u2019\u00e0 subir une nouvelle mutation, plus r\u00e9cente, en la figure du musulman. Quel chemin les mots ont-ils suivi ?<br \/>\n<a href=\"https:\/\/wp.muchomaas.com\/idees\/article\/comment-est-on-passe-de-l-arabe-au-musulman\"><strong>\u00c0 (RE)LIRE ICI<\/strong><\/a><\/p>\n<p>&nbsp;<\/p>\n<p><h2>7. Fran\u00e7ois Ruffin, l\u2019insoumis des Insoumis<\/h2>\n<p>Tout le monde l\u2019aime. Qu\u2019il harangue l\u2019Assembl\u00e9e ou s\u2019agite dans la rue, Fran\u00e7ois Ruffin, incarne une gauche vivante et s\u00e9duisante. Difficile \u00e0 classer, ambitieux, le d\u00e9put\u00e9-reporter est un \u00ab \u00e9lectron-libre \u00bb qui veut sortir des orbites partisanes.<br \/>\n<a href=\"https:\/\/wp.muchomaas.com\/politique\/article\/francois-ruffin-l-insoumis-des-insoumis\"><strong>\u00c0 (RE)LIRE ICI<\/strong><\/a><\/p>\n<p>&nbsp;<\/p>\n<p><h2>8. Catherine Tricot : \u00ab Depuis deux ans, M\u00e9lenchon a tout fracass\u00e9 \u00bb<\/h2>\n<p>Lendemain de vote : que retenir des r\u00e9sultats du scrutin europ\u00e9en ? La gauche est-elle morte ? Le populisme de gauche est-il condamn\u00e9 ? Que faire et comment comprendre le r\u00e9sultat de l\u2019extr\u00eame droite ? Les \u00e9cologistes sont-ils la nouvelle matrice de la gauche ? Catherine Tricot, \u00e9ditorialiste Regards, est l\u2019invit\u00e9e de #LaMidinale.<br \/>\n<a href=\"https:\/\/wp.muchomaas.com\/la-midinale\/article\/catherine-tricot-depuis-deux-ans-melenchon-a-tout-fracasse\"><strong>\u00c0 (RE)LIRE ICI<\/strong><\/a><\/p>\n<p>&nbsp;<\/p>\n<p><h2>9. Convocation d\u2019Assa Traor\u00e9 : l\u2019acharnement continue<\/h2>\n<p>Trois ans qu\u2019Adama Traor\u00e9 est mort. Trois ans que sa soeur Assa demande justice. Et d\u00e9sormais, les trois gendarmes accus\u00e9s porte plainte contre elle en diffamation.<br \/>\n<a href=\"https:\/\/wp.muchomaas.com\/societe\/article\/convocation-d-assa-traore-l-acharnement-continue\"><strong>\u00c0 (RE)LIRE ICI<\/strong><\/a><\/p>\n<p>&nbsp;<\/p>\n<p><h2>10. Raquel Garrido : \u00ab Cl\u00e9mentine Autain a ouvert la discussion, alors discutons \u00bb<\/h2>\n<p>Raquel Garrido ne m\u00e2che pas ses mots au lendemain des \u00e9lections europ\u00e9ennes. Au menu : la ligne politique de la France insoumise. L\u2019avocate, \u00e9ditorialiste \u00e0 la t\u00e9l\u00e9vision, est l\u2019invit\u00e9e de #LaMidinale.<br \/>\n<a href=\"https:\/\/wp.muchomaas.com\/la-midinale\/article\/raquel-garrido-clementine-autain-a-ouvert-la-discussion-alors-discutons\"><strong>\u00c0 (RE)LIRE ICI<\/strong><\/a><div id='gallery-1' class='gallery galleryid-11947 gallery-columns-3 gallery-size-thumbnail'><figure class='gallery-item'>\n\t\t\t<div class='gallery-icon landscape'>\n\t\t\t\t<a href='https:\/\/archives.regards.fr\/wp-content\/uploads\/2019\/12\/befunky-collage_1_-33-db9-scaled.jpg'><img loading=\"lazy\" decoding=\"async\" width=\"150\" height=\"150\" src=\"https:\/\/archives.regards.fr\/wp-content\/uploads\/2019\/12\/befunky-collage_1_-33-db9-150x150.jpg\" class=\"attachment-thumbnail size-thumbnail\" alt=\"befunky-collage_1_-33.jpg\" \/><\/a>\n\t\t\t<\/div><\/figure><figure class='gallery-item'>\n\t\t\t<div class='gallery-icon landscape'>\n\t\t\t\t<a href='https:\/\/archives.regards.fr\/wp-content\/uploads\/2019\/12\/regardsneedsyou-2-5b4.png'><img loading=\"lazy\" decoding=\"async\" width=\"150\" height=\"150\" src=\"https:\/\/archives.regards.fr\/wp-content\/uploads\/2019\/12\/regardsneedsyou-2-5b4-150x150.png\" class=\"attachment-thumbnail size-thumbnail\" alt=\"regardsneedsyou-2.png\" \/><\/a>\n\t\t\t<\/div><\/figure>\n\t\t<\/div>\n<\/p>\n","protected":false},"excerpt":{"rendered":"<p>Et les articles que vous avez les plus consult\u00e9s cette ann\u00e9e sont&#8230;<\/p>\n","protected":false},"author":643,"featured_media":28482,"comment_status":"open","ping_status":"open","sticky":false,"template":"","format":"standard","meta":{"_themeisle_gutenberg_block_has_review":false,"footnotes":""},"categories":[10],"tags":[],"class_list":["post-11947","post","type-post","status-publish","format-standard","has-post-thumbnail","hentry","category-societe"],"_links":{"self":[{"href":"https:\/\/archives.regards.fr\/index.php?rest_route=\/wp\/v2\/posts\/11947","targetHints":{"allow":["GET"]}}],"collection":[{"href":"https:\/\/archives.regards.fr\/index.php?rest_route=\/wp\/v2\/posts"}],"about":[{"href":"https:\/\/archives.regards.fr\/index.php?rest_route=\/wp\/v2\/types\/post"}],"author":[{"embeddable":true,"href":"https:\/\/archives.regards.fr\/index.php?rest_route=\/wp\/v2\/users\/643"}],"replies":[{"embeddable":true,"href":"https:\/\/archives.regards.fr\/index.php?rest_route=%2Fwp%2Fv2%2Fcomments&post=11947"}],"version-history":[{"count":0,"href":"https:\/\/archives.regards.fr\/index.php?rest_route=\/wp\/v2\/posts\/11947\/revisions"}],"wp:featuredmedia":[{"embeddable":true,"href":"https:\/\/archives.regards.fr\/index.php?rest_route=\/wp\/v2\/media\/28482"}],"wp:attachment":[{"href":"https:\/\/archives.regards.fr\/index.php?rest_route=%2Fwp%2Fv2%2Fmedia&parent=11947"}],"wp:term":[{"taxonomy":"category","embeddable":true,"href":"https:\/\/archives.regards.fr\/index.php?rest_route=%2Fwp%2Fv2%2Fcategories&post=11947"},{"taxonomy":"post_tag","embeddable":true,"href":"https:\/\/archives.regards.fr\/index.php?rest_route=%2Fwp%2Fv2%2Ftags&post=11947"}],"curies":[{"name":"wp","href":"https:\/\/api.w.org\/{rel}","templated":true}]}}