{"id":11934,"date":"2019-12-11T13:05:53","date_gmt":"2019-12-11T12:05:53","guid":{"rendered":"https:\/\/wp.muchomaas.com\/article-pas-de-convergence-des-luttes-sans-alternative-politique\/"},"modified":"2023-06-23T23:47:03","modified_gmt":"2023-06-23T21:47:03","slug":"article-pas-de-convergence-des-luttes-sans-alternative-politique","status":"publish","type":"post","link":"https:\/\/archives.regards.fr\/?p=11934","title":{"rendered":"Pas de convergence des luttes sans alternative politique"},"content":{"rendered":"<p class=\"post_excerpt\">Convergence, coagulation, alliances des luttes : l\u2019addition des col\u00e8res ne se d\u00e9cr\u00e8te pas. \u00c7a se construit sur le long terme. Et pas sans alternative politique.<\/p>\n<blockquote class=\"twitter-tweet\">\n<p lang=\"fr\" dir=\"ltr\"><a href=\"https:\/\/twitter.com\/hashtag\/10decembre?src=hash&amp;ref_src=twsrc%5Etfw\">#10decembre<\/a> &#8211; Pas de convergence des luttes sans alternative politique. Et inversement. Comment traduire la col\u00e8re en espoir ? Ma chronique pour <a href=\"https:\/\/twitter.com\/publicsenat?ref_src=twsrc%5Etfw\">@publicsenat<\/a> <a href=\"https:\/\/twitter.com\/hashtag\/ALPL?src=hash&amp;ref_src=twsrc%5Etfw\">#ALPL<\/a> <a href=\"https:\/\/t.co\/hkBBscOKta\">pic.twitter.com\/hkBBscOKta<\/a><\/p>\n<p>&mdash; Pierre Jacquemain (@pjacquemain) <a href=\"https:\/\/twitter.com\/pjacquemain\/status\/1204664352294473730?ref_src=twsrc%5Etfw\">December 11, 2019<\/a><\/p><\/blockquote>\n<p> <script async src=\"https:\/\/platform.twitter.com\/widgets.js\" charset=\"utf-8\"><\/script><\/p>\n<p>&nbsp;<\/p>\n<p>Converger, c\u2019est le r\u00eave de tous les syndicats et plus g\u00e9n\u00e9ralement de ceux qui luttent. Mais la convergence, c\u2019est comme la gr\u00e8ve g\u00e9n\u00e9rale, \u00e7a ne se d\u00e9cr\u00e8te pas. Le combat f\u00e9ministe, antiraciste, \u00e9cologiste, ceux qui portent les combats des quartiers populaires, pour l\u2019\u00e9galit\u00e9, pour la solidarit\u00e9, dans le priv\u00e9 comme dans le public, dans un pays o\u00f9 les in\u00e9galit\u00e9s augmentent et o\u00f9 certaines de nos libert\u00e9s sont menac\u00e9es, reste \u00e0 trouver les motifs de l\u2019unit\u00e9. Cette unit\u00e9 ne se fait pas sans mot d\u2019ordre. C\u2019est tout l\u2019enjeu d\u2019ailleurs de la mobilisation que traverse notre pays en ce moment. Est-ce que la col\u00e8re se cristallise sur le seul projet de r\u00e9forme des retraites ou est-ce que la col\u00e8re est plus g\u00e9n\u00e9rale, plus ancr\u00e9e, plus profonde encore que nous ne l\u2019imaginons ?<\/p>\n<p>Dans les slogans entendus \u00e0 la manifestation de jeudi dernier, bien s\u00fbr, tout le monde avait en t\u00eate la r\u00e9forme des retraites. Mais le malaise et les revendications avaient des sources plurielles : que \u00e7a soit chez les personnels soignants, les \u00e9tudiants, les policiers, les pompiers, les avocats, les femmes de chambre des h\u00f4tels de luxe, les enseignants, tous d\u00e9noncent un ras-le-bol. Et ce ras-le-bol est double : d\u00e9consid\u00e9ration professionnelle, les gens s\u2018interrogent sur le sens m\u00eame de leur m\u00e9tier, on le voit chez les infirmi\u00e8res qui n\u2019ont plus le temps de faire leur m\u00e9tier correctement \u2013 mais on le voit aussi dans les nouvelles professions qui ont \u00e9merg\u00e9, des chauffeurs Uber ou de Deliveroo \u2013, o\u00f9 la question de l\u2019estime de soi est tr\u00e8s pr\u00e9sente. Et puis, la deuxi\u00e8me raison de ce ras-le-bol, c\u2019est le pouvoir-vivre. Ce qu\u2019on appelle commun\u00e9ment le pouvoir d\u2019achat. Mais c\u2019est bien du pouvoir-vivre dont il est question : pouvoir vivre dans un logement d\u00e9cent, pouvoir se nourrir, se d\u00e9placer, se soigner.<\/p>\n<p>&nbsp;<\/p>\n<p>\n<strong>LIRE AUSSI SUR REGARDS.FR<br \/>\n>><\/strong> <em><a href=\"https:\/\/wp.muchomaas.com\/societe\/article\/video-jeune-voila-pourquoi-la-reforme-des-retraites-va-gacher-ta-vie\">VID\u00c9O. Jeune, voil\u00e0 pourquoi la r\u00e9forme des retraites va g\u00e2cher ta vie<\/a><\/em><\/p>\n<p>&nbsp;<\/p>\n<p>S\u2019il y a bien une id\u00e9e sur laquelle \u00ab converger \u00bb fait l\u2019unanimit\u00e9, c\u2019est la n\u00e9cessit\u00e9 d\u2019une revalorisation g\u00e9n\u00e9rale des salaires et des conditions de travail. Quand on observe la grande diversit\u00e9 des origines des gilets jaunes : des ouvriers, des employ\u00e9s, des professions lib\u00e9rales, des chefs d\u2019entreprise, apr\u00e8s tout, on pourrait se dire qu\u2019ils ont converg\u00e9. Que leurs col\u00e8res, diff\u00e9rentes \u00e0 bien des \u00e9gards, ont converg\u00e9 sur les ronds-points, en faveur pr\u00e9cis\u00e9ment de ce pouvoir-vivre. Pouvoir vivre dignement. Mais aussi pouvoir vivre dans une d\u00e9mocratie renouvel\u00e9e.<\/p>\n<p>Donc au-del\u00e0 de la convergence, c\u2019est une issue aux luttes qu\u2019il faut trouver. C\u2019est une alternative politique qu\u2019il faut penser et inventer : traduire la col\u00e8re en espoir. Parce qu\u2019au fond, oui, tout le monde le sait : il y a une immense col\u00e8re dans le pays. Mais cette col\u00e8re serait vaine si elle en restait simplement \u00e0 des postures n\u00e9gatives.<\/p>\n<p>Parce que la col\u00e8re, pour qu\u2019elle soit efficace, il faut qu\u2019elle soit positive. C\u2019est \u00e7a l\u2019alternative politique. <\/p>\n<p>Une chose est s\u00fbre : une alternative politique qui ne s\u2019appuierait pas sur la somme des luttes existantes serait vou\u00e9e \u00e0 l\u2019\u00e9chec. Mais une lutte qui ne s\u2019adosserait pas ou ne s\u2019emparerait pas d\u2019une alternative politique, la condamnerait n\u00e9cessairement \u00e0 ce qu\u2019Emmanuel Macron appelle de ses v\u0153ux : c\u2019est-\u00e0-dire, moi ou le chaos. Emmanuel Macron ou Marine Le Pen. Et de \u00e7a les Fran\u00e7ais ne semblent plus en vouloir.<\/p>\n<p>&nbsp;<\/p>\n<p>\n<a href=\"https:\/\/wp.muchomaas.com\/auteur\/pierre-jacquemain\"><strong>Pierre Jacquemain<\/strong><\/a><br \/>\n<div id='gallery-1' class='gallery galleryid-11934 gallery-columns-3 gallery-size-thumbnail'><figure class='gallery-item'>\n\t\t\t<div class='gallery-icon portrait'>\n\t\t\t\t<a href='https:\/\/archives.regards.fr\/wp-content\/uploads\/2019\/12\/retraites-1ff.png'><img loading=\"lazy\" decoding=\"async\" width=\"150\" height=\"150\" src=\"https:\/\/archives.regards.fr\/wp-content\/uploads\/2019\/12\/retraites-1ff-150x150.png\" class=\"attachment-thumbnail size-thumbnail\" alt=\"retraites.png\" \/><\/a>\n\t\t\t<\/div><\/figure>\n\t\t<\/div>\n<\/p>\n","protected":false},"excerpt":{"rendered":"<p>Convergence, coagulation, alliances des luttes : l\u2019addition des col\u00e8res ne se d\u00e9cr\u00e8te pas. \u00c7a se construit sur le long terme. Et pas sans alternative politique.<\/p>\n","protected":false},"author":1039,"featured_media":28454,"comment_status":"open","ping_status":"open","sticky":false,"template":"","format":"standard","meta":{"_themeisle_gutenberg_block_has_review":false,"footnotes":""},"categories":[6],"tags":[308],"class_list":["post-11934","post","type-post","status-publish","format-standard","has-post-thumbnail","hentry","category-actu","tag-retraite"],"_links":{"self":[{"href":"https:\/\/archives.regards.fr\/index.php?rest_route=\/wp\/v2\/posts\/11934","targetHints":{"allow":["GET"]}}],"collection":[{"href":"https:\/\/archives.regards.fr\/index.php?rest_route=\/wp\/v2\/posts"}],"about":[{"href":"https:\/\/archives.regards.fr\/index.php?rest_route=\/wp\/v2\/types\/post"}],"author":[{"embeddable":true,"href":"https:\/\/archives.regards.fr\/index.php?rest_route=\/wp\/v2\/users\/1039"}],"replies":[{"embeddable":true,"href":"https:\/\/archives.regards.fr\/index.php?rest_route=%2Fwp%2Fv2%2Fcomments&post=11934"}],"version-history":[{"count":0,"href":"https:\/\/archives.regards.fr\/index.php?rest_route=\/wp\/v2\/posts\/11934\/revisions"}],"wp:featuredmedia":[{"embeddable":true,"href":"https:\/\/archives.regards.fr\/index.php?rest_route=\/wp\/v2\/media\/28454"}],"wp:attachment":[{"href":"https:\/\/archives.regards.fr\/index.php?rest_route=%2Fwp%2Fv2%2Fmedia&parent=11934"}],"wp:term":[{"taxonomy":"category","embeddable":true,"href":"https:\/\/archives.regards.fr\/index.php?rest_route=%2Fwp%2Fv2%2Fcategories&post=11934"},{"taxonomy":"post_tag","embeddable":true,"href":"https:\/\/archives.regards.fr\/index.php?rest_route=%2Fwp%2Fv2%2Ftags&post=11934"}],"curies":[{"name":"wp","href":"https:\/\/api.w.org\/{rel}","templated":true}]}}