{"id":11919,"date":"2019-12-04T11:26:59","date_gmt":"2019-12-04T10:26:59","guid":{"rendered":"https:\/\/wp.muchomaas.com\/article-video-jeune-voila-pourquoi-la-reforme-des-retraites-va-gacher-ta-vie\/"},"modified":"2023-06-23T23:46:39","modified_gmt":"2023-06-23T21:46:39","slug":"article-video-jeune-voila-pourquoi-la-reforme-des-retraites-va-gacher-ta-vie","status":"publish","type":"post","link":"https:\/\/archives.regards.fr\/?p=11919","title":{"rendered":"VID\u00c9O. Jeune, voil\u00e0 pourquoi la r\u00e9forme des retraites va g\u00e2cher ta vie"},"content":{"rendered":"<p class=\"post_excerpt\">\u00c0 partir du 5 d\u00e9cembre, la mobilisation contre la r\u00e9forme des retraites commence. Si jamais vous n&#8217;y comprenez rien \u00e0 cette r\u00e9forme \u2013 comme la plupart des gens \u2013 cette vid\u00e9o va (peut-\u00eatre) vous aider&#8230;<\/p>\n<p>Jeunes. La vie vous offre trois issues : crever de chaud, crever d&#8217;un cancer ou crever de mis\u00e8re. Vous vous mobilisez toutes les semaines pour sauver le climat. Vous \u00eates la g\u00e9n\u00e9ration qui veut savoir ce qu&#8217;elle mange, parce que vous en avez marre de bouffer de la merde, \u00e0 en crever.<\/p>\n<p>&nbsp;<\/p>\n<p>\n<strong>LIRE AUSSI SUR REGARDS.FR<br \/>\n>><\/strong> <em><a href=\"https:\/\/wp.muchomaas.com\/idees\/article\/des-intellectuels-signent-un-appel-en-soutien-a-celles-et-ceux-qui-luttent\">Des intellectuels lancent un appel en soutien \u00e0 celles et ceux qui luttent<\/a><\/em><\/p>\n<p>&nbsp;<\/p>\n<p>Ces combats sont nobles, voil\u00e0 pourquoi il faut mettre la m\u00eame ardeur contre la r\u00e9forme des retraites. Parce que si jamais vous parvenez \u00e0 sauver la plan\u00e8te et l&#8217;humanit\u00e9, \u00e7a ne servira \u00e0 rien si vous finissez par crever comme des cons, seuls, avec une retraite pourrie.<\/p>\n<p>En attendant la manifestation du 5 d\u00e9cembre, cette vid\u00e9o est faite pour vous&#8230;<\/p>\n<p><iframe loading=\"lazy\" width=\"490\" height=\"276\" src=\"https:\/\/www.youtube.com\/embed\/ij04zw0zsik\" frameborder=\"0\" allow=\"accelerometer; autoplay; encrypted-media; gyroscope; picture-in-picture\" allowfullscreen><\/iframe><\/p>\n<p>&nbsp;<\/p>\n<p>\n<a href=\"https:\/\/wp.muchomaas.com\/auteur\/loic-le-clerc\"><strong>Lo\u00efc Le Clerc<\/strong><\/a> et <a href=\"https:\/\/wp.muchomaas.com\/auteur\/sebastien-bergerat\"><strong>S\u00e9bastien Bergerat<\/strong><\/a><div id='gallery-1' class='gallery galleryid-11919 gallery-columns-3 gallery-size-thumbnail'><figure class='gallery-item'>\n\t\t\t<div class='gallery-icon landscape'>\n\t\t\t\t<a href='https:\/\/archives.regards.fr\/wp-content\/uploads\/2019\/12\/cc_alter1fo-99a.jpg'><img loading=\"lazy\" decoding=\"async\" width=\"150\" height=\"150\" src=\"https:\/\/archives.regards.fr\/wp-content\/uploads\/2019\/12\/cc_alter1fo-99a-150x150.jpg\" class=\"attachment-thumbnail size-thumbnail\" alt=\"cc_alter1fo.jpg\" \/><\/a>\n\t\t\t<\/div><\/figure><figure class='gallery-item'>\n\t\t\t<div class='gallery-icon portrait'>\n\t\t\t\t<a href='https:\/\/archives.regards.fr\/wp-content\/uploads\/2019\/12\/retraites-3-b00.png'><img loading=\"lazy\" decoding=\"async\" width=\"150\" height=\"150\" src=\"https:\/\/archives.regards.fr\/wp-content\/uploads\/2019\/12\/retraites-3-b00-150x150.png\" class=\"attachment-thumbnail size-thumbnail\" alt=\"retraites-3.png\" \/><\/a>\n\t\t\t<\/div><\/figure>\n\t\t<\/div>\n<\/p>\n","protected":false},"excerpt":{"rendered":"<p>\u00c0 partir du 5 d\u00e9cembre, la mobilisation contre la r\u00e9forme des retraites commence. Si jamais vous n&#8217;y comprenez rien \u00e0 cette r\u00e9forme \u2013 comme la plupart des gens \u2013 cette vid\u00e9o va (peut-\u00eatre) vous aider&#8230;<\/p>\n","protected":false},"author":1203,"featured_media":28395,"comment_status":"open","ping_status":"open","sticky":false,"template":"","format":"standard","meta":{"_themeisle_gutenberg_block_has_review":false,"footnotes":""},"categories":[279],"tags":[308],"class_list":["post-11919","post","type-post","status-publish","format-standard","has-post-thumbnail","hentry","category-videos","tag-retraite"],"_links":{"self":[{"href":"https:\/\/archives.regards.fr\/index.php?rest_route=\/wp\/v2\/posts\/11919","targetHints":{"allow":["GET"]}}],"collection":[{"href":"https:\/\/archives.regards.fr\/index.php?rest_route=\/wp\/v2\/posts"}],"about":[{"href":"https:\/\/archives.regards.fr\/index.php?rest_route=\/wp\/v2\/types\/post"}],"author":[{"embeddable":true,"href":"https:\/\/archives.regards.fr\/index.php?rest_route=\/wp\/v2\/users\/1203"}],"replies":[{"embeddable":true,"href":"https:\/\/archives.regards.fr\/index.php?rest_route=%2Fwp%2Fv2%2Fcomments&post=11919"}],"version-history":[{"count":0,"href":"https:\/\/archives.regards.fr\/index.php?rest_route=\/wp\/v2\/posts\/11919\/revisions"}],"wp:featuredmedia":[{"embeddable":true,"href":"https:\/\/archives.regards.fr\/index.php?rest_route=\/wp\/v2\/media\/28395"}],"wp:attachment":[{"href":"https:\/\/archives.regards.fr\/index.php?rest_route=%2Fwp%2Fv2%2Fmedia&parent=11919"}],"wp:term":[{"taxonomy":"category","embeddable":true,"href":"https:\/\/archives.regards.fr\/index.php?rest_route=%2Fwp%2Fv2%2Fcategories&post=11919"},{"taxonomy":"post_tag","embeddable":true,"href":"https:\/\/archives.regards.fr\/index.php?rest_route=%2Fwp%2Fv2%2Ftags&post=11919"}],"curies":[{"name":"wp","href":"https:\/\/api.w.org\/{rel}","templated":true}]}}