{"id":11914,"date":"2019-12-02T08:56:39","date_gmt":"2019-12-02T07:56:39","guid":{"rendered":"https:\/\/wp.muchomaas.com\/article-edito-lbd-pas-d-argent-magique-sauf-pour-les-flics\/"},"modified":"2019-12-02T08:56:39","modified_gmt":"2019-12-02T07:56:39","slug":"article-edito-lbd-pas-d-argent-magique-sauf-pour-les-flics","status":"publish","type":"post","link":"https:\/\/archives.regards.fr\/?p=11914","title":{"rendered":"\u00c9DITO. LBD\u00a0: pas d\u2019argent magique, sauf pour les flics"},"content":{"rendered":"<p class=\"post_excerpt\">Vous \u00eates pr\u00eats pour la 5 d\u00e9cembre ? Parce que c\u00f4t\u00e9 forces de l&#8217;ordre, on vient de refaire le stock de LBD. Une facture \u00e0 plus de deux millions d&#8217;euros.<\/p>\n<p>C\u2019est la semaine de tous les possibles. 62% des Fran\u00e7ais soutiennent la gr\u00e8ve du 5 d\u00e9cembre et 75% d\u2019entre eux pensent que le gouvernement doit changer de politique. On n\u2019y est pas encore mais pour l\u2019ancien secr\u00e9taire g\u00e9n\u00e9ral de la CGT, Bernard Thibault, invit\u00e9 du <em>JDD<\/em> hier, <em>\u00ab le malaise est plus fort qu\u2019en 1995 \u00bb<\/em>. Un peu plus d\u2019un an apr\u00e8s les grandes manifestations des cheminots contre la r\u00e9forme de la SNCF, quelques mois apr\u00e8s la mobilisation des enseignants et des \u00e9tudiants contre les r\u00e9formes de Jean-Michel Blanquer, quelques jours apr\u00e8s la grogne in\u00e9dite des personnels soignants et tout juste un an apr\u00e8s la col\u00e8re des gilets jaunes, l\u2019heure est \u00e0 la revanche. Oui, il y a comme un air de revanche. <a href=\"https:\/\/wp.muchomaas.com\/la-midinale\/article\/louis-boyard-marine-le-pen-est-une-ennemie-du-mouvement-du-5-decembre\"><em>\u00ab Tout le monde n\u2019attend que \u00e7a \u00bb<\/em>, nous avait lanc\u00e9 dans <em>#LaMidinale<\/em> Louis Boyard<\/a> (ex-pr\u00e9sident de l\u2019UNL), rappelant que m\u00eame les lyc\u00e9ens ont parl\u00e9 de <em>\u00ab revanche lyc\u00e9enne 2 \u00bb<\/em>.<\/p>\n<p>&nbsp;<\/p>\n<p>\n<strong>LIRE AUSSI SUR REGARDS.FR<br \/>\n>><\/strong> <em><a href=\"https:\/\/wp.muchomaas.com\/le-long-regards\/article\/geoffroy-de-lagasnerie-des-que-vous-croyez-a-la-politique-vous-sombrez-dans-le\">Geoffroy de Lagasnerie : \u00ab D\u00e8s que vous croyez \u00e0 la politique, vous sombrez dans le mythe \u00bb<\/a><\/em><\/p>\n<p>&nbsp;<\/p>\n<p>Le rapport de force. Le gouvernement n\u2019entend et n\u2019attend plus que \u00e7a. Ce Pr\u00e9sident qui avait promis qu\u2019il ferait ce qu\u2019il avait dit qu\u2019il avait annonc\u00e9. Nous y voil\u00e0. Sauf que depuis le d\u00e9but du quinquennat, il y a deux ombres au tableau : l\u2019a\u00e9roport de Notre-Dame-des-Landes et la taxe carbone. Il devait tenir bon. Et puis les chars sont pass\u00e9s par l\u00e0. Les sc\u00e8nes de violence ont eu raison de l\u2019ent\u00eatement de Macron. Comme une incitation \u00e0 la violence pour obtenir gain de cause. Et un peu d\u2019\u00e9coute. Sauf que l\u2019\u00e9coute ne viendra pas. Emmanuel Macron ne croit pas au dialogue social. \u00c7a se voit. On concerte, on re\u00e7oit, on consulte. Mais on ne n\u00e9gocie pas. Parce que dans la r\u00e9forme des retraites comme pour la r\u00e9forme de l\u2019assurance ch\u00f4mage, il n\u2019y a rien \u00e0 n\u00e9gocier. Le Medef se frotte les mains. Les syndicats voient rouge. Tr\u00e8s rouge. La semaine s\u2019annonce tendue. Tr\u00e8s tendue.<\/p>\n<blockquote><p>Les forces de l\u2019ordre ont consomm\u00e9 plus de LBD sur un an que pendant les vingt derni\u00e8res ann\u00e9es.<\/p><\/blockquote>\n<p>Au c\u0153ur de la tourmente gouvernementale, plusieurs ministres : Jean-Paul Delevoye, Agn\u00e8s Buzyn et m\u00eame G\u00e9rald Darmanin. Le Premier ministre aussi joue gros : h\u00e9ritier d&#8217;Alain Jupp\u00e9, il reste, jusque-l\u00e0, droit dans ses bottes. Mais un autre ministre, peu \u00e9voqu\u00e9 pour l\u2019occasion, sera au c\u0153ur des enjeux de la semaine : Christophe Castaner, le ministre de l\u2019Int\u00e9rieur. Avec un bilan annuel charg\u00e9 en mains arrach\u00e9es et autres \u00e9borgn\u00e9s \u2013 mais aussi en comparutions imm\u00e9diates, arrestations, intimidations et autres gardes \u00e0 vue. Pas mieux que le site de David Dufresne, <a href=\"https:\/\/www.davduf.net\/alloplacebeauvau\">\u00ab All\u00f4 place Beauvau \u00bb<\/a>, pour s\u2019en rendre compte. On attend toujours le bilan c\u00f4t\u00e9 Int\u00e9rieur et les suites des enqu\u00eates de l\u2019IGPN. Viendront-ils un jour ? Rien n\u2019est moins s\u00fbr.<\/p>\n<p>Ce qui est s\u00fbr, c\u2019est que le ministre de l\u2019Int\u00e9rieur est pr\u00eat. Et c\u2019est inqui\u00e9tant. Parce qu\u2019on le sait d\u00e9sormais : <a href=\"https:\/\/wp.muchomaas.com\/societe\/article\/edito-prefet-lallement-un-chef-d-armee-qui-a-choisi-son-camp\">il y a deux camps<\/a>. Et le pr\u00e9fet de police de Paris a choisi le sien. Alors que les organisations non gouvernementales et le Conseil de l\u2019Europe recommandent \u00e0 la France de suspendre le recours aux LBD, l\u2019Etat fran\u00e7ais vient de lancer deux appels d\u2019offres pour fournir des lanceurs de balles de d\u00e9fense \u00e0 la police. Pas \u00e9tonnant. Les forces de l\u2019ordre ont consomm\u00e9 plus de LBD sur un an que pendant les vingt derni\u00e8res ann\u00e9es. Ces deux appels d\u2019offres ont \u00e9t\u00e9 remport\u00e9 par deux PME fran\u00e7aises pour un march\u00e9 total de plus de deux millions d\u2019euros. <\/p>\n<p>Il n\u2019y a pas d\u2019argent magique. Sauf pour les flics.<\/p>\n<p>&nbsp;<\/p>\n<p>\n<a href=\"https:\/\/wp.muchomaas.com\/auteur\/pierre-jacquemain\"><strong>Pierre Jacquemain<\/strong><\/a><\/p>\n","protected":false},"excerpt":{"rendered":"<p>Vous \u00eates pr\u00eats pour la 5 d\u00e9cembre ? Parce que c\u00f4t\u00e9 forces de l&#8217;ordre, on vient de refaire le stock de LBD. Une facture \u00e0 plus de deux millions d&#8217;euros.<\/p>\n","protected":false},"author":1039,"featured_media":0,"comment_status":"open","ping_status":"open","sticky":false,"template":"","format":"standard","meta":{"_themeisle_gutenberg_block_has_review":false,"footnotes":""},"categories":[6],"tags":[328,329],"class_list":["post-11914","post","type-post","status-publish","format-standard","hentry","category-actu","tag-editorial","tag-forces-de-lordre"],"_links":{"self":[{"href":"https:\/\/archives.regards.fr\/index.php?rest_route=\/wp\/v2\/posts\/11914","targetHints":{"allow":["GET"]}}],"collection":[{"href":"https:\/\/archives.regards.fr\/index.php?rest_route=\/wp\/v2\/posts"}],"about":[{"href":"https:\/\/archives.regards.fr\/index.php?rest_route=\/wp\/v2\/types\/post"}],"author":[{"embeddable":true,"href":"https:\/\/archives.regards.fr\/index.php?rest_route=\/wp\/v2\/users\/1039"}],"replies":[{"embeddable":true,"href":"https:\/\/archives.regards.fr\/index.php?rest_route=%2Fwp%2Fv2%2Fcomments&post=11914"}],"version-history":[{"count":0,"href":"https:\/\/archives.regards.fr\/index.php?rest_route=\/wp\/v2\/posts\/11914\/revisions"}],"wp:attachment":[{"href":"https:\/\/archives.regards.fr\/index.php?rest_route=%2Fwp%2Fv2%2Fmedia&parent=11914"}],"wp:term":[{"taxonomy":"category","embeddable":true,"href":"https:\/\/archives.regards.fr\/index.php?rest_route=%2Fwp%2Fv2%2Fcategories&post=11914"},{"taxonomy":"post_tag","embeddable":true,"href":"https:\/\/archives.regards.fr\/index.php?rest_route=%2Fwp%2Fv2%2Ftags&post=11914"}],"curies":[{"name":"wp","href":"https:\/\/api.w.org\/{rel}","templated":true}]}}