{"id":11900,"date":"2019-11-22T14:40:29","date_gmt":"2019-11-22T13:40:29","guid":{"rendered":"https:\/\/wp.muchomaas.com\/article-fatima-ouassak-il-faut-rompre-avec-l-instrumentalisation-raciste-des-causes\/"},"modified":"2023-06-23T23:46:30","modified_gmt":"2023-06-23T21:46:30","slug":"article-fatima-ouassak-il-faut-rompre-avec-l-instrumentalisation-raciste-des-causes","status":"publish","type":"post","link":"https:\/\/archives.regards.fr\/?p=11900","title":{"rendered":"Fatima Ouassak : \u00ab Il faut rompre avec l\u2019instrumentalisation raciste des causes f\u00e9ministes \u00bb"},"content":{"rendered":"<p class=\"post_excerpt\">Demain, le collectif #NousToutes organise une  journ\u00e9e nationale de mobilisation contre les violences faites aux femmes. On en parle avec Fatima Ouassak, f\u00e9ministe, porte-parole du Front de M\u00e8res et fondatrice du r\u00e9seau Classe\/Genre\/Race, qui agit contre les discriminations que subissent les femmes issues de l&#8217;immigration post-coloniale. Elle est l\u2019invit\u00e9e de #LaMidinale.<\/p>\n<p><iframe loading=\"lazy\" width=\"490\" height=\"276\" src=\"https:\/\/www.youtube.com\/embed\/PgIVYEBHWkY\" frameborder=\"0\" allow=\"accelerometer; autoplay; encrypted-media; gyroscope; picture-in-picture\" allowfullscreen><\/iframe><\/p>\n<p>&nbsp;<\/p>\n<p>\n<strong>POUR \u00c9COUTER CETTE MIDINALE EN PODCAST<\/strong><br \/>\n<strong>>><\/strong> <em><a href=\"https:\/\/open.spotify.com\/episode\/2mOZTKXWJl7fYPkNm6mVPp\">sur Spotify<\/a><\/em><br \/>\n<strong>>><\/strong> <em><a href=\"https:\/\/podcasts.apple.com\/fr\/podcast\/fatima-ouassak-faut-rompre-avec-linstrumentalisation\/id1479697573?i=1000457549663\">sur Apple<\/a><\/em><\/p>\n<p>&nbsp;<\/p>\n<p><h2>VERBATIM<\/h2>\n<p>&nbsp;<\/p>\n<p>\n<em>\u00a0<strong>Sur l\u2019association le Front de m\u00e8res<\/em>\u00a0<\/strong><br \/>\n\u00ab C\u2019est un syndicat de parents des quartiers populaires qui s\u2019est organis\u00e9 contre les discriminations que subissent les enfants &#8211; en particulier dans l\u2019institution scolaire. \u00bb<br \/>\n\u00ab Il y a une dimension f\u00e9ministe \u00e0 partir du moment o\u00f9 ce sont les femmes qui s\u2019occupent, pour l\u2019essentiel, des enfants. \u00bb<br \/>\n\u00ab Il faut faire des m\u00e8res un sujet politique puissant. \u00bb<br \/>\n\u00ab On n\u2019a pas assez mobilis\u00e9 la figure de la m\u00e8re dans le combat f\u00e9ministe. \u00bb<\/p>\n<p><em>\u00a0<strong>Sur la politique de la ville<\/em>\u00a0<\/strong><br \/>\n\u00ab La politique de la ville est r\u00e9siduelle par rapport \u00e0 la masse budg\u00e9taire du droit commun &#8211; qui est structurellement in\u00e9galitaire. \u00bb<br \/>\n\u00ab Le budget de la politique de la ville est ridicule. C\u2019est une miette. \u00bb<br \/>\n\u00ab La politique de la ville est une politique coloniale de gestion des quartiers populaires, de contr\u00f4le social et d\u2019assignation \u00e0 r\u00e9sidence des populations. \u00bb<br \/>\n\u00ab La politique de la ville a aggrav\u00e9 la situation en stigmatisant ses populations. \u00bb<\/p>\n<p><em>\u00a0<strong>Sur les violences polici\u00e8res<\/em>\u00a0<\/strong><br \/>\n\u00ab Depuis des d\u00e9cennies, syst\u00e9matiquement, lorsqu\u2019il y a une association de lutte contre les violences polici\u00e8res &#8211; et en particulier les crimes policiers -, il y a des m\u00e9canismes d\u2019inversion qui sont mis en place : les victimes deviennent les coupables. \u00bb<br \/>\n\u00ab Il y a aujourd\u2019hui quatre plaintes qui ont \u00e9t\u00e9 d\u00e9pos\u00e9es contre Assa Traor\u00e9 apr\u00e8s que ses fr\u00e8res ont \u00e9t\u00e9 plac\u00e9s en prison. \u00bb<\/p>\n<p><em>\u00a0<strong>Sur la marche #NousToutes<\/em>\u00a0<\/strong><br \/>\n\u00ab Je n\u2019ai pas appel\u00e9 \u00e0 cette marche parce que \u00e7a n\u2019est pas une dynamique dans laquelle je me retrouve. \u00bb<br \/>\n\u00ab Une femme noire victime de violence ne va pas \u00eatre trait\u00e9e par la police comme une femme, mais comme un individu noir. \u00bb<br \/>\n\u00ab Les adolescents dans les quartiers populaires qui subissent des violences sexuelles de la part de la police &#8211; avec des palpations d\u00e9gradantes : pourquoi \u00e7a n\u2019est pas pris en charge par les organisations f\u00e9ministes ? \u00bb<br \/>\n\u00ab Il y a beaucoup de sujets qui ne sont pas pris en charge par les f\u00e9ministes majoritaires. \u00bb<br \/>\n\u00ab La question raciale est centrale pour le combat f\u00e9ministe. \u00bb<br \/>\n\u00ab Le f\u00e9minisme majoritaire fera sa r\u00e9volution r\u00e9ellement le jour o\u00f9 il d\u00e9cidera de rompre avec la culture du viol qui a son fondement dans le racisme et qui est structur\u00e9 par le racisme. \u00bb<br \/>\n\u00ab Les m\u00eames qui vont marcher demain vont nous torpiller au niveau local lorsqu\u2019on on va mener une lutte pour l\u2019alternative v\u00e9g\u00e9tarienne \u00e0 la cantine par exemple (\u2026). On est imm\u00e9diatement tax\u00e9 de communautariste ou d\u2019islamiste. \u00bb<br \/>\n\u00ab Il faut rompre avec l\u2019instrumentalisation raciste des causes f\u00e9ministes. \u00bb<\/p>\n<p><em>\u00a0<strong>Sur le foulard islamique<\/em>\u00a0<\/strong><br \/>\n\u00ab Le d\u00e9bat politique et m\u00e9diatique sur les violences faites aux femmes se focalise sur le foulard. \u00bb<br \/>\n\u00ab La question du foulard et des violences intra-familiales que subissent les femmes musulmanes sature compl\u00e8tement l\u2019espace politique et m\u00e9diatique. \u00bb<br \/>\n\u00ab Les femmes qui portent un foulard sont totalement, quasiment, interdites d\u2019acc\u00e8s au march\u00e9 du travail : c\u2019est une question f\u00e9ministe centrale. \u00bb<br \/>\n\u00ab La fonction de la mobilisation de la question du foulard, c\u2019est la justification des in\u00e9galit\u00e9s dans l\u2019acc\u00e8s aux ressources : le travail, l\u2019\u00e9cole, les \u00e9tudes sup\u00e9rieures. \u00bb<\/p>\n<p><em>\u00a0<strong>Sur les violences sexuelles, les viols et les enfants<\/em>\u00a0<\/strong><br \/>\n\u00ab La question essentielle, c\u2019est la question du pouvoir &#8211; et notamment du pouvoir au niveau local sur les territoires : comment les femmes &#8211; les m\u00e8res &#8211; reprennent du pouvoir et emp\u00eachent les violences qu\u2019elles subissent ainsi que leurs enfants. \u00bb<br \/>\n\u00ab On parle beaucoup des f\u00e9minicides et des violences conjugales (\u2026) mais on ne dit pas assez que parmi les centaines de milliers de personnes qui sont victimes chaque ann\u00e9e de violences physiques et sexuelles, il y a en majorit\u00e9 des enfants. \u00bb<br \/>\n\u00ab Quand on parle de culture du viol, on ne dit pas assez que c\u2019est une culture du viol des enfants. \u00bb<br \/>\n\u00ab Il y a 135.000 fillettes qui sont viol\u00e9es chaque ann\u00e9e et 35.000 gar\u00e7ons. \u00bb<br \/>\n\u00ab Une fillette sur cinq en France est victime d\u2019agression sexuelle &#8211; et pour beaucoup avant onze ans (\u2026). Il y a 0,4% de p\u00e9docriminels qui sont condamn\u00e9s en France. \u00bb<\/p>\n<p><em>\u00a0<strong>Sur le mouvement #MeToo<\/em>\u00a0<\/strong><br \/>\n\u00ab #MeToo \u00e9tait une tr\u00e8s bonne chose et l\u2019intervention d\u2019Ad\u00e8le Haenel aussi. Dans les milieux f\u00e9ministes, on a consid\u00e9r\u00e9 que c\u2019\u00e9tait une respiration. L\u00e0, pour le coup, on a un discours f\u00e9ministe, antisexiste et qui n\u2019est pas du tout raciste. C\u2019est nouveau dans la parole majoritaire. \u00bb<br \/>\n\u00ab Je suis pour l\u2019auto-organisation l\u00e0 o\u00f9 l\u2019on est. \u00bb<br \/>\n\u00ab Les organisations f\u00e9ministes en France ne sont pas puissantes, elle n\u2019ont pas un bon rapport de forces politiques. Elles sont \u00e0 la marge. \u00bb<br \/>\n\u00ab Sur la question des femmes descendantes de l\u2019immigration post coloniale, il y a un probl\u00e8me de racisme par le fait qu\u2019il est d\u00e9terminant dans la culture du viol. \u00bb<\/p>\n<p><em>\u00a0<strong>Sur l\u2019invisibilisation des femmes et leur r\u00f4le dans la soci\u00e9t\u00e9<\/em>\u00a0<\/strong><br \/>\n \u00ab Ce qui me choque, ce n\u2019est pas qu\u2019il y ait peu de femmes non-blanches \u00e0 la t\u00e9l\u00e9vision, c\u2019est que le cin\u00e9ma fran\u00e7ais \u00e9volue vers un cin\u00e9ma de plus en plus blanc et bourgeois. Et quand il y a des Noir-es et des Arabes dans les films \u2013 et notamment des femmes \u2013,  j\u2019en suis \u00e0 me dire qu\u2019il vaudrait mieux qu\u2019il-elles n\u2019y soient pas : c\u2019est de la pure d\u00e9coration li\u00e9e \u00e0 des quotas dans des r\u00f4les stigmatisants. \u00bb<br \/>\n\u00ab L\u2019important, c\u2019est la repr\u00e9sentativit\u00e9 au niveau local. \u00bb<br \/>\n\u00ab Il y a un d\u00e9calage entre les organisations politiques nationales qui peuvent avoir un discours de d\u00e9coration avec les minorit\u00e9s, et les m\u00eames organisations au niveau local qui m\u00e8nent une guerre sans piti\u00e9 \u2013 m\u00eame sur des choses aussi anodines que l\u2019alternative v\u00e9g\u00e9tarienne \u2013 pour ne pas permettre aux femmes issues de l\u2019immigration post-coloniale et des quartiers populaires d\u2019acc\u00e9der au pouvoir politique local. Mais m\u00eame le fait de voir ces femmes s\u2019organiser de mani\u00e8re autonome, \u00e7a provoque une guerre ! \u00bb<br \/>\n\u00ab Il y a un gros probl\u00e8me, lorsqu\u2019on parle de grandes marches f\u00e9ministes ou anti-racistes, de d\u00e9territorialisation : les luttes sont souvent hors-sol. \u00bb<\/p>\n<p><em>\u00a0<strong>Sur la marche contre l\u2019islamophobie<\/em>\u00a0<\/strong><br \/>\n\u00ab Tout a \u00e9t\u00e9 fait pour torpiller cette marche. \u00bb<br \/>\n\u00ab J\u2019ai particip\u00e9 \u00e0 beaucoup de marches dans ma vie : et il n\u2019y a que \u00e7a des propos racistes, sexistes, homophobes ou antis\u00e9mites dans des marches CGT ou de gauche ! Alors que l\u00e0, dans la marche contre l\u2019islamophobie, c\u2019\u00e9tait nickel. \u00bb<br \/>\n\u00ab Ce sont des musulmans et des musulmanes qui ont organis\u00e9 la marche : c\u2019est une d\u00e9marche autonome et c\u2019est cela qu\u2019on ne supporte pas. \u00bb<br \/>\n\u00ab La gauche, et notamment le PS et le PCF, a l\u2019habitude de nous g\u00e9rer, nous les populations des quartiers populaires. \u00bb<br \/>\n\u00ab A partir du moment o\u00f9 des personnes s\u2019organisent en autonomie que ce soit des femmes, des personnes issues de l\u2019immigration, des gens des quartiers populaires : il y a une remise en question d\u2019un ordre \u00e9tabli par des notables et les classes moyennes sup\u00e9rieures. \u00bb<br \/>\n\u00ab Aujourd\u2019hui, l\u2019islamophobie tue. \u00bb<br \/>\n\u00ab L\u2019attentat de Bayonne \u00e9tait politique, avec un discours politique de la part du terroriste qui a fait \u00e7a. \u00bb<br \/>\n\u00ab On vit dans un pays o\u00f9 l\u2019islamophobie est pr\u00e9gnante et elle nous agresse, nous musulmans et musulmanes, au quotidien. \u00bb<br \/>\n\u00ab Avec la marche contre l\u2019islamophobie, on a relev\u00e9 le niveau de la France \u00e0 l\u2019\u00e9tranger. C\u2019est l\u2019honneur de la France. \u00bb<br \/>\n\u00ab Il va y avoir des suites \u00e0 la marche contre l\u2019islamophobie. \u00bb<\/p>\n<p><em>\u00a0<strong>Sur la place des quartiers populaires dans les mobilisations du 5 d\u00e9cembre<\/em>\u00a0<\/strong><br \/>\n\u00ab Je souhaite que la place des quartiers populaires soit la plus massive possible. \u00bb<br \/>\n\u00ab Le 5 d\u00e9cembre, la question sociale est centrale et dedans, il y a la question raciale et les in\u00e9galit\u00e9s de genres. \u00bb<br \/>\n\u00ab Le 5 d\u00e9cembre, il faut se positionner contre l\u2019Etat Macron. \u00bb<br \/>\n\u00ab En tant que f\u00e9ministe et qu\u2019anti-raciste, c\u2019est contre l\u2019Etat Macron qui casse les services publics, le syst\u00e8me de solidarit\u00e9, qui isole les gens qu\u2019il faut se mobiliser ! Et avec une conscience de classe ! \u00bb<div id='gallery-1' class='gallery galleryid-11900 gallery-columns-3 gallery-size-thumbnail'><figure class='gallery-item'>\n\t\t\t<div class='gallery-icon landscape'>\n\t\t\t\t<a href='https:\/\/archives.regards.fr\/wp-content\/uploads\/2019\/11\/capture_d_e_cran_2019-11-22_a_14-a2b.19.28.png'><img loading=\"lazy\" decoding=\"async\" width=\"150\" height=\"150\" src=\"https:\/\/archives.regards.fr\/wp-content\/uploads\/2019\/11\/capture_d_e_cran_2019-11-22_a_14-a2b.19.28-150x150.png\" class=\"attachment-thumbnail size-thumbnail\" alt=\"capture_d_e_cran_2019-11-22_a_14.19.28.png\" \/><\/a>\n\t\t\t<\/div><\/figure>\n\t\t<\/div>\n<\/p>\n","protected":false},"excerpt":{"rendered":"<p>Demain, le collectif #NousToutes organise une  journ\u00e9e nationale de mobilisation contre les violences faites aux femmes. On en parle avec Fatima Ouassak, f\u00e9ministe, porte-parole du Front de M\u00e8res et fondatrice du r\u00e9seau Classe\/Genre\/Race, qui agit contre les discriminations que subissent les femmes issues de l&#8217;immigration post-coloniale. Elle est l\u2019invit\u00e9e de #LaMidinale.<\/p>\n","protected":false},"author":1039,"featured_media":28356,"comment_status":"open","ping_status":"open","sticky":false,"template":"","format":"standard","meta":{"_themeisle_gutenberg_block_has_review":false,"footnotes":""},"categories":[238],"tags":[293,306],"class_list":["post-11900","post","type-post","status-publish","format-standard","has-post-thumbnail","hentry","category-la-midinale","tag-entretien","tag-feminisme"],"_links":{"self":[{"href":"https:\/\/archives.regards.fr\/index.php?rest_route=\/wp\/v2\/posts\/11900","targetHints":{"allow":["GET"]}}],"collection":[{"href":"https:\/\/archives.regards.fr\/index.php?rest_route=\/wp\/v2\/posts"}],"about":[{"href":"https:\/\/archives.regards.fr\/index.php?rest_route=\/wp\/v2\/types\/post"}],"author":[{"embeddable":true,"href":"https:\/\/archives.regards.fr\/index.php?rest_route=\/wp\/v2\/users\/1039"}],"replies":[{"embeddable":true,"href":"https:\/\/archives.regards.fr\/index.php?rest_route=%2Fwp%2Fv2%2Fcomments&post=11900"}],"version-history":[{"count":0,"href":"https:\/\/archives.regards.fr\/index.php?rest_route=\/wp\/v2\/posts\/11900\/revisions"}],"wp:featuredmedia":[{"embeddable":true,"href":"https:\/\/archives.regards.fr\/index.php?rest_route=\/wp\/v2\/media\/28356"}],"wp:attachment":[{"href":"https:\/\/archives.regards.fr\/index.php?rest_route=%2Fwp%2Fv2%2Fmedia&parent=11900"}],"wp:term":[{"taxonomy":"category","embeddable":true,"href":"https:\/\/archives.regards.fr\/index.php?rest_route=%2Fwp%2Fv2%2Fcategories&post=11900"},{"taxonomy":"post_tag","embeddable":true,"href":"https:\/\/archives.regards.fr\/index.php?rest_route=%2Fwp%2Fv2%2Ftags&post=11900"}],"curies":[{"name":"wp","href":"https:\/\/api.w.org\/{rel}","templated":true}]}}