{"id":11874,"date":"2019-11-08T12:22:10","date_gmt":"2019-11-08T11:22:10","guid":{"rendered":"https:\/\/wp.muchomaas.com\/article-francis-wurtz-lorsque-le-mur-est-tombe-je-n-etais-pas-pour-la-reunification-des\/"},"modified":"2023-06-23T23:45:01","modified_gmt":"2023-06-23T21:45:01","slug":"article-francis-wurtz-lorsque-le-mur-est-tombe-je-n-etais-pas-pour-la-reunification-des","status":"publish","type":"post","link":"https:\/\/archives.regards.fr\/?p=11874","title":{"rendered":"Francis Wurtz : \u00ab Lorsque le mur est tomb\u00e9, je n\u2019\u00e9tais pas pour la r\u00e9unification des deux Allemagnes\u00a0\u00bb"},"content":{"rendered":"<p class=\"post_excerpt\">30 ans que le mur de Berlin est tomb\u00e9, entra\u00eenant la r\u00e9unification du pays et, peut-\u00eatre aussi, pr\u00e9figurant la fin de l&#8217;URSS. Pour en parler, Francis Wurtz, d\u00e9put\u00e9 europ\u00e9en communiste de 1979 \u00e0 2009, est l&#8217;invit\u00e9 de #LaMidinale.<\/p>\n<p><iframe loading=\"lazy\" width=\"490\" height=\"276\" src=\"https:\/\/www.youtube.com\/embed\/KaxohKGAD5I\" frameborder=\"0\" allow=\"accelerometer; autoplay; encrypted-media; gyroscope; picture-in-picture\" allowfullscreen><\/iframe><\/p>\n<p>&nbsp;<\/p>\n<p>\n<strong>POUR \u00c9COUTER CETTE MIDINALE EN PODCAST<\/strong><br \/>\n<strong>>><\/strong> <em><a href=\"https:\/\/open.spotify.com\/episode\/64vp0lWjxm2WdjXjocpQvA\">sur Spotify<\/a><\/em><br \/>\n<strong>>><\/strong> <em><a href=\"https:\/\/podcasts.apple.com\/fr\/podcast\/francis-wurtz-lorsque-le-mur-est-tomb%C3%A9-je-n%C3%A9tais-pas\/id1479697573?i=1000456244118\">sur Apple<\/a><\/em><\/p>\n<p>&nbsp;<\/p>\n<p><h2>VERBATIM<\/h2>\n<p>&nbsp;<\/p>\n<p>\n<em>\u00a0<strong>Sur la chute du Mur de Berlin en novembre 1989<\/em>\u00a0<\/strong><br \/>\n\u00ab La chute du Mur de Berlin a \u00e9t\u00e9 un s\u00e9isme politique consid\u00e9rable auquel personne ne s\u2019attendait. \u00bb<br \/>\n\u00ab Au moment de la chute du Mur, ironie de l\u2019histoire, le chancelier Kohl \u00e9tait en Pologne et discutait avec Lech Walesa de la question de la r\u00e9unification et disait que \u00e7a ne se passerait pas de son vivant. \u00bb<br \/>\n\u00ab Au moment de la chute du Mur, la r\u00e9unification n\u2019avait rien d\u2019in\u00e9luctable. \u00bb<br \/>\n\u00ab Le Parlement europ\u00e9en a imm\u00e9diatement adopt\u00e9 une r\u00e9solution qui proposait la r\u00e9unification si, \u00e9videmment, les Allemands de l\u2019Est le souhaitaient \u2013 mais pas le Conseil des chefs d\u2019Etats europ\u00e9ens ! \u00bb<br \/>\n\u00ab Les chefs d\u2019Etat europ\u00e9ens qui se sont r\u00e9unis sit\u00f4t apr\u00e8s n\u2019ont m\u00eame pas \u00e9voqu\u00e9 l\u2019hypoth\u00e8se de la r\u00e9unification. \u00bb<br \/>\n\u00ab Il y avait un d\u00e9saccord profond entre Fran\u00e7ois Mitterrand et Helmut Kohl sur la question de la r\u00e9unification. Le pr\u00e9sident fran\u00e7ais avait plusieurs craintes assez l\u00e9gitimes : les cons\u00e9quences d\u2019un tel s\u00e9isme, un renversement de Mikhail Gorbatchov en URSS et le d\u00e9classement de la France dans une Europe avec une Allemagne r\u00e9unifi\u00e9e. \u00bb<br \/>\n\u00ab La r\u00e9unification s\u2019est faite au pas de charge : en moins de six mois, c\u2019\u00e9tait fait. \u00bb<\/p>\n<p><em>\u00a0<strong>Sur le d\u00e9bat r\u00e9unification des deux Allemagnes versus annexion de l\u2019Allemagne de l\u2019Est par l\u2019Allemagne de l\u2019Ouest<\/em>\u00a0<\/strong><br \/>\n\u00ab En fait, la r\u00e9unification des deux Allemagnes est une annexion. \u00bb<br \/>\n \u00ab A peine la r\u00e9unification r\u00e9alis\u00e9e, on met en place la Treuhand, un organisme fiduciaire qui a pour mission de brader tout le patrimoine public est-allemand : 13.000 entreprises publiques, des banques, des services, des terrains agricoles, tout est litt\u00e9ralement brad\u00e9 au profit des entreprises occidentales. \u00bb<br \/>\n\u00ab Les citoyens de l\u2019Est qui avaient \u00e9norm\u00e9ment investi psychologiquement dans l\u2019Allemagne de l\u2019Ouest d\u00e9couvrent le ch\u00f4mage de masse et sont humili\u00e9s dans la mesure o\u00f9 tout ce qui touche de pr\u00e8s ou de loin \u00e0 l\u2019identit\u00e9 de la RDA est ignor\u00e9 et m\u00e9pris\u00e9. \u00bb<br \/>\n\u00ab Personnellement, je n\u2019\u00e9tais absolument pas pour la r\u00e9unification. \u00bb<br \/>\n\u00ab Jusqu\u2019\u00e0 la chute du Mur, les Montagsdemonstrationen, les manifestations de masse notamment \u00e0 Leipzig et ensuite g\u00e9n\u00e9ralis\u00e9es, ne proposaient ni la r\u00e9unification ni m\u00eame la chute du socialisme. \u00bb<br \/>\n\u00ab L\u2019Allemagne occidentale a promis aux Est-Allemands monts et merveilles : l\u2019effet Kohl. \u00bb<br \/>\n\u00ab Les \u00e9lections de mars 1990 se sont sold\u00e9es en Allemagne de l\u2019Est par une victoire \u00e9crasante avec 48% des voix de la coalition de droite \u2013 qui, petit d\u00e9tail, s\u2019intitulait AfD, Allianz f\u00fcr Deutschland. \u00bb<br \/>\n\u00ab La politique n\u00e9olib\u00e9rale appliqu\u00e9e \u00e0 l\u2019\u00e9poque a \u00e9t\u00e9 particuli\u00e8rement cruelle pour les Allemands de l\u2019Est, et notamment pour les femmes qui ont vu leur statut r\u00e9gresser avec l\u2019unification. \u00bb<\/p>\n<p><em>\u00a0<strong>Sur le Parti communiste fran\u00e7ais au moment de la chute du Mur de Berlin<\/em>\u00a0<\/strong><br \/>\n\u00ab Il n\u2019y a pas eu une seule opinion au Parti communiste fran\u00e7ais. \u00bb<br \/>\n\u00ab La chute du Mur \u00e9tait la preuve manifeste qu\u2019un syst\u00e8me et un mode de gouvernement avaient totalement \u00e9puis\u00e9 leurs capacit\u00e9s. Et c\u2019\u00e9tait un \u00e9chec que l\u2019on voyait venir depuis longtemps. \u00bb<br \/>\n\u00ab Le moment-clef a \u00e9t\u00e9 le discours solennel de Mikhail Gorbatchov \u00e0 la tribune des Nations Unies en d\u00e9cembre 1988 dans lequel il annonce que l\u2019URSS n\u2019interviendra plus jamais militairement dans un pays \u00e9tranger quel que soit le syst\u00e8me politique. Il retire donc 500.000 soldats sovi\u00e9tiques avec leurs armes des pays de l\u2019Est. On a senti qu\u2019il se passait l\u00e0 quelque chose de tr\u00e8s important. \u00bb<br \/>\n\u00ab Il y a eu un l\u00e2chage de Mikhail Gorbatchov de la part de l\u2019Occident : toutes les promesses d\u2019aide sont tomb\u00e9es \u00e0 l\u2019eau, le G7 a boud\u00e9 l\u2019URSS, la fronti\u00e8re Allemagne de l\u2019Est \u2013 Allemagne de l\u2019Ouest pour l\u2019OTAN a \u00e9t\u00e9 viol\u00e9e\u2026 La situation ne pr\u00eatait pas \u00e0 l\u2019optimisme : on se doutait bien que le d\u00e9but de la fin avait commenc\u00e9. \u00bb<br \/>\n\u00ab On \u00e9tait tr\u00e8s nombreux \u00e0 avoir accueilli tr\u00e8s favorablement l\u2019arriv\u00e9e de Mikhail Gorbatchov au pouvoir : on s\u2019est dit qu\u2019une r\u00e9novation \u00e9tait possible. \u00bb<\/p>\n<p><em>\u00a0<strong>Sur le PCF et la gauche apr\u00e8s la chute du Mur de Berlin et la fin de l\u2019URSS<\/em>\u00a0<\/strong><br \/>\n \u00ab La chute du Mur de Berlin et la fin de l\u2019URSS sont des \u00e9l\u00e9ments qui p\u00e8sent tr\u00e8s lourd sur le PCF mais la chute aux \u00e9lections n\u2019\u00e9tait pas in\u00e9luctable. \u00bb<br \/>\n\u00ab Une forme historique du d\u00e9passement du capitalisme a \u00e9chou\u00e9 \u2013 et \u00e7a p\u00e8se sur les dynamiques politiques de tous, aussi bien les amis que les adversaires du syst\u00e8me sovi\u00e9tique. \u00bb<br \/>\n\u00ab Contrairement aux illusions de l\u2019imm\u00e9diat apr\u00e8s chute du Mur, ce n\u2019a pas \u00e9t\u00e9 la fin de l\u2019Histoire : le capitalisme a continuer de montrer les horreurs dont il \u00e9tait capable. La n\u00e9cessit\u00e9 de trouver une voie nouvelle pour le d\u00e9passer reste aujourd\u2019hui encore d\u2019una actualit\u00e9 br\u00fblante. \u00bb<br \/>\n\u00ab Il y a plusieurs tentatives des forces favorables au d\u00e9passement du capitalisme comme le mouvement altermondialiste mais qui se sont enlis\u00e9s\u2026 \u00bb<br \/>\n\u00ab L\u2019aspiration existe : on vient d\u2019entendre qu\u2019aux Etats-Unis, 30% de la jeunesse am\u00e9ricaine avait une opinion positive du communisme. Qui l\u2019eut cru ? \u00bb<br \/>\n\u00ab Il y a une d\u00e9fiance massive du syst\u00e8me dominant \u2013 y compris l\u00e0 o\u00f9 on ne l\u2019attend pas. \u00bb<div id='gallery-1' class='gallery galleryid-11874 gallery-columns-3 gallery-size-thumbnail'><figure class='gallery-item'>\n\t\t\t<div class='gallery-icon landscape'>\n\t\t\t\t<a href='https:\/\/archives.regards.fr\/wp-content\/uploads\/2019\/11\/capture_d_e_cran_2019-11-08_a_10-3e1.36.30.png'><img loading=\"lazy\" decoding=\"async\" width=\"150\" height=\"150\" src=\"https:\/\/archives.regards.fr\/wp-content\/uploads\/2019\/11\/capture_d_e_cran_2019-11-08_a_10-3e1.36.30-150x150.png\" class=\"attachment-thumbnail size-thumbnail\" alt=\"capture_d_e_cran_2019-11-08_a_10.36.30.png\" \/><\/a>\n\t\t\t<\/div><\/figure>\n\t\t<\/div>\n<\/p>\n","protected":false},"excerpt":{"rendered":"<p>30 ans que le mur de Berlin est tomb\u00e9, entra\u00eenant la r\u00e9unification du pays et, peut-\u00eatre aussi, pr\u00e9figurant la fin de l&#8217;URSS. Pour en parler, Francis Wurtz, d\u00e9put\u00e9 europ\u00e9en communiste de 1979 \u00e0 2009, est l&#8217;invit\u00e9 de #LaMidinale.<\/p>\n","protected":false},"author":1204,"featured_media":28198,"comment_status":"open","ping_status":"open","sticky":false,"template":"","format":"standard","meta":{"_themeisle_gutenberg_block_has_review":false,"footnotes":""},"categories":[238],"tags":[293],"class_list":["post-11874","post","type-post","status-publish","format-standard","has-post-thumbnail","hentry","category-la-midinale","tag-entretien"],"_links":{"self":[{"href":"https:\/\/archives.regards.fr\/index.php?rest_route=\/wp\/v2\/posts\/11874","targetHints":{"allow":["GET"]}}],"collection":[{"href":"https:\/\/archives.regards.fr\/index.php?rest_route=\/wp\/v2\/posts"}],"about":[{"href":"https:\/\/archives.regards.fr\/index.php?rest_route=\/wp\/v2\/types\/post"}],"author":[{"embeddable":true,"href":"https:\/\/archives.regards.fr\/index.php?rest_route=\/wp\/v2\/users\/1204"}],"replies":[{"embeddable":true,"href":"https:\/\/archives.regards.fr\/index.php?rest_route=%2Fwp%2Fv2%2Fcomments&post=11874"}],"version-history":[{"count":0,"href":"https:\/\/archives.regards.fr\/index.php?rest_route=\/wp\/v2\/posts\/11874\/revisions"}],"wp:featuredmedia":[{"embeddable":true,"href":"https:\/\/archives.regards.fr\/index.php?rest_route=\/wp\/v2\/media\/28198"}],"wp:attachment":[{"href":"https:\/\/archives.regards.fr\/index.php?rest_route=%2Fwp%2Fv2%2Fmedia&parent=11874"}],"wp:term":[{"taxonomy":"category","embeddable":true,"href":"https:\/\/archives.regards.fr\/index.php?rest_route=%2Fwp%2Fv2%2Fcategories&post=11874"},{"taxonomy":"post_tag","embeddable":true,"href":"https:\/\/archives.regards.fr\/index.php?rest_route=%2Fwp%2Fv2%2Ftags&post=11874"}],"curies":[{"name":"wp","href":"https:\/\/api.w.org\/{rel}","templated":true}]}}