{"id":11868,"date":"2019-11-05T15:52:04","date_gmt":"2019-11-05T14:52:04","guid":{"rendered":"https:\/\/wp.muchomaas.com\/article-mohamed-mechmache-il-faut-arreter-de-voir-dans-le-musulman-l-ennemi-de-l\/"},"modified":"2023-06-23T23:44:58","modified_gmt":"2023-06-23T21:44:58","slug":"article-mohamed-mechmache-il-faut-arreter-de-voir-dans-le-musulman-l-ennemi-de-l","status":"publish","type":"post","link":"https:\/\/archives.regards.fr\/?p=11868","title":{"rendered":"Mohamed Mechmache : \u00ab Il faut arr\u00eater de voir dans le musulman un ennemi de l\u2019int\u00e9rieur \u00bb"},"content":{"rendered":"<p class=\"post_excerpt\">Des nouvelles mesures pour la Seine-Saint-Denis ; de nouvelles violences dans les quartiers populaires ; 14 ans apr\u00e8s les r\u00e9voltes de 2005, que reste-t-il des quartiers ? Quel bilan ? Le porte-parole d\u2019ACLEFEU, et pr\u00e9sident de la coordination des Pas Sans Nous, Mohamed Mechmache, est l\u2019invit\u00e9 #LaMidinale.<\/p>\n<p><iframe loading=\"lazy\" width=\"490\" height=\"276\" src=\"https:\/\/www.youtube.com\/embed\/w6VN0sRa0Hs\" frameborder=\"0\" allow=\"accelerometer; autoplay; encrypted-media; gyroscope; picture-in-picture\" allowfullscreen><\/iframe><\/p>\n<p>&nbsp;<\/p>\n<p>\n<strong>POUR \u00c9COUTER CETTE MIDINALE EN PODCAST<\/strong><br \/>\n<strong>>><\/strong> <em><a href=\"https:\/\/open.spotify.com\/episode\/7kKXMNTxDKRDbZmPz4MNUo\">sur Spotify<\/a><\/em><br \/>\n<strong>>><\/strong> <em><a href=\"https:\/\/podcasts.apple.com\/fr\/podcast\/mohamed-mechmache-faut-arr%C3%AAter-voir-dans-le-musulman\/id1479697573?i=1000456004176\">sur Apple<\/a><\/em><\/p>\n<p>&nbsp;<\/p>\n<p><h2>VERBATIM<\/h2>\n<p>&nbsp;<\/p>\n<p>\n<em>\u00a0<strong>Sur Chanteloup-les-Vignes<\/em>\u00a0<\/strong><br \/>\n\u00ab On est sur une forme de surench\u00e8re par les r\u00e9seaux sociaux o\u00f9 on se lance des d\u00e9fis. \u00bb<br \/>\n\u00ab On essaie de nous emmener sur une analyse qui n\u2019est pas la bonne. \u00bb<\/p>\n<p><em>\u00a0<strong>Sur les mesures annonc\u00e9es pour la Seine-Saint-Denis<\/em>\u00a0<\/strong><br \/>\n\u00ab On a pris conscience que le d\u00e9partement de la Seine-Saint-Denis \u00e9tait le plus pauvre. En termes d\u2019in\u00e9galit\u00e9s, comme laboratoire, il n\u2019y a pas mieux. Tout y est concentr\u00e9 : la pauvret\u00e9, le taux de ch\u00f4mage, le d\u00e9senclavement, etc. Avec un vrai d\u00e9ficit de sant\u00e9, d\u2019\u00e9ducation, de services publics. \u00bb<br \/>\n\u00ab On n\u2019a jamais parl\u00e9 de la question humaine et sociale. On a parl\u00e9 de l\u2019urbain avec les r\u00e9novations et c\u2019est normal. Maintenant, il faut mettre les moyens humains pour que les plus exp\u00e9riment\u00e9s restent sur ces territoires. \u00bb<br \/>\n\u00ab Il ne faut pas fragiliser le tissu associatif &#8211; ce qui a \u00e9t\u00e9 fait &#8211; et l\u2019une des erreurs fondamentales a \u00e9t\u00e9 de supprimer les emplois aid\u00e9s. \u00bb <\/p>\n<p><em>\u00a0<strong>Sur la cr\u00e9ation de 150 postes de policiers<\/em>\u00a0<\/strong><br \/>\n\u00ab De quelle police voulons-nous ? Une police plus proche de ses habitants ou une police r\u00e9pressive ? \u00bb<br \/>\n\u00ab Certains ont l\u2019impression que la r\u00e9pression va tout r\u00e9gler. \u00bb <\/p>\n<p><em>\u00a0<strong>Sur la politique de logement<\/em>\u00a0<\/strong><br \/>\n\u00ab Qu\u2019est-ce qu\u2019on va faire avec 10 millions d\u2019euros ? Quand on voit l\u2019\u00e9tat des logements, du patrimoine locatif des bailleurs, c\u2019est d\u00e9plorable. \u00bb<br \/>\n\u00ab Il y a des gens qui vivent depuis trente ans dans ces logements : ils ont pay\u00e9 trois fois le prix de leur logement. \u00bb<br \/>\n\u00ab La culture devrait \u00eatre un moyen d\u2019\u00e9mancipation. \u00bb<br \/>\n\u00ab On nous avait vendu la mixit\u00e9 sociale mais c\u2019est un leurre. \u00bb<br \/>\n\u00ab On peut cr\u00e9er et r\u00e9nover des logements\u2026 tant qu\u2019on n\u2019aura pas les \u00e9coles, la sant\u00e9, la culture, les transports : personne ne voudra venir dans ces territoires. \u00bb<\/p>\n<p><em>\u00a0<strong>Sur les Jeux olympiques<\/em>\u00a0<\/strong><br \/>\n\u00ab Il ne faudrait pas que les Jeux Olympiques servent aux entreprises du CAC40. Il faut qu\u2019ils servent \u00e0 ceux qui sont les artisans et les entrepreneurs dans les quartiers. \u00bb<br \/>\n\u00ab Les quartiers populaires ne peuvent pas \u00eatre que des spectateurs des Jeux olympiques : ils doivent \u00eatre acteurs. \u00bb<br \/>\n\u00ab On ne veut pas juste emmener des gamins remplir les stades. On veut participer : sur l\u2019aspect citoyennet\u00e9, l\u2019entreprenariat et la construction. \u00bb<\/p>\n<p><em>\u00a0<strong>Sur la marche contre l\u2019islamophobie<\/em>\u00a0<\/strong><br \/>\n\u00ab \u00c7a devient tr\u00e8s dangereux : on est sur une pente glissante et personne ne sortira indemne. Il faut arr\u00eater cette h\u00e9morragie. \u00bb<br \/>\n\u00ab Il faut arr\u00eater de voir le mal partout et de voir dans le musulman l\u2019ennemi de l\u2019int\u00e9rieur. \u00bb<br \/>\n\u00ab Je dis stop \u00e0 ce racisme. \u00bb<br \/>\n\u00ab J\u2019appelle l\u2019ensemble de l\u2019opinion publique \u00e0 venir manifester. \u00bb<div id='gallery-1' class='gallery galleryid-11868 gallery-columns-3 gallery-size-thumbnail'><figure class='gallery-item'>\n\t\t\t<div class='gallery-icon landscape'>\n\t\t\t\t<a href='https:\/\/archives.regards.fr\/wp-content\/uploads\/2019\/11\/capture_d_e_cran_2019-11-05_a_15-f48.31.14.png'><img loading=\"lazy\" decoding=\"async\" width=\"150\" height=\"150\" src=\"https:\/\/archives.regards.fr\/wp-content\/uploads\/2019\/11\/capture_d_e_cran_2019-11-05_a_15-f48.31.14-150x150.png\" class=\"attachment-thumbnail size-thumbnail\" alt=\"capture_d_e_cran_2019-11-05_a_15.31.14.png\" \/><\/a>\n\t\t\t<\/div><\/figure>\n\t\t<\/div>\n<\/p>\n","protected":false},"excerpt":{"rendered":"<p>Des nouvelles mesures pour la Seine-Saint-Denis ; de nouvelles violences dans les quartiers populaires ; 14 ans apr\u00e8s les r\u00e9voltes de 2005, que reste-t-il des quartiers ? Quel bilan ? Le porte-parole d\u2019ACLEFEU, et pr\u00e9sident de la coordination des Pas Sans Nous, Mohamed Mechmache, est l\u2019invit\u00e9 #LaMidinale.<\/p>\n","protected":false},"author":1204,"featured_media":28182,"comment_status":"open","ping_status":"open","sticky":false,"template":"","format":"standard","meta":{"_themeisle_gutenberg_block_has_review":false,"footnotes":""},"categories":[238],"tags":[293],"class_list":["post-11868","post","type-post","status-publish","format-standard","has-post-thumbnail","hentry","category-la-midinale","tag-entretien"],"_links":{"self":[{"href":"https:\/\/archives.regards.fr\/index.php?rest_route=\/wp\/v2\/posts\/11868","targetHints":{"allow":["GET"]}}],"collection":[{"href":"https:\/\/archives.regards.fr\/index.php?rest_route=\/wp\/v2\/posts"}],"about":[{"href":"https:\/\/archives.regards.fr\/index.php?rest_route=\/wp\/v2\/types\/post"}],"author":[{"embeddable":true,"href":"https:\/\/archives.regards.fr\/index.php?rest_route=\/wp\/v2\/users\/1204"}],"replies":[{"embeddable":true,"href":"https:\/\/archives.regards.fr\/index.php?rest_route=%2Fwp%2Fv2%2Fcomments&post=11868"}],"version-history":[{"count":0,"href":"https:\/\/archives.regards.fr\/index.php?rest_route=\/wp\/v2\/posts\/11868\/revisions"}],"wp:featuredmedia":[{"embeddable":true,"href":"https:\/\/archives.regards.fr\/index.php?rest_route=\/wp\/v2\/media\/28182"}],"wp:attachment":[{"href":"https:\/\/archives.regards.fr\/index.php?rest_route=%2Fwp%2Fv2%2Fmedia&parent=11868"}],"wp:term":[{"taxonomy":"category","embeddable":true,"href":"https:\/\/archives.regards.fr\/index.php?rest_route=%2Fwp%2Fv2%2Fcategories&post=11868"},{"taxonomy":"post_tag","embeddable":true,"href":"https:\/\/archives.regards.fr\/index.php?rest_route=%2Fwp%2Fv2%2Ftags&post=11868"}],"curies":[{"name":"wp","href":"https:\/\/api.w.org\/{rel}","templated":true}]}}