{"id":11857,"date":"2019-10-31T13:39:45","date_gmt":"2019-10-31T12:39:45","guid":{"rendered":"https:\/\/wp.muchomaas.com\/article-mal-logement-les-organisations-syndicales-et-politique-de-gauche-ne-sont-pas-a\/"},"modified":"2023-06-23T23:44:44","modified_gmt":"2023-06-23T21:44:44","slug":"article-mal-logement-les-organisations-syndicales-et-politique-de-gauche-ne-sont-pas-a","status":"publish","type":"post","link":"https:\/\/archives.regards.fr\/?p=11857","title":{"rendered":"Mal-logement : \u00ab Les organisations syndicales et politique de gauche ne sont pas \u00e0 la hauteur \u00bb"},"content":{"rendered":"<p class=\"post_excerpt\">Le 1er novembre commence \u00e0 la tr\u00eave hivernale des expulsions locatives qui durera jusqu&#8217;au 31 mars prochain. O\u00f9 en est-on de la lutte contre le mal-logement et le sans-abrisme ? Jean-Baptiste Eyraud, porte-parole du DAL (Droit au logement), est l&#8217;invit\u00e9 de la Midinale.<\/p>\n<p><iframe loading=\"lazy\" width=\"490\" height=\"276\" src=\"https:\/\/www.youtube.com\/embed\/4HWBF0hGnYA\" frameborder=\"0\" allow=\"accelerometer; autoplay; encrypted-media; gyroscope; picture-in-picture\" allowfullscreen><\/iframe><\/p>\n<p>&nbsp;<\/p>\n<p>\n<strong>POUR \u00c9COUTER CETTE MIDINALE EN PODCAST<\/strong><br \/>\n<strong>>><\/strong> <em><a href=\"https:\/\/open.spotify.com\/episode\/6I8gKwfcpEEQxWU0vKgLzy\">sur Spotify<\/a><\/em><br \/>\n<strong>>><\/strong> <em><a href=\"https:\/\/podcasts.apple.com\/fr\/podcast\/mal-logement-les-organisations-syndicales-et-politique\/id1479697573?i=1000455592454\">sur Apple<\/a><\/em><\/p>\n<p>&nbsp;<\/p>\n<p><h2>VERBATIM<\/h2>\n<p>&nbsp;<\/p>\n<p>\n<em>\u00a0<strong>Sur la tr\u00eave hivernale qui commence le 1er novembre<\/em>\u00a0<\/strong><br \/>\n\u00ab La tr\u00eave hivernale, \u00e7a veut dire pas d\u2019expulsion pendant l\u2019hiver, c\u2019est-\u00e0-dire entre le 1er novembre et le 31 mars. \u00bb<br \/>\n\u00ab La tr\u00eave hivernale est un acquis apr\u00e8s l\u2019appel de l\u2019abb\u00e9 Pierre en 1954 et gr\u00e2ce \u00e0 une loi des communistes en 1956. \u00bb<\/p>\n<p><em>\u00a0<strong>Sur les raisons des expulsions locatives<\/em>\u00a0<\/strong><br \/>\n\u00ab 80% des expulsions sont li\u00e9es \u00e0 des impay\u00e9s de loyers. Et les 20% qui restent, ce sont des cong\u00e9s donn\u00e9s par les propri\u00e9taires, en g\u00e9n\u00e9ral \u00e0 caract\u00e8re sp\u00e9culatifs. \u00bb<br \/>\n\u00ab Il y a trois causes aux expulsions : la flamb\u00e9e des prix de l\u2019immobilier et par voie de cons\u00e9quence, des loyers, encourag\u00e9e par les pouvoirs publics qui soutiennent le rench\u00e9rissement et la sp\u00e9culation immobili\u00e8re ; la baisse des revenus des locataires qui sont de plus en plus issus des classes populaires et qui voient leurs revenus baisser ; la baisse des APL par l\u2019Etat. \u00bb<br \/>\n\u00ab Il y a plus de 130.000 jugements d\u2019expulsions qui sont rendus chaque ann\u00e9e. \u00bb<br \/>\n\u00ab On a atteint les 15.000 expulsions manu militari, c\u2019est-\u00e0-dire avec l\u2019intervention de la police. \u00bb<br \/>\n\u00ab Les juges appliquent la loi : c\u2019est du c\u00f4t\u00e9 du l\u00e9gislateur et du gouvernement qu\u2019il faut aller chercher la responsabilit\u00e9. \u00bb<\/p>\n<p><em>\u00a0<strong>Sur les solutions au mal-logement et au sans-abrisme<\/em>\u00a0<\/strong><br \/>\n\u00ab On a des personnes qui ont \u00e9t\u00e9 expuls\u00e9es ces derni\u00e8res semaines et qui dorment dans leur voiture. \u00bb<br \/>\n\u00ab On a bloqu\u00e9 beaucoup d\u2019expulsions en faisant des piquets anti-expulsions. \u00bb<br \/>\n\u00ab Plut\u00f4t que d\u2019agir sur les causes du mal-logement, le gouvernement va agir sur un petit bout du r\u00e9sultat. \u00bb<br \/>\n\u00ab Les politiques publiques aujourd\u2019hui nourrissent et aliment la crise du logement. \u00bb<br \/>\n\u00ab Sur le logement, des choses ont \u00e9t\u00e9 faites au XX\u00e8 si\u00e8cle : on a encadr\u00e9 les loyers dans le secteur priv\u00e9, on a r\u00e9gul\u00e9 la sp\u00e9culation immobili\u00e8re, on a produit du logement social. \u00bb<br \/>\n\u00ab Il faut mettre en place une politique de r\u00e9quisitions : on n\u2019a jamais compt\u00e9 autant de logements vacants. \u00bb<br \/>\n\u00ab Il faut une politique d\u2019encadrement des loyers \u00e0 la baisse et une taxation des produits sp\u00e9culatifs. \u00bb<\/p>\n<p><em>\u00a0<strong>Sur les pouvoirs d\u2019un-e maire en mati\u00e8re de logement<\/em>\u00a0<\/strong><br \/>\n\u00ab Le maire a de vrais pouvoirs : il a les moyens d\u2019une vraie bataille politique qu\u2019il ne m\u00e8ne pas. \u00bb<br \/>\n\u00ab Il faudrait porter des arr\u00eat\u00e9s anti-expulsions, anti-coupures d\u2019\u00e9nergie et de r\u00e9quisitions de mani\u00e8re beaucoup plus vigoureuse m\u00eame si certains maires communistes le font. \u00bb<br \/>\n\u00ab Les municipalit\u00e9s de gauche sont \u00e0 la traine de la lutte contre la crise du logement et pour le logement des classes populaires. \u00bb<\/p>\n<p><em>\u00a0<strong>Sur les alli\u00e9s objectifs du mal-logement et du sans-abrisme<\/em>\u00a0<\/strong><br \/>\n\u00ab L\u2019expansion de Airbnb est une catastrophe sur le plan locatif. \u00bb<br \/>\n\u00ab Si on limite la location \u00e0 quatre semaines, si on interdit la location de r\u00e9sidence secondaire, si on bloque les transformation de magasins en h\u00e9bergements touristiques, il faut des dizaines et des dizaines d\u2019inspecteurs qui vont v\u00e9rifier et coller des amendes. Mais aujourd\u2019hui, il n\u2019y a pas cette volont\u00e9 politique. Il n\u2019y a que de l\u2019affichage et \u00e7a, les gens le savent. \u00bb<br \/>\n\u00ab L\u2019Etat a coup\u00e9 les subventions \u00e0 la construction de logements sociaux. \u00bb<\/p>\n<p><em>\u00a0<strong>Sur la mobilisation en faveur du mal-logement et du sans-abrisme<\/em>\u00a0<\/strong><br \/>\n\u00ab Certains pays ont r\u00e9ussi \u00e0 calmer la sp\u00e9culation immobili\u00e8re. \u00bb<br \/>\n\u00ab Les Allemands sont tr\u00e8s mobilis\u00e9s sur la question du logement parce qu\u2019ils voient la sp\u00e9culation d\u00e9barquer dans leurs villes. \u00bb<br \/>\n\u00ab Les Fran\u00e7ais ne sont pas du tout mobilis\u00e9s sur la question du logement : nous, quand on fait une manifestation, on est 500. C\u2019est ridicule quand on voit les cons\u00e9quences dramatiques que \u00e7a a pour les gens dans leur vie quotidienne. \u00bb<br \/>\n \u00ab Travailler la moiti\u00e9 du mois pour avoir un abri souvent merdique, ce n\u2019est pas possible. \u00bb<br \/>\n\u00ab Les organisations syndicales et politiques de gauche ne sont pas \u00e0 la hauteur sur la question du logement. \u00bb<br \/>\n\u00ab Le 28 mars prochain sera une journ\u00e9e de mobilisation europ\u00e9enne sur la question du logement. \u00bb<\/p>\n<p><em>\u00a0<strong>Sur la crise de l\u2019accueil des r\u00e9fugi\u00e9s<\/em>\u00a0<\/strong><br \/>\n\u00ab Il y a trois millions de logements vacants, un million de plus qu\u2019il y a douze ans. \u00bb<br \/>\n\u00ab La crise de l\u2019accueil des r\u00e9fugi\u00e9s vient se surajouter \u00e0 la crise du logement. \u00bb<br \/>\n\u00ab Il commence \u00e0 y avoir des expulsions de r\u00e9sidents de foyers parce qu\u2019ils ont h\u00e9berg\u00e9 des tiers. \u00bb<br \/>\n\u00ab La politique est tr\u00e8s dure aujourd\u2019hui pour tuer les solidarit\u00e9s avec les mal-log\u00e9s et les sans-logis. \u00bb<div id='gallery-1' class='gallery galleryid-11857 gallery-columns-3 gallery-size-thumbnail'><figure class='gallery-item'>\n\t\t\t<div class='gallery-icon landscape'>\n\t\t\t\t<a href='https:\/\/archives.regards.fr\/wp-content\/uploads\/2019\/10\/capture_d_e_cran_2019-10-31_a_13-516.17.10.png'><img loading=\"lazy\" decoding=\"async\" width=\"150\" height=\"150\" src=\"https:\/\/archives.regards.fr\/wp-content\/uploads\/2019\/10\/capture_d_e_cran_2019-10-31_a_13-516.17.10-150x150.png\" class=\"attachment-thumbnail size-thumbnail\" alt=\"capture_d_e_cran_2019-10-31_a_13.17.10.png\" \/><\/a>\n\t\t\t<\/div><\/figure>\n\t\t<\/div>\n<\/p>\n","protected":false},"excerpt":{"rendered":"<p>Le 1er novembre commence \u00e0 la tr\u00eave hivernale des expulsions locatives qui durera jusqu&#8217;au 31 mars prochain. O\u00f9 en est-on de la lutte contre le mal-logement et le sans-abrisme ? Jean-Baptiste Eyraud, porte-parole du DAL (Droit au logement), est l&#8217;invit\u00e9 de la Midinale.<\/p>\n","protected":false},"author":1204,"featured_media":28148,"comment_status":"open","ping_status":"open","sticky":false,"template":"","format":"standard","meta":{"_themeisle_gutenberg_block_has_review":false,"footnotes":""},"categories":[238],"tags":[293],"class_list":["post-11857","post","type-post","status-publish","format-standard","has-post-thumbnail","hentry","category-la-midinale","tag-entretien"],"_links":{"self":[{"href":"https:\/\/archives.regards.fr\/index.php?rest_route=\/wp\/v2\/posts\/11857","targetHints":{"allow":["GET"]}}],"collection":[{"href":"https:\/\/archives.regards.fr\/index.php?rest_route=\/wp\/v2\/posts"}],"about":[{"href":"https:\/\/archives.regards.fr\/index.php?rest_route=\/wp\/v2\/types\/post"}],"author":[{"embeddable":true,"href":"https:\/\/archives.regards.fr\/index.php?rest_route=\/wp\/v2\/users\/1204"}],"replies":[{"embeddable":true,"href":"https:\/\/archives.regards.fr\/index.php?rest_route=%2Fwp%2Fv2%2Fcomments&post=11857"}],"version-history":[{"count":0,"href":"https:\/\/archives.regards.fr\/index.php?rest_route=\/wp\/v2\/posts\/11857\/revisions"}],"wp:featuredmedia":[{"embeddable":true,"href":"https:\/\/archives.regards.fr\/index.php?rest_route=\/wp\/v2\/media\/28148"}],"wp:attachment":[{"href":"https:\/\/archives.regards.fr\/index.php?rest_route=%2Fwp%2Fv2%2Fmedia&parent=11857"}],"wp:term":[{"taxonomy":"category","embeddable":true,"href":"https:\/\/archives.regards.fr\/index.php?rest_route=%2Fwp%2Fv2%2Fcategories&post=11857"},{"taxonomy":"post_tag","embeddable":true,"href":"https:\/\/archives.regards.fr\/index.php?rest_route=%2Fwp%2Fv2%2Ftags&post=11857"}],"curies":[{"name":"wp","href":"https:\/\/api.w.org\/{rel}","templated":true}]}}