{"id":1185,"date":"1999-01-01T00:00:00","date_gmt":"1998-12-31T23:00:00","guid":{"rendered":"https:\/\/wp.muchomaas.com\/jardins-secrets1185\/"},"modified":"1999-01-01T00:00:00","modified_gmt":"1998-12-31T23:00:00","slug":"jardins-secrets1185","status":"publish","type":"post","link":"https:\/\/archives.regards.fr\/?p=1185","title":{"rendered":"Jardins secrets"},"content":{"rendered":"<p class=\"post_excerpt\"> Entretien avec Mich\u00e8le Gazier <\/p>\n<p><strong> Mich\u00e8le Gazier, vous avez \u00e9crit des recueils de nouvelles et des romans. comment situez-vous vos nouvelles dans votre travail d&#8217;\u00e9crivain ? <\/strong><\/p>\n<p> <strong> Mich\u00e8le Gazier : <\/strong> J&#8217;ai commenc\u00e9 par \u00e9crire des nouvelles d&#8217;une vingtaine de feuillets maximum, parce que ce genre bref s&#8217;adaptait bien \u00e0 mon rythme de vie. J&#8217;ai besoin d&#8217;\u00e9tablir des liens d&#8217;une nouvelle \u00e0 l&#8217;autre, surtout quand je les con\u00e7ois sous la forme d&#8217;un livre. Tous mes recueils de nouvelles sont &#8220;th\u00e9matiques&#8221;. Le premier, En sortant de l&#8217;\u00e9cole (publi\u00e9 dans la collection dirig\u00e9e par Jean Vautrin, l&#8217;Atelier-Julliard, 1992) est compos\u00e9 de nouvelles qui sont autant de variations sur le th\u00e8me de l&#8217;\u00e9cole. Le m\u00eame souci d&#8217;unit\u00e9 se retrouve dans les nouvelles qui sont r\u00e9unies dans les Sorci\u00e8res ordinaires (Calmann-L\u00e9vy, 1997). J&#8217;aime beaucoup \u00e9crire des nouvelles car, par rapport au roman, elles permettent d&#8217;aborder tel ou tel sujet avec beaucoup de personnages et des modes de narration diff\u00e9rents.<\/p>\n<p>On peut faire des nouvelles dialogu\u00e9es, des nouvelles au pr\u00e9sent, au pass\u00e9, \u00e0 la premi\u00e8re, la deuxi\u00e8me ou la troisi\u00e8me personne&#8230; C&#8217;est comme la prise d&#8217;une forteresse. On a un sujet, une forteresse, et chaque nouvelle est un moyen de l&#8217;investir.<\/p>\n<p> <strong> Quel rapport \u00e9tablissez-vous entre vos nouvelles et vos romans ? <\/strong><\/p>\n<p> <strong> Mich\u00e8le Gazier : <\/strong> En paraphrasant Aragon qui disait que &#8221; la femme, est l&#8217;avenir de l&#8217;homme &#8220;, j&#8217;ai \u00e9crit que &#8221; la nouvelle est l&#8217;avenir du roman &#8220;. Pour moi, l&#8217;un et l&#8217;autre se rejoignent. Je suis Fran\u00e7aise, n\u00e9e en France, de langue fran\u00e7aise, mais mes origines espagnoles m&#8217;ont donn\u00e9 envie d&#8217;acqu\u00e9rir une culture hispanique.<\/p>\n<p>Passionn\u00e9e par le Si\u00e8cle d&#8217;Or, le roman picaresque, Don Quichotte, j&#8217;ai d\u00e9couvert un mode de narration tr\u00e8s diff\u00e9rent du mode de narration fran\u00e7ais traditionnel. Pas de narrateur unique, omniscient, universel, qui sait tout, mais dans des lieux privil\u00e9gi\u00e9s (en g\u00e9n\u00e9ral des auberges) des gens qui se rencontrent, et qui se racontent des histoires. A peu pr\u00e8s tous mes romans ont \u00e9t\u00e9 construits de cette mani\u00e8re. Ainsi, le roman est une sorte de &#8221; tissage &#8221; de ce qui pourrait \u00eatre des unit\u00e9s de nouvelles. La nouvelle, alors, c&#8217;est une sorte de &#8221; noyau dur &#8221; du roman.<\/p>\n<p> <strong> Peut-on dire que vos th\u00e8mes sont &#8221; f\u00e9minins &#8221; ? <\/strong><\/p>\n<p> <strong> Mich\u00e8le Gazier : <\/strong> Quand j&#8217;ai \u00e9crit Nativit\u00e9s (Points\/Seuil), livre sur la naissance, on m&#8217;a fait remarquer que je ne parlais que de femmes. Mais, dans un film de guerre, qui s&#8217;\u00e9tonne de ne voir que des hommes ? Certes, je parle plus facilement des femmes, d&#8217;abord parce que j&#8217;en suis une, et puis parce que la litt\u00e9rature a \u00e9t\u00e9 longtemps domin\u00e9e par des voix d&#8217;hommes qui nous faisaient parler \u00e0 leur mani\u00e8re. Je ne crois pas qu&#8217;il existe une &#8221; \u00e9criture f\u00e9minine &#8220;, mais une &#8221; th\u00e9matique f\u00e9minine &#8220;, oui.<\/p>\n<p> <strong> Quels sont vos th\u00e8mes de pr\u00e9dilection ? <\/strong><\/p>\n<p> <strong> Mich\u00e8le Gazier : <\/strong> &#8221; A chaque fou son obsession &#8220;, a dit Cervant\u00e8s. Je revendique cette folie. Je suis tr\u00e8s attach\u00e9e \u00e0 plusieurs th\u00e8mes: la naissance, les origines, la fronti\u00e8re, la sorcellerie&#8230; Et puis il y a ce th\u00e8me qui repr\u00e9sente pour moi une alchimie extraordinaire: le passage d&#8217;une langue \u00e0 l&#8217;autre. C&#8217;est en traduisant de l&#8217;espagnol en fran\u00e7ais que j&#8217;ai fait mon apprentissage de l&#8217;\u00e9criture.<\/p>\n","protected":false},"excerpt":{"rendered":"<p> Entretien avec Mich\u00e8le Gazier <\/p>\n","protected":false},"author":1,"featured_media":0,"comment_status":"open","ping_status":"open","sticky":false,"template":"","format":"standard","meta":{"_themeisle_gutenberg_block_has_review":false,"footnotes":""},"categories":[141],"tags":[288],"class_list":["post-1185","post","type-post","status-publish","format-standard","hentry","category-archives-web","tag-spectacle-vivant"],"_links":{"self":[{"href":"https:\/\/archives.regards.fr\/index.php?rest_route=\/wp\/v2\/posts\/1185","targetHints":{"allow":["GET"]}}],"collection":[{"href":"https:\/\/archives.regards.fr\/index.php?rest_route=\/wp\/v2\/posts"}],"about":[{"href":"https:\/\/archives.regards.fr\/index.php?rest_route=\/wp\/v2\/types\/post"}],"author":[{"embeddable":true,"href":"https:\/\/archives.regards.fr\/index.php?rest_route=\/wp\/v2\/users\/1"}],"replies":[{"embeddable":true,"href":"https:\/\/archives.regards.fr\/index.php?rest_route=%2Fwp%2Fv2%2Fcomments&post=1185"}],"version-history":[{"count":0,"href":"https:\/\/archives.regards.fr\/index.php?rest_route=\/wp\/v2\/posts\/1185\/revisions"}],"wp:attachment":[{"href":"https:\/\/archives.regards.fr\/index.php?rest_route=%2Fwp%2Fv2%2Fmedia&parent=1185"}],"wp:term":[{"taxonomy":"category","embeddable":true,"href":"https:\/\/archives.regards.fr\/index.php?rest_route=%2Fwp%2Fv2%2Fcategories&post=1185"},{"taxonomy":"post_tag","embeddable":true,"href":"https:\/\/archives.regards.fr\/index.php?rest_route=%2Fwp%2Fv2%2Ftags&post=1185"}],"curies":[{"name":"wp","href":"https:\/\/api.w.org\/{rel}","templated":true}]}}