{"id":11842,"date":"2019-10-23T12:00:00","date_gmt":"2019-10-23T10:00:00","guid":{"rendered":"https:\/\/wp.muchomaas.com\/article-pierre-lebret-le-peuple-chilien-souhaite-approfondir-une-transition\/"},"modified":"2023-06-23T23:44:24","modified_gmt":"2023-06-23T21:44:24","slug":"article-pierre-lebret-le-peuple-chilien-souhaite-approfondir-une-transition","status":"publish","type":"post","link":"https:\/\/archives.regards.fr\/?p=11842","title":{"rendered":"Pierre Lebret : \u00ab Le peuple chilien souhaite approfondir une transition d\u00e9mocratique inachev\u00e9e il y a 30 ans \u00bb"},"content":{"rendered":"<p class=\"post_excerpt\">Une r\u00e9pression sans pr\u00e9c\u00e9dent depuis la fin de la dictature Pinochet. Des dizaines de manifestants morts sous les tirs des forces arm\u00e9es au Chili. Quelle issue pour cette mobilisation d\u2019un peuple \u00ab qui n\u2019en peut plus \u00bb ? Pierre Lebret, politologue, sp\u00e9cialiste de l\u2019Am\u00e9rique latine, est l\u2019invit\u00e9 de #LaMidinale.<\/p>\n<p><iframe loading=\"lazy\" width=\"490\" height=\"276\" src=\"https:\/\/www.youtube.com\/embed\/hlbQrj-4Ah0\" frameborder=\"0\" allow=\"accelerometer; autoplay; encrypted-media; gyroscope; picture-in-picture\" allowfullscreen><\/iframe><\/p>\n<p>&nbsp;<\/p>\n<p>\n<strong>POUR \u00c9COUTER CETTE MIDINALE EN PODCAST<\/strong><br \/>\n<strong>>><\/strong> <em><a href=\"https:\/\/open.spotify.com\/episode\/4JeCpHiNBkm6cSEnXynl4k\">sur Spotify<\/a><\/em><br \/>\n<strong>>><\/strong> <em><a href=\"https:\/\/podcasts.apple.com\/fr\/podcast\/le-peuple-chilien-souhaite-approfondir-une-transition\/id1479697573?i=1000454590117\">sur Apple<\/a><\/em><\/p>\n<p>&nbsp;<\/p>\n<p><h2>VERBATIM<\/h2>\n<p>&nbsp;<\/p>\n<p>\n<em>\u00a0<strong>Sur Sebasti\u00e1n Pi\u00f1era<\/em>\u00a0<\/strong><br \/>\n\u00ab Sebasti\u00e1n Pi\u00f1era est un chef d\u2019entreprise qui \u00e9tait s\u00e9nateur dans les ann\u00e9es 90. Avec une partie de la droite, il avait vot\u00e9 \u201cnon\u201d \u00e0 Pinochet. \u00bb<br \/>\n\u00ab Il fait partie des personnalit\u00e9s qui ont impos\u00e9 un mod\u00e8le n\u00e9olib\u00e9ral depuis les ann\u00e9es 80, mod\u00e8le sur lequel ils se sont enrichis. Et c\u2019est avec ce mod\u00e8le-l\u00e0 qu\u2019il ne veut pas rompre. \u00bb<br \/>\n\u00ab La droite au pouvoir n\u2019a que l\u2019ordre pour fantasme. Elle ne croit pas au dialogue social. Pi\u00f1era ne croit pas au dialogue social. Il invite les forces politiques \u00e0 dialoguer, il exclut le Parti communiste, il exclut d\u2019autres forces, il n\u2019invite pas les syndicats ou les repr\u00e9sentants des mouvements sociaux. \u00bb<\/p>\n<p><em>\u00a0<strong>Sur le contexte \u00e9conomique du Chili<\/em>\u00a0<\/strong><br \/>\n\u00ab Au Chili, il y a une vingtaine, de familles qui contr\u00f4lent l\u2019\u00e9conomie du pays &#8211; une \u00e9conomie bas\u00e9e sur le cuivre qui repr\u00e9sente 50 \u00e0 60% du PIB. \u00bb<br \/>\n\u00ab Au Chili, 26,5% du PIB est d\u00e9tenu par 1% de la population. \u00bb<br \/>\n\u00ab Le Chili est un pays qui est extr\u00eamement polaris\u00e9 socialement. \u00bb<br \/>\n\u00ab L\u2019\u00e9ducation est priv\u00e9e, la sant\u00e9 est priv\u00e9e, les fonds de retraite sont sur les places boursi\u00e8res et les retraites sont mis\u00e9rables. \u00bb<\/p>\n<p><em>\u00a0<strong>Sur le contexte social<\/em>\u00a0<\/strong><br \/>\n\u00ab Ce que demande le peuple chilien, c\u2019est de remettre tout le syst\u00e8me \u00e0 plat. \u00bb<br \/>\n\u00ab Les Chiliens vivent \u00e0 cr\u00e9dit. Quand vous avez 500\u20ac par mois, qui correspond \u00e0 peu pr\u00e8s au salaire minimum, que vous devez payer l\u2019\u00e9ducation des enfants, les frais de sant\u00e9, les loyers &#8211; qui atteignent le niveau des loyers europ\u00e9ens -, vous ne pouvez plus vivre. \u00bb<br \/>\n\u00ab Le mod\u00e8le n\u00e9olib\u00e9ral a voulu donner aux Chiliens des cartes de cr\u00e9dit pour que le peuple puisse consommer mais \u00e7a n\u2019est plus possible. \u00bb<br \/>\n\u00ab Dans le m\u00eame temps, vous avez aussi des cas de corruption dans les instances militaires, qui ont fait perdre jusqu\u2019\u00e0 400 millions de dollars au fisc. \u00bb<br \/>\n\u00ab Il y a des vagues de corruption que le peuple chilien ne peut plus supporter. \u00bb<\/p>\n<p><em>\u00a0<strong>Sur le mouvement social<\/em>\u00a0<\/strong><br \/>\n\u00ab Le peuple chilien est en train de prendre la responsabilit\u00e9 d\u2019une transition inachev\u00e9e il y a trente ans. \u00bb<br \/>\n\u00ab Avant Sebasti\u00e1n Pi\u00f1era, il y avait un gouvernement de centre gauche, celui de Michelle Bachelet, qui a essay\u00e9 d\u2019engager des r\u00e9formes structurelles. Mais \u00e0 chaque fois qu\u2019un gouvernement de gauche ou de centre gauche arrive au pouvoir, ses projets sont au Parlement sont ren\u00e9goci\u00e9s pour ne pas qu\u2019il y ait d\u2019effets sur le refondement du syst\u00e8me n\u00e9olib\u00e9ral qui est issu d\u2019une Constitution elle-m\u00eame issue de la dictature de Pinochet. \u00bb<\/p>\n<p><em>\u00a0<strong>Sur la r\u00e9pression et le d\u00e9ploiement de l\u2019arm\u00e9e<\/em>\u00a0<\/strong><br \/>\n\u00ab Je vous parle d\u2019un pays dont le pr\u00e9sident et son gouvernement ont perdu la raison et leurs responsabilit\u00e9s. \u00bb<br \/>\n\u00ab Ils ont abandonn\u00e9 leurs responsabilit\u00e9s politiques en mettant l\u2019arm\u00e9e dans la rue. \u00bb<br \/>\n\u00ab L\u2019Institut national des droits de l\u2019homme est en train d\u2019\u00e9tablir des chiffres : on parle d\u2019une vingtaine de morts. Il y a des viols commis par les forces arm\u00e9es. Et la question c\u2019est : o\u00f9 est la communaut\u00e9 internationale ? \u00bb<br \/>\n\u00ab Jean-Yves Le Drian a d\u00e9clar\u00e9 hier : \u201cnous avons des regrets\u201d. On ne fait pas de la diplomatie avec des regrets. Il nous faut des actes. \u00bb<\/p>\n<p><em>\u00a0<strong>Sur la communaut\u00e9 internationale<\/em>\u00a0<\/strong><br \/>\n\u00ab S\u2019ils ne veulent pas suspendre la COP25, Paris pourrait au moins demander le retrait des forces arm\u00e9es dans les rues de Santiago. \u00bb<br \/>\n\u00ab Cette crise n\u2019est pas surprenante. On s\u2019y attendait et les Nations Unies aussi avec les chiffres des in\u00e9galit\u00e9s, les tensions qui existent. Les familles n\u2019en peuvent plus. \u00bb<\/p>\n<p><em>\u00a0<strong>Sur les mesures sociales annonc\u00e9es<\/em>\u00a0<\/strong><br \/>\n\u00ab Ces mesures ne vont pas suffire. Ce mouvement social est en train de prendre la responsabilit\u00e9 d\u2019une transition inachev\u00e9e. \u00bb<br \/>\n\u00ab La majorit\u00e9 du mouvement demande la d\u00e9mission du gouvernement. Il y a du sang qui coule dans les rues du pays. \u00bb<br \/>\n\u00ab Il faut changer de politique et installer un nouveau cadre politique qui passe n\u00e9cessairement par un changement de Constitution qui est issue de la dictature Pinochet. \u00bb<\/p>\n<p><em>\u00a0<strong>Sur l\u2019Am\u00e9rique latine et l\u2019\u00e9chec de la gauche<\/em>\u00a0<\/strong><br \/>\n\u00ab Les peuples d\u2019Am\u00e9rique latine sont en train de se r\u00e9veiller. \u00bb<br \/>\n\u00ab Il y a eu des avanc\u00e9es sur la r\u00e9duction de la pauvret\u00e9, sur les droits sociaux, les droits politiques et civils mais il reste beaucoup \u00e0 faire. \u00bb<br \/>\n\u00ab Les gouvernements de centre gauche sont confront\u00e9s aux pouvoirs \u00e9conomiques et financiers. \u00bb<br \/>\n\u00ab La soci\u00e9t\u00e9 demande des effets et des r\u00e9sultats plus rapides mais \u00e7a ne remet pas en question les actions de Michelle Bachelet ou de Dilma Rousseff. \u00bb<div id='gallery-1' class='gallery galleryid-11842 gallery-columns-3 gallery-size-thumbnail'><figure class='gallery-item'>\n\t\t\t<div class='gallery-icon landscape'>\n\t\t\t\t<a href='https:\/\/archives.regards.fr\/wp-content\/uploads\/2019\/10\/capture_d_e_cran_2019-10-23_a_11-8e5.14.26.png'><img loading=\"lazy\" decoding=\"async\" width=\"150\" height=\"150\" src=\"https:\/\/archives.regards.fr\/wp-content\/uploads\/2019\/10\/capture_d_e_cran_2019-10-23_a_11-8e5.14.26-150x150.png\" class=\"attachment-thumbnail size-thumbnail\" alt=\"capture_d_e_cran_2019-10-23_a_11.14.26.png\" \/><\/a>\n\t\t\t<\/div><\/figure>\n\t\t<\/div>\n<\/p>\n","protected":false},"excerpt":{"rendered":"<p>Une r\u00e9pression sans pr\u00e9c\u00e9dent depuis la fin de la dictature Pinochet. Des dizaines de manifestants morts sous les tirs des forces arm\u00e9es au Chili. Quelle issue pour cette mobilisation d\u2019un peuple \u00ab qui n\u2019en peut plus \u00bb ? Pierre Lebret, politologue, sp\u00e9cialiste de l\u2019Am\u00e9rique latine, est l\u2019invit\u00e9 de #LaMidinale.<\/p>\n","protected":false},"author":1039,"featured_media":28116,"comment_status":"open","ping_status":"open","sticky":false,"template":"","format":"standard","meta":{"_themeisle_gutenberg_block_has_review":false,"footnotes":""},"categories":[238],"tags":[293],"class_list":["post-11842","post","type-post","status-publish","format-standard","has-post-thumbnail","hentry","category-la-midinale","tag-entretien"],"_links":{"self":[{"href":"https:\/\/archives.regards.fr\/index.php?rest_route=\/wp\/v2\/posts\/11842","targetHints":{"allow":["GET"]}}],"collection":[{"href":"https:\/\/archives.regards.fr\/index.php?rest_route=\/wp\/v2\/posts"}],"about":[{"href":"https:\/\/archives.regards.fr\/index.php?rest_route=\/wp\/v2\/types\/post"}],"author":[{"embeddable":true,"href":"https:\/\/archives.regards.fr\/index.php?rest_route=\/wp\/v2\/users\/1039"}],"replies":[{"embeddable":true,"href":"https:\/\/archives.regards.fr\/index.php?rest_route=%2Fwp%2Fv2%2Fcomments&post=11842"}],"version-history":[{"count":0,"href":"https:\/\/archives.regards.fr\/index.php?rest_route=\/wp\/v2\/posts\/11842\/revisions"}],"wp:featuredmedia":[{"embeddable":true,"href":"https:\/\/archives.regards.fr\/index.php?rest_route=\/wp\/v2\/media\/28116"}],"wp:attachment":[{"href":"https:\/\/archives.regards.fr\/index.php?rest_route=%2Fwp%2Fv2%2Fmedia&parent=11842"}],"wp:term":[{"taxonomy":"category","embeddable":true,"href":"https:\/\/archives.regards.fr\/index.php?rest_route=%2Fwp%2Fv2%2Fcategories&post=11842"},{"taxonomy":"post_tag","embeddable":true,"href":"https:\/\/archives.regards.fr\/index.php?rest_route=%2Fwp%2Fv2%2Ftags&post=11842"}],"curies":[{"name":"wp","href":"https:\/\/api.w.org\/{rel}","templated":true}]}}