{"id":11839,"date":"2019-10-22T13:12:42","date_gmt":"2019-10-22T11:12:42","guid":{"rendered":"https:\/\/wp.muchomaas.com\/article-catalogne-le-tribunal-de-madrid-n-est-pas-independant-les-juges-sont-nommes-par\/"},"modified":"2023-06-23T23:44:22","modified_gmt":"2023-06-23T21:44:22","slug":"article-catalogne-le-tribunal-de-madrid-n-est-pas-independant-les-juges-sont-nommes-par","status":"publish","type":"post","link":"https:\/\/archives.regards.fr\/?p=11839","title":{"rendered":"Catalogne : \u00ab Le tribunal de Madrid n\u2019est pas ind\u00e9pendant: les juges sont nomm\u00e9s par le gouvernement \u00bb"},"content":{"rendered":"<p class=\"post_excerpt\">Neuvi\u00e8me jour de mobilisation \u00e0 Barcelone apr\u00e8s la condamnation des dirigeants catalans \u00e0 de la prison ferme pour avoir organis\u00e9 un r\u00e9f\u00e9rendum d\u2019autod\u00e9termination il y a 3 ans. Pour en parler, Mariana Sanchez, journaliste et co-auteure de <em>Catalogne, la R\u00e9publique libre<\/em>, est l\u2019invit\u00e9e de #LaMidinale.<\/p>\n<p><iframe loading=\"lazy\" width=\"490\" height=\"276\" src=\"https:\/\/www.youtube.com\/embed\/ctEZxGUwc0E\" frameborder=\"0\" allow=\"accelerometer; autoplay; encrypted-media; gyroscope; picture-in-picture\" allowfullscreen><\/iframe><\/p>\n<p>&nbsp;<\/p>\n<p>\n<strong>POUR \u00c9COUTER CETTE MIDINALE EN PODCAST<\/strong><br \/>\n<strong>>><\/strong> <em><a href=\"https:\/\/open.spotify.com\/episode\/3CwBDsfYCuPaDMl5nSCjrj\">sur Spotify<\/a><\/em><br \/>\n<strong>>><\/strong> <em><a href=\"https:\/\/podcasts.apple.com\/fr\/podcast\/catalogne-le-tribunal-madrid-nest-pas-ind%C3%A9pendant-les\/id1479697573?i=1000454590118\">sur Apple<\/a><\/em><\/p>\n<p>&nbsp;<\/p>\n<p><h2>VERBATIM<\/h2>\n<p>&nbsp;<\/p>\n<p>\n<em>\u00a0<strong>Sur les raisons des mobilisations \u00e0 Barcelone actuellement<\/em>\u00a0<\/strong><br \/>\n\u00ab Ce qui a mis le feu aux poudres, c\u2019est la sentence qui a \u00e9t\u00e9 rendue par le tribunal supr\u00eame de Madrid contre les anciens ministres du gouvernement catalan et les deux dirigeants d\u2019association. Ils ont \u00e9t\u00e9 condamn\u00e9s pour s\u00e9dition c\u2019est-\u00e0-dire avoir os\u00e9 organiser le r\u00e9f\u00e9rendum du 1er octobre 2017 pour tester l\u2019id\u00e9e de l\u2019ind\u00e9pendance aupr\u00e8s de la population catalane. \u00bb<br \/>\n\u00ab Les Catalans avaient essay\u00e9 d\u2019organiser le r\u00e9f\u00e9rendum l\u00e9galement mais avaient \u00e9chou\u00e9 \u00e0 cause de Madrid. \u00bb<\/p>\n<p><em>\u00a0<strong>Sur la justice espagnole qui a condamn\u00e9 les dirigeants catalans<\/em>\u00a0<\/strong><br \/>\n\u00ab Le tribunal supr\u00eame de Madrid n\u2019est pas ind\u00e9pendant : les juges qui y si\u00e8gent sont nomm\u00e9s par le gouvernement en place. Ainsi, ceux qui ont jug\u00e9 les dirigeants catalans ont \u00e9t\u00e9 nomm\u00e9s par le pr\u00e9c\u00e9dent gouvernement, celui de Mariano Rajoy\u2026 des gens tr\u00e8s connus pour leurs convictions de droite voire d\u2019extr\u00eame droite. \u00bb<br \/>\n\u00ab Contrairement \u00e0 ce qui se dit en France, la justice espagnole n\u2019est pas ind\u00e9pendante. \u00bb<\/p>\n<p><em>\u00a0<strong>Sur le sentiment ind\u00e9pendantiste en Catalogne<\/em>\u00a0<\/strong><br \/>\n\u00ab En Catalogne et en Espagne, on entend souvent dire que le plus gros recruteur d\u2019ind\u00e9pendantistes, c\u2019est Mariano Rajoy. \u00bb<br \/>\n\u00ab Le sentiment catalan est tr\u00e8s ancr\u00e9 d\u2019un point de vue culturel notamment, par la langue, par ses traditions\u2026 et il a surv\u00e9cu au franquisme ! \u00bb<br \/>\n\u00ab Sous le franquisme, il y a eu un temps pendant lequel nous n\u2019avions pas le droit de parler catalan puis nous avions le droit mais pas celui de l\u2019\u00e9crire ou de l\u2019apprendre \u00e0 l\u2019\u00e9cole. Ce n\u2019est qu\u2019\u00e0 la mort de Franco que ces droits ont \u00e9t\u00e9 r\u00e9tablis. \u00bb<br \/>\n\u00ab Au moment de la promulgation de la Constitution espagnole de 1978, des r\u00e9gimes d\u2019autonomie ont \u00e9t\u00e9 donn\u00e9s, non seulement aux r\u00e9gions qui, historiquement, le demandaient (le Pays Basque, la Catalogne et la Galice), mais aussi \u00e0 sept autres r\u00e9gions pour diluer le sentiment catalan dans le contexte espagnol (\u2026). A partir de 2010 et l\u2019arriv\u00e9e de la droite au pouvoir, ces pr\u00e9rogatives ont commenc\u00e9 \u00e0 \u00eatre amoindries. \u00bb<br \/>\n\u00ab Dans les ann\u00e9es 80-90, la mouvance autonomiste faisait \u00e0 peu pr\u00e8s 15% &#8211; la Catalogne \u00e9tant une r\u00e9gion \u00e0 gauche qui votait tr\u00e8s majoritairement pour les partis socialiste ou communiste. Apr\u00e8s les ann\u00e9es 2000, on a un mouvement qui est devenu quasiment majoritaire. \u00bb<\/p>\n<p><em>\u00a0<strong>Sur le clivage gauche-droite en Catalogne actuellement<\/em>\u00a0<\/strong><br \/>\n\u00ab En Catalogne, le mouvement ind\u00e9pendantiste est trans-courants. \u00bb<br \/>\n\u00ab Pour Podemos, il y a une diff\u00e9rence de point de vue sur la situation entre les Catalans et Madrid, entre Pablo Iglesias et Ada Colau. Podemos a une position claire sur le r\u00e9f\u00e9rendum : ils ont toujours soutenu que le peuple catalan, comme d\u2019autres, puisse organiser un r\u00e9f\u00e9rendum. Mais ils rajoutent qu\u2019une fois le r\u00e9f\u00e9rendum organis\u00e9, ils voteront contre l\u2019ind\u00e9pendance. \u00bb<br \/>\n\u00ab Ada Colau a une position similaire \u00e0 celle de Madrid mais beaucoup plus camp\u00e9e sur ses positions d\u2019autod\u00e9termination et contre la r\u00e9pression. \u00bb<br \/>\n\u00ab Ada Colau, aujourd\u2019hui et au vu de la situation de crise, tente une esp\u00e8ce de m\u00e9diation, non pas avec Madrid qui fait la sourde oreille, mais pour parer aux violences et \u00e0 la r\u00e9pression qui s\u00e9vit. \u00bb<\/p>\n<p><em>\u00a0<strong>Sur le dialogue impossible entre Madrid et Barcelone<\/em>\u00a0<\/strong><br \/>\n\u00ab Pedro Sanchez a visit\u00e9 un h\u00f4pital hier, lundi 21 octobre. Il y a quand m\u00eame eu 579 bless\u00e9s, plus de 300 gravement, 4 qui ont perdu leur \u0153il\u2026 et le Premier ministre n\u2019est all\u00e9 voir qu\u2019un policier bless\u00e9 et s\u2019est fait huer par le personnel m\u00e9dical. \u00bb<br \/>\n\u00ab Pedro Sanchez refuse de rencontrer Quim Torra [le pr\u00e9sident de la Catalogne]. \u00bb<br \/>\n\u00ab Pedro Sanchez envoie ses \u00e9missaires un peu partout en Europe\u2026 comme hier, sur BFM TV, o\u00f9 un monsieur est venu expliquer que Quim Torra \u00e9tait un m\u00e9chant parce qu\u2019il coupait les routes en Catalogne ! Effectivement, Quim Torra fait partie du demi-million de personnes qui ont march\u00e9 sur les routes catalanes vendredi pour converger \u00e0 Barcelone. \u00bb<br \/>\n\u00ab Quim Torra est dans une position compliqu\u00e9e : une partie de sa police, la police catalane dirig\u00e9e par un de ses ministres, tape sur les gens. \u00bb<\/p>\n<p><em>\u00a0<strong>Sur la r\u00e9pression polici\u00e8re<\/em>\u00a0<\/strong><br \/>\n\u00ab L\u2019attitude des forces de police, c\u2019est de la provocation. \u00bb<br \/>\n\u00ab Au lendemain de la grande manifestation, il y a eu des manifestations de jeunes fascistes \u00e0 Barcelone. La Guardia Civil les a laiss\u00e9 passer et rejoindre d\u2019autres jeunes qui \u00e9taient en train de faire un sit-in devant une caserne. Et ce n\u2019est qu\u2019au moment o\u00f9 le cort\u00e8ge fasciste a rejoint les jeunes que les policiers sont intervenus, chargeant majoritairement les jeunes non-violentes. \u00bb<\/p>\n<p><em>\u00a0<strong>Sur l\u2019issue politique du conflit<\/em>\u00a0<\/strong><br \/>\n\u00ab Pedro Sanchez joue le pourrissement. \u00bb<br \/>\n\u00ab Il y aura une issue politique possible \u00e0 partir du moment o\u00f9 Pedro Sanchez acceptera de discuter. \u00bb<br \/>\n\u00ab Les Catalans se sont mis d\u2019accord sur trois points sur lesquels ils veulent discuter avec Madrid : la paix c\u2019est-\u00e0-dire l\u2019arr\u00eat de la violence, l\u2019autod\u00e9termination et la lib\u00e9ration des prisonniers politiques. \u00bb<br \/>\n\u00ab Pedro Sanchez se pose sur le terrain de l\u2019unionisme et donne des gages \u00e0 la droite et \u00e0 l\u2019extr\u00eame droite : au vu des derniers sondages, cela fait monter Ciudadanos, une droite franquiste d\u00e9complex\u00e9e qui passe des alliances avec l\u2019extr\u00eame droite dans certains ex\u00e9cutifs locaux, le Parti populaire et Vox, l\u2019extr\u00eame droite. \u00bb<\/p>\n<p><em>\u00a0<strong>Sur le r\u00f4le de l\u2019Union europ\u00e9enne<\/em>\u00a0<\/strong><br \/>\n\u00ab Les Catalans, toutes tendances confondues, sont profond\u00e9ment europ\u00e9ens. Ils ont \u00e9t\u00e9 tr\u00e8s d\u00e9\u00e7us par l\u2019attitude de l\u2019Union europ\u00e9enne lors du r\u00e9f\u00e9rendum. \u00bb<br \/>\n\u00ab Les Catalans, depuis le d\u00e9but, en appelle \u00e0 l\u2019Europe. \u00bb<br \/>\n\u00ab Ne f\u00fbt-ce qu\u2019en termes de r\u00e9pression, de droits fondamentaux et m\u00eame quant \u00e0 l\u2019autod\u00e9termination, l\u2019Europe a quelque chose \u00e0 faire. \u00bb<div id='gallery-1' class='gallery galleryid-11839 gallery-columns-3 gallery-size-thumbnail'><figure class='gallery-item'>\n\t\t\t<div class='gallery-icon landscape'>\n\t\t\t\t<a href='https:\/\/archives.regards.fr\/wp-content\/uploads\/2019\/10\/capture_d_e_cran_2019-10-22_a_12-93f.58.57.png'><img loading=\"lazy\" decoding=\"async\" width=\"150\" height=\"150\" src=\"https:\/\/archives.regards.fr\/wp-content\/uploads\/2019\/10\/capture_d_e_cran_2019-10-22_a_12-93f.58.57-150x150.png\" class=\"attachment-thumbnail size-thumbnail\" alt=\"capture_d_e_cran_2019-10-22_a_12.58.57.png\" \/><\/a>\n\t\t\t<\/div><\/figure>\n\t\t<\/div>\n<\/p>\n","protected":false},"excerpt":{"rendered":"<p>Neuvi\u00e8me jour de mobilisation \u00e0 Barcelone apr\u00e8s la condamnation des dirigeants catalans \u00e0 de la prison ferme pour avoir organis\u00e9 un r\u00e9f\u00e9rendum d\u2019autod\u00e9termination il y a 3 ans. Pour en parler, Mariana Sanchez, journaliste et co-auteure de <em>Catalogne, la R\u00e9publique libre<\/em>, est l\u2019invit\u00e9e de #LaMidinale.<\/p>\n","protected":false},"author":1204,"featured_media":28108,"comment_status":"open","ping_status":"open","sticky":false,"template":"","format":"standard","meta":{"_themeisle_gutenberg_block_has_review":false,"footnotes":""},"categories":[238],"tags":[293],"class_list":["post-11839","post","type-post","status-publish","format-standard","has-post-thumbnail","hentry","category-la-midinale","tag-entretien"],"_links":{"self":[{"href":"https:\/\/archives.regards.fr\/index.php?rest_route=\/wp\/v2\/posts\/11839","targetHints":{"allow":["GET"]}}],"collection":[{"href":"https:\/\/archives.regards.fr\/index.php?rest_route=\/wp\/v2\/posts"}],"about":[{"href":"https:\/\/archives.regards.fr\/index.php?rest_route=\/wp\/v2\/types\/post"}],"author":[{"embeddable":true,"href":"https:\/\/archives.regards.fr\/index.php?rest_route=\/wp\/v2\/users\/1204"}],"replies":[{"embeddable":true,"href":"https:\/\/archives.regards.fr\/index.php?rest_route=%2Fwp%2Fv2%2Fcomments&post=11839"}],"version-history":[{"count":0,"href":"https:\/\/archives.regards.fr\/index.php?rest_route=\/wp\/v2\/posts\/11839\/revisions"}],"wp:featuredmedia":[{"embeddable":true,"href":"https:\/\/archives.regards.fr\/index.php?rest_route=\/wp\/v2\/media\/28108"}],"wp:attachment":[{"href":"https:\/\/archives.regards.fr\/index.php?rest_route=%2Fwp%2Fv2%2Fmedia&parent=11839"}],"wp:term":[{"taxonomy":"category","embeddable":true,"href":"https:\/\/archives.regards.fr\/index.php?rest_route=%2Fwp%2Fv2%2Fcategories&post=11839"},{"taxonomy":"post_tag","embeddable":true,"href":"https:\/\/archives.regards.fr\/index.php?rest_route=%2Fwp%2Fv2%2Ftags&post=11839"}],"curies":[{"name":"wp","href":"https:\/\/api.w.org\/{rel}","templated":true}]}}