{"id":11832,"date":"2019-10-18T14:36:13","date_gmt":"2019-10-18T12:36:13","guid":{"rendered":"https:\/\/wp.muchomaas.com\/article-nadiya-lazzouni-tout-le-monde-theorise-sur-le-hijab-mais-on-ne-donne-pas-la\/"},"modified":"2023-06-23T23:44:19","modified_gmt":"2023-06-23T21:44:19","slug":"article-nadiya-lazzouni-tout-le-monde-theorise-sur-le-hijab-mais-on-ne-donne-pas-la","status":"publish","type":"post","link":"https:\/\/archives.regards.fr\/?p=11832","title":{"rendered":"\u00ab Tout le monde th\u00e9orise sur le hijab mais on ne donne pas la parole aux concern\u00e9es \u00bb"},"content":{"rendered":"<p class=\"post_excerpt\">Le d\u00e9bat sur le voile qui s\u2019invite r\u00e9guli\u00e8rement dans l\u2019actualit\u00e9 oublie toujours de faire \u00e9merger une parole : celle des femmes concern\u00e9es. La journaliste et YouTubeuse Nadiya Lazzouni (Speak Up Channel), est l\u2019invit\u00e9e de #LaMidinale.<\/p>\n<p><iframe loading=\"lazy\" width=\"490\" height=\"276\" src=\"https:\/\/www.youtube.com\/embed\/LastvQs2lbo\" frameborder=\"0\" allow=\"accelerometer; autoplay; encrypted-media; gyroscope; picture-in-picture\" allowfullscreen><\/iframe><\/p>\n<p>&nbsp;<\/p>\n<p>\n<strong>POUR \u00c9COUTER CETTE MIDINALE EN PODCAST<\/strong><br \/>\n<strong>>><\/strong> <em><a href=\"https:\/\/open.spotify.com\/episode\/3VZcAdY4PjrKdMX4e1mjql\">sur Spotify<\/a><\/em><br \/>\n<strong>>><\/strong> <em><a href=\"https:\/\/podcasts.apple.com\/fr\/podcast\/nadiya-lazzouni-tout-le-monde-th%C3%A9orise-sur-le-hijab\/id1479697573?i=1000453983091\">sur Apple<\/a><\/em><\/p>\n<p>&nbsp;<\/p>\n<p><h2>VERBATIM<\/h2>\n<p>&nbsp;<\/p>\n<p>\n<em>\u00a0<strong>Sur le regard port\u00e9 sur les femmes qui portent le voile<\/em>\u00a0<\/strong><br \/>\n\u00ab Je n\u2019ai port\u00e9 le voile qu\u2019\u00e0 partir de 27 ans. Et quand on fait ce choix \u00e0 un \u00e2ge aussi tardif, c\u2019est que c\u2019est bien r\u00e9fl\u00e9chi et consenti. \u00bb<br \/>\n\u00ab [Le port du voile], c\u2019est l\u2019aboutissement d\u2019un cheminement spirituel. \u00bb<br \/>\n\u00ab On ne voit que le hijab sur ma t\u00eate : je suis un hijab sur pieds. \u00bb<br \/>\n\u00ab Ce n\u2019est que lorsque j\u2019engage la discussion avec les autres que l\u2019on se rend compte qu\u2019il y a un cerveau sous le foulard. \u00bb<\/p>\n<p><em>\u00a0<strong>Sur le d\u00e9bat sur le voile comme diversion<\/em>\u00a0<\/strong><br \/>\n\u00ab Le d\u00e9bat sur le voile, c\u2019est une fa\u00e7on de faire diversion. \u00bb<br \/>\n\u00ab Le d\u00e9bat sur le voile masque les v\u00e9ritables probl\u00e8mes auxquels les politiques devraient faire face. \u00bb<br \/>\n\u00ab Jean-Michel Blanquer vient nous dire que le hijab n\u2019est pas souhaitable dans notre soci\u00e9t\u00e9 \u00e0 un moment o\u00f9 la France traverse une crise sociale sans pr\u00e9c\u00e9dent, \u00e0 un moment o\u00f9, au sein de l\u2019\u00e9ducation nationale, des directrices d\u2019\u00e9tablissement se suicident sur le lieu de travail\u2026 \u00bb<br \/>\n\u00ab Ce qui n\u2019est pas souhaitable M. Blanquer, c\u2019est que vous ignoriez la souffrance du personnel enseignant qui a la lourde t\u00e2che d\u2019\u00e9duquer nos enfants. \u00bb<br \/>\n\u00ab De tout temps, on a toujours cherch\u00e9 un ennemi commun pour faire diversion et ne pas s\u2019occuper des vrais probl\u00e8mes. \u00bb<br \/>\n \u00ab Il n\u2019y a pas de probl\u00e8mes avec l\u2019islam ou avec les musulmans : le probl\u00e8me, c\u2019est les racistes et leur impossibilit\u00e9 \u00e0 faire face aux vrais enjeux et d\u00e9fis de notre soci\u00e9t\u00e9. \u00bb<\/p>\n<p><strong>\u00a0<em>Sur la la\u00efcit\u00e9<\/em>\u00a0<\/strong><br \/>\n\u00ab On nous parle en boucle d\u2019entorses \u00e0 la la\u00efcit\u00e9 alors m\u00eame que des ministres qui, eux, sont li\u00e9s au principe de neutralit\u00e9 (et pas nous \u2013 \u00e7a ne vaut que pour les agents du service public), sont en train de r\u00e9gir l\u2019islam. \u00bb<br \/>\n\u00ab La loi de 1905 est m\u00e9connue : elle s\u00e9pare les Eglises et l\u2019Etat et demande la neutralit\u00e9 des agents du service public \u2013 pas des usagers que nous sommes. \u00bb<br \/>\n\u00ab Comme on en parle syst\u00e9matiquement au quotidien sur les cha\u00eenes d\u2019information en continu, on fait de l\u2019islam une religion politique. Ce qui n\u2019est absolument pas le cas en bas \u2013 \u00e7a vient d\u2019en haut. \u00bb<\/p>\n<p><em>\u00a0<strong>Sur le racisme anti-musulmans<\/em>\u00a0<\/strong><br \/>\n\u00ab Il y a une surench\u00e8re du racisme anti-musulmans mais surtout anti-musulmanes puisque ce sont les femmes qui sont visibles et identifi\u00e9es. \u00bb<br \/>\n\u00ab La question de l\u2019islam et du hijab renarcissise des \u00e9gos en manque de reconnaissance. \u00bb<br \/>\n\u00ab [Le journaliste de LCI Olivier Galzi] devrait \u00eatre mis \u00e0 pied pour ce qu\u2019il a dit. On attend des sanctions. \u00bb<br \/>\n\u00ab Est-ce qu\u2019on attend un passage \u00e0 l\u2019acte ? Des morts ? C\u2019est une question qu\u2019avait l\u2019air de se poser Zineb El Rhazaoui\u2026 Est-ce que pour elle la preuve du racisme anti-musulman ne se fera que lorsqu\u2019il y a aura une femme morte ? \u00bb<\/p>\n<p><em>\u00a0<strong>Sur les raisons qui am\u00e8nent \u00e0 porter un voile<\/em>\u00a0<\/strong><br \/>\n \u00ab Le port du voile d\u00e9coule d\u2019une d\u00e9marche personnelle et religieuse. \u00bb<br \/>\n\u00ab On parle de nous mais on ne nous demande pas la dimension que l\u2019on donne au hijab\u2026 \u00bb<br \/>\n\u00ab Tout le monde th\u00e9orise sur le hijab mais on ne donne pas la parole aux premi\u00e8res concern\u00e9es. \u00bb<br \/>\n\u00ab On nous dit que la France s\u2019islamise, qu\u2019il y en a de plus en plus dans la rue mais on n\u2019est incapable d\u2019en inviter une sur un plateau t\u00e9l\u00e9. Tout \u00e7a rel\u00e8ve du fantasme. \u00bb<br \/>\n\u00ab On regarde la t\u00e9l\u00e9 et on se dit que l\u2019on n\u2019est pas repr\u00e9sent\u00e9. \u00bb<br \/>\n\u00ab On essaie de nous invisibiliser de l\u2019espace public tout en nous demandant de renforcer notre appartenance \u00e0 la communaut\u00e9 nationale. \u00bb<br \/>\n\u00ab La visibilit\u00e9 des minorit\u00e9s [dans les diff\u00e9rents espaces] permet aux individus de se sentir fran\u00e7ais. \u00bb<br \/>\n\u00ab On grandit avec les codes de sa famille, de ses cercles d\u2019amis\u2026 C\u2019est un processus naturel (\u2026). Mais la libert\u00e9, c\u2019est l\u2019absence de contraintes. Dans la mesure o\u00f9 l\u2019on ne m\u2019a pas forc\u00e9e \u00e0 porter le hijab, je jouis de cette libert\u00e9. En revanche, lorsque nos politiques et nos m\u00e9dias s\u2019interrogent sur l\u2019opportunit\u00e9 de nous interdire de porter le hijab, on exerce une contrainte et on nous prive d\u2019une libert\u00e9. \u00bb<\/p>\n<p><em>\u00a0<strong>Sur l\u2019interdiction du voile dans l\u2019espace public<\/em>\u00a0<\/strong><br \/>\n\u00ab C\u2019est un discours clairement anti-r\u00e9publicain. \u00bb<br \/>\n\u00ab La D\u00e9claration des droits de l\u2019homme et du citoyen date de 1789 dispose, son article 10, que \u201cnul ne doit \u00eatre inqui\u00e9t\u00e9 pour ses opinions, m\u00eame religieuses, pourvu que leur manifestation ne trouble pas l\u2019ordre public \u00e9tabli par la loi\u201d. \u00bb<br \/>\n\u00ab La Constitution et plusieurs conventions internationales garantissent la libert\u00e9 de religion. \u00bb<br \/>\n\u00ab [Ceux qui sont pour l\u2019interdiction du voile dans l\u2019espace public] ont un probl\u00e8me avec la libert\u00e9. Si le cadre juridique d\u2019Etat de droit de la France ne leur va pas, ils peuvent aller vivre dans d\u2019autres pays plus autoritaires. \u00bb<\/p>\n<p><em>\u00a0<strong>Sur la responsabilit\u00e9 des politiques<\/em>\u00a0<\/strong><br \/>\n\u00ab Ce qui se passe est criminel. J\u2019esp\u00e8re que [nos responsables politiques] n\u2019ont pas conscience de ce que les femmes musulmanes subissent. \u00bb<br \/>\n\u00ab Le racisme anti-musulman n\u2019est pas le probl\u00e8me uniquement des musulmans : c\u2019est le probl\u00e8me de tous les Fran\u00e7ais. \u00bb<br \/>\n\u00ab On attend des personnes que l\u2019on a \u00e9lues qu\u2019elles \u0153uvrent pour la concorde nationale. Mais ce n\u2019est pas ce qu\u2019ils font : ils proposent de la d\u00e9lation, de la division, de la haine. \u00bb<br \/>\n\u00ab Les discriminations genr\u00e9es sont tr\u00e8s ancr\u00e9es dans la soci\u00e9t\u00e9 fran\u00e7aise : ce n\u2019est donc pas \u00e9tonnant que les femmes musulmanes soient les premi\u00e8res victimes. \u00bb<br \/>\n\u00ab Il n\u2019y a pas de rupture avec le pass\u00e9 colonial. \u00bb<\/p>\n<p><em>\u00a0<strong>Sur le f\u00e9minisme et le port du voile<\/em>\u00a0<\/strong><br \/>\n\u00ab Le f\u00e9minisme, c\u2019est reconna\u00eetre aux femmes le droit de disposer de leurs corps comme elles l\u2019entendent. C\u2019est aller vers une \u00e9galit\u00e9 entre les hommes et les femmes. \u00bb<br \/>\n\u00ab On n\u2019est pas des \u00e9cervel\u00e9es : si on a d\u00e9cid\u00e9 de porter le hijab, vu le contexte, c\u2019est qu\u2019on a bien r\u00e9fl\u00e9chi \u00e0 deux fois avant de le faire. \u00bb<\/p>\n<p><em>\u00a0<strong>Sur les cons\u00e9quences de la situation actuelle<\/em>\u00a0<\/strong><br \/>\n\u00ab Une des cons\u00e9quences de ce qui est en train de se passer, c\u2019est le repli identitaire. \u00bb<br \/>\n\u00ab On vous fait comprendre que vous n\u2019\u00eates pas souhaitable comme vous \u00eates, on vous humilie devant tout le monde, devant votre propre enfant. \u00bb<br \/>\n\u00ab A \u00e0 peine 10 ans, [le fils de la m\u00e8re qui portait un voile au Conseil r\u00e9gional de Bourgogne-Franche-Comt\u00e9] sait d\u00e9j\u00e0 qu\u2019il n\u2019est pas un vrai Fran\u00e7ais. \u00bb<br \/>\n\u00ab Le communautarisme et le s\u00e9paratisme sont entretenus et nourris par des propos tenus par 3 membres du gouvernement. \u00bb<div id='gallery-1' class='gallery galleryid-11832 gallery-columns-3 gallery-size-thumbnail'><figure class='gallery-item'>\n\t\t\t<div class='gallery-icon landscape'>\n\t\t\t\t<a href='https:\/\/archives.regards.fr\/wp-content\/uploads\/2019\/10\/capture_d_e_cran_2019-10-18_a_14-128.30.13.png'><img loading=\"lazy\" decoding=\"async\" width=\"150\" height=\"150\" src=\"https:\/\/archives.regards.fr\/wp-content\/uploads\/2019\/10\/capture_d_e_cran_2019-10-18_a_14-128.30.13-150x150.png\" class=\"attachment-thumbnail size-thumbnail\" alt=\"capture_d_e_cran_2019-10-18_a_14.30.13.png\" \/><\/a>\n\t\t\t<\/div><\/figure>\n\t\t<\/div>\n<\/p>\n","protected":false},"excerpt":{"rendered":"<p>Le d\u00e9bat sur le voile qui s\u2019invite r\u00e9guli\u00e8rement dans l\u2019actualit\u00e9 oublie toujours de faire \u00e9merger une parole : celle des femmes concern\u00e9es. La journaliste et YouTubeuse Nadiya Lazzouni (Speak Up Channel), est l\u2019invit\u00e9e de #LaMidinale.<\/p>\n","protected":false},"author":1039,"featured_media":28094,"comment_status":"open","ping_status":"open","sticky":false,"template":"","format":"standard","meta":{"_themeisle_gutenberg_block_has_review":false,"footnotes":""},"categories":[238],"tags":[293,306],"class_list":["post-11832","post","type-post","status-publish","format-standard","has-post-thumbnail","hentry","category-la-midinale","tag-entretien","tag-feminisme"],"_links":{"self":[{"href":"https:\/\/archives.regards.fr\/index.php?rest_route=\/wp\/v2\/posts\/11832","targetHints":{"allow":["GET"]}}],"collection":[{"href":"https:\/\/archives.regards.fr\/index.php?rest_route=\/wp\/v2\/posts"}],"about":[{"href":"https:\/\/archives.regards.fr\/index.php?rest_route=\/wp\/v2\/types\/post"}],"author":[{"embeddable":true,"href":"https:\/\/archives.regards.fr\/index.php?rest_route=\/wp\/v2\/users\/1039"}],"replies":[{"embeddable":true,"href":"https:\/\/archives.regards.fr\/index.php?rest_route=%2Fwp%2Fv2%2Fcomments&post=11832"}],"version-history":[{"count":0,"href":"https:\/\/archives.regards.fr\/index.php?rest_route=\/wp\/v2\/posts\/11832\/revisions"}],"wp:featuredmedia":[{"embeddable":true,"href":"https:\/\/archives.regards.fr\/index.php?rest_route=\/wp\/v2\/media\/28094"}],"wp:attachment":[{"href":"https:\/\/archives.regards.fr\/index.php?rest_route=%2Fwp%2Fv2%2Fmedia&parent=11832"}],"wp:term":[{"taxonomy":"category","embeddable":true,"href":"https:\/\/archives.regards.fr\/index.php?rest_route=%2Fwp%2Fv2%2Fcategories&post=11832"},{"taxonomy":"post_tag","embeddable":true,"href":"https:\/\/archives.regards.fr\/index.php?rest_route=%2Fwp%2Fv2%2Ftags&post=11832"}],"curies":[{"name":"wp","href":"https:\/\/api.w.org\/{rel}","templated":true}]}}