{"id":11827,"date":"2019-10-15T13:00:45","date_gmt":"2019-10-15T11:00:45","guid":{"rendered":"https:\/\/wp.muchomaas.com\/article-agit-polat-erdogan-veut-un-nettoyage-ethnique-des-kurdes-et-la-communaute\/"},"modified":"2023-06-23T23:44:16","modified_gmt":"2023-06-23T21:44:16","slug":"article-agit-polat-erdogan-veut-un-nettoyage-ethnique-des-kurdes-et-la-communaute","status":"publish","type":"post","link":"https:\/\/archives.regards.fr\/?p=11827","title":{"rendered":"Agit Polat : \u00ab Erdogan veut un nettoyage ethnique des Kurdes et la communaut\u00e9 internationale reste passive \u00bb"},"content":{"rendered":"<p class=\"post_excerpt\">Apr\u00e8s l\u2019offensive turque au Rojava, quelle situation pour les Kurdes ? Quelle r\u00e9ponse de l\u2019Europe ? De la France ? Quels dangers pour les Kurdes ? Et quelles cons\u00e9quences pour l\u2019Europe ? Agit Polat, porte-parole du CDKF (Conseil D\u00e9mocratique des Kurdes de France) est l\u2019invit\u00e9 de #LaMidinale.<\/p>\n<p><iframe loading=\"lazy\" width=\"490\" height=\"276\" src=\"https:\/\/www.youtube.com\/embed\/OGTRMlNnEVM\" frameborder=\"0\" allow=\"accelerometer; autoplay; encrypted-media; gyroscope; picture-in-picture\" allowfullscreen><\/iframe><\/p>\n<p>&nbsp;<\/p>\n<p>\n<strong>POUR \u00c9COUTER CETTE MIDINALE EN PODCAST<\/strong><br \/>\n<strong>>><\/strong> <em><a href=\"https:\/\/open.spotify.com\/episode\/5HwV2v61IY2b3PvXN1fiQU\">sur Spotify<\/a><\/em><br \/>\n<strong>>><\/strong> <em><a href=\"https:\/\/podcasts.apple.com\/fr\/podcast\/erdogan-veut-nettoyage-ethnique-des-kurdes-et-la-communaut%C3%A9\/id1479697573?i=1000453588731\">sur Apple<\/a><\/em><\/p>\n<p>&nbsp;<\/p>\n<p><h2>VERBATIM<\/h2>\n<p>&nbsp;<\/p>\n<p>\n<em>\u00a0<strong>Sur l\u2019acc\u00e9l\u00e9ration du conflit<\/em>\u00a0<\/strong><br \/>\n\u00ab Un simple tweet de Donald Trump a contribu\u00e9 \u00e0 d\u00e9gradation de la situation. Des civils continuent d\u2019\u00eatre tu\u00e9s sous les bombardements de l\u2019arm\u00e9e turque. \u00bb<br \/>\n\u00ab La communaut\u00e9 internationale reste passive vis-\u00e0-vis de la Turquie. \u00bb<br \/>\n\u00ab La France s\u2019est engag\u00e9e dans la lutte aupr\u00e8s des Kurdes contre Daesh. \u00bb<br \/>\n\u00ab Dans le cadre d\u2019une r\u00e9organisation des groupes djihadistes, ce n\u2019est pas la Turquie que ces organisations frappera mais la France. \u00bb<br \/>\n\u00ab Les organisations djihadistes vont essayer de se venger et pourraient frapper la France \u00e0 nouveau. \u00bb<br \/>\n\u00ab La situation actuelle est vraiment dramatique. \u00bb<\/p>\n<p><em>\u00a0<strong>Sur l\u2019objectif d\u2019Erdogan<\/em>\u00a0<\/strong><br \/>\n\u00ab Erdogan veut op\u00e9rer un nettoyage ethnique. Il veut un changement de d\u00e9mographie et le renforcement du djihadisme. \u00bb<br \/>\n\u00ab Gr\u00e2ce \u00e0 la passivit\u00e9 de la communaut\u00e9 internationale, Erdogan est en train de r\u00e9ussir son projet. \u00bb<\/p>\n<p><em>\u00a0<strong>Sur la situation des Kurdes<\/em>\u00a0<\/strong><br \/>\n\u00ab Il y a plus de 160.000 personnes qui ont \u00e9t\u00e9 oblig\u00e9es d\u2019\u00e9vacuer leurs lieux d\u2019habitation. \u00bb<br \/>\n\u00ab Les personnes se dirigent vers le sud, vers des zones plus s\u00fbres, que les bombardements de l\u2019arm\u00e9e turque ne peuvent pas atteindre. \u00bb<br \/>\n\u00ab Le Rojava n\u2019est pas seulement une zone g\u00e9ographique avec des Kurdes, c\u2019est une zone g\u00e9ographique avec d\u2019autres composantes ethniques : des Arabes, des Arm\u00e9niens, des Assyriaques. \u00bb<br \/>\n\u00ab Erdogan veut d\u00e9placer les 3,6 millions de r\u00e9fugi\u00e9s qui se trouvent en Turquie dans cette zone de soi-disant s\u00e9curit\u00e9 qu\u2019il veut instaurer. Ceci revient \u00e0 un nettoyage ethnique. \u00bb<br \/>\n\u00ab Il y a une crainte parmi la population qui connait l\u2019obscurantisme et le djihadisme. On parle d\u2019un peuple qui a souffert et qui souffre depuis de longues dates. Ils savent r\u00e9sister mais le conflit a pris une proportion diff\u00e9rente. \u00bb<br \/>\n\u00ab La population civile r\u00e9siste dans ce contexte car elle ne va pas ailleurs. Il y a cette conscience qu\u2019il faut rester et pr\u00e9server ces terres, ces zones qui nous appartiennent et qui sont sous la menace turque. \u00bb<\/p>\n<p><em>\u00a0<strong>Sur le r\u00f4le de la France<\/em>\u00a0<\/strong><br \/>\n\u00ab La France a de grandes responsabilit\u00e9s vis-\u00e0-vis de la Syrie et des Kurdes. \u00bb<br \/>\n\u00ab La France doit davantage s\u2019engager aux c\u00f4t\u00e9s des Kurdes dans la lutte contre Daesh et la Turquie. \u00bb<br \/>\n\u00ab Erdogan a annonc\u00e9 \u00e0 plusieurs reprises qu\u2019il voulait \u00e9largir ses fronti\u00e8res pour restaurer les limites des fronti\u00e8res de l\u2019empire ottoman. \u00bb<br \/>\n\u00ab \u00c0 force de c\u00e9der aux chantages de la Turquie, nous en sommes arriv\u00e9s au point o\u00f9 l\u2019occident se fait menacer par la Turquie. \u00bb<\/p>\n<p><em>\u00a0<strong>Sur la guerre contre la Turquie<\/em>\u00a0<\/strong><br \/>\n\u00ab Je n\u2019appellerais pas \u00e0 une guerre contre la Turquie \u2013 en tout cas pas militairement. Mais il faut engager des sanctions concr\u00e8tes notamment par la voie \u00e9conomique. \u00bb<br \/>\n\u00ab L\u2019arm\u00e9e turque ne pourra pas r\u00e9sister sans l\u2019espace a\u00e9rien. On demande une zone d\u2019exclusion a\u00e9rienne. \u00bb<br \/>\n\u00ab Il faut un blocus concret : il faut renverser l\u2019\u00e9conomie turque. \u00bb<br \/>\n\u00ab La France doit prendre les commandes de la coalition internationale. \u00bb<br \/>\n\u00ab Trump met le chaos en Europe. \u00c7a touche et affecte l\u2019Europe. Dans le cas o\u00f9 le djihadisme se renforcera, ce n\u2019est pas les Etats-Unis qui seront impact\u00e9s mais l\u2019Europe. La situation de chaos et de crise ne va pas tellement toucher les Etats-Unis. \u00bb<\/p>\n<p><em>\u00a0<strong>Sur la d\u00e9claration de Jean-Luc M\u00e9lenchon<\/em>\u00a0<\/strong><br \/>\n\u00ab La d\u00e9claration de Jean-Luc M\u00e9lenchon est positive. Il veut \u00e0 tout prix faire bouger les choses. \u00bb<br \/>\n\u00ab Jean-Luc M\u00e9lenchon ne veut pas laisser les alli\u00e9s kurdes seuls sur le terrain face \u00e0 une telle offensive d\u00e9vastatrice. \u00bb<\/p>\n<p><em>\u00a0<strong>Sur l\u2019accord avec Bachar El-Assad<\/em>\u00a0<\/strong><br \/>\n\u00ab L\u2019administration du nord et de l\u2019est de la Syrie a conclu un accord avec le r\u00e9gime central syrien \u2013 accord du \u00e0 l\u2019inaction de l\u2019Europe. \u00bb<br \/>\n\u00ab L\u2019accord avec le r\u00e9gime syrien comprend un repositionnement des forces de l\u2019arm\u00e9e syrienne le long de la fronti\u00e8re. \u00bb<\/p>\n<p><em>\u00a0<strong>Sur le combat contre Daesh<\/em>\u00a0<\/strong><br \/>\n\u00ab Ce sont les Kurdes et les autres composantes de la r\u00e9gion qui ont combattu Daesh. \u00bb<br \/>\n\u00ab Ce sont les Kurdes qui ont donn\u00e9 11.000 de nos ami-e-s, 11.000 martyrs, 11.000 enfants de notre patrie \u2013 et 22.000 bless\u00e9-e-s. \u00bb<br \/>\n\u00ab On reconna\u00eet aussi que l\u2019aviation a \u00e9t\u00e9 un soutien. \u00bb<br \/>\n\u00ab Les Forces d\u00e9mocratiques syriennes ont fait le travail. Mais pourquoi les Etats-Unis et la France par exemple n\u2019ont pas envoy\u00e9 leurs soldats combattre sur le terrain ? \u00bb<br \/>\n\u00ab C\u2019est gr\u00e2ce aux Kurdes que l\u2019Humanit\u00e9 a \u00e9t\u00e9 d\u00e9barrass\u00e9 des ordures de Daesh. \u00bb<br \/>\n\u00ab Je ne parlerais pas de trahison pour la France mais il faut que la France agisse et cesse d\u2019\u00eatre silencieuse. \u00bb<\/p>\n<p><em>\u00a0<strong>Sur le Rojava<\/em>\u00a0<\/strong><br \/>\n\u00ab L\u2019invasion de l\u2019arm\u00e9e turque a commenc\u00e9 le 9 octobre. Mais le complot international contre le leader kurde Abdullah \u00d6calan a commenc\u00e9 le 9 octobre 1998. \u00bb<br \/>\n\u00ab Il y a une menace qui cible le projet politique du Rojava en soi. \u00bb<br \/>\n\u00ab Si aujourd\u2019hui, on parle du conf\u00e9d\u00e9ralisme d\u00e9mocratique, de la parit\u00e9, d\u2019une certaine d\u00e9mocratie \u00e9galitaire dans cette r\u00e9gion du Moyen-Orient, c\u2019est un projet qui a \u00e9t\u00e9 d\u00e9velopp\u00e9 par Abdullah \u00d6calan. \u00bb<br \/>\n\u00ab Ce projet politique kurde n\u2019est pas du tout soutenu par Bachar El-Assad qui ne le reconna\u00eet m\u00eame pas. \u00bb<br \/>\n\u00ab Il y a une lutte \u00e0 mener pour d\u00e9mocratiser la Syrie. \u00bb<\/p>\n<p><em>\u00a0<strong>Sur les revendications du peuple kurde<\/em>\u00a0<\/strong><br \/>\n\u00ab Le peuple kurde veut sa libert\u00e9 : ni l\u2019ind\u00e9pendance, ni un Etat, ni une autonomie. \u00bb<br \/>\n\u00ab Le peuple kurde veut \u00eatre reconnu. \u00bb<br \/>\n\u00ab Par la suite, oui, les Kurdes voudront \u00eatre reconnus politiquement et avoir une certaine autonomie et reconnaissance. \u00bb<br \/>\n\u00ab Le Rojova doit continuer \u00e0 \u00eatre un espoir pour l\u2019ensemble des mouvances de gauche et des organisations r\u00e9volutionnaires. \u00bb<div id='gallery-1' class='gallery galleryid-11827 gallery-columns-3 gallery-size-thumbnail'><figure class='gallery-item'>\n\t\t\t<div class='gallery-icon landscape'>\n\t\t\t\t<a href='https:\/\/archives.regards.fr\/wp-content\/uploads\/2019\/10\/capture_d_e_cran_2019-10-15_a_12-276.59.37.png'><img loading=\"lazy\" decoding=\"async\" width=\"150\" height=\"150\" src=\"https:\/\/archives.regards.fr\/wp-content\/uploads\/2019\/10\/capture_d_e_cran_2019-10-15_a_12-276.59.37-150x150.png\" class=\"attachment-thumbnail size-thumbnail\" alt=\"capture_d_e_cran_2019-10-15_a_12.59.37.png\" \/><\/a>\n\t\t\t<\/div><\/figure>\n\t\t<\/div>\n<\/p>\n","protected":false},"excerpt":{"rendered":"<p>Apr\u00e8s l\u2019offensive turque au Rojava, quelle situation pour les Kurdes ? Quelle r\u00e9ponse de l\u2019Europe ? De la France ? Quels dangers pour les Kurdes ? Et quelles cons\u00e9quences pour l\u2019Europe ? Agit Polat, porte-parole du CDKF (Conseil D\u00e9mocratique des Kurdes de France) est l\u2019invit\u00e9 de #LaMidinale.<\/p>\n","protected":false},"author":1039,"featured_media":28085,"comment_status":"open","ping_status":"open","sticky":false,"template":"","format":"standard","meta":{"_themeisle_gutenberg_block_has_review":false,"footnotes":""},"categories":[238],"tags":[293],"class_list":["post-11827","post","type-post","status-publish","format-standard","has-post-thumbnail","hentry","category-la-midinale","tag-entretien"],"_links":{"self":[{"href":"https:\/\/archives.regards.fr\/index.php?rest_route=\/wp\/v2\/posts\/11827","targetHints":{"allow":["GET"]}}],"collection":[{"href":"https:\/\/archives.regards.fr\/index.php?rest_route=\/wp\/v2\/posts"}],"about":[{"href":"https:\/\/archives.regards.fr\/index.php?rest_route=\/wp\/v2\/types\/post"}],"author":[{"embeddable":true,"href":"https:\/\/archives.regards.fr\/index.php?rest_route=\/wp\/v2\/users\/1039"}],"replies":[{"embeddable":true,"href":"https:\/\/archives.regards.fr\/index.php?rest_route=%2Fwp%2Fv2%2Fcomments&post=11827"}],"version-history":[{"count":0,"href":"https:\/\/archives.regards.fr\/index.php?rest_route=\/wp\/v2\/posts\/11827\/revisions"}],"wp:featuredmedia":[{"embeddable":true,"href":"https:\/\/archives.regards.fr\/index.php?rest_route=\/wp\/v2\/media\/28085"}],"wp:attachment":[{"href":"https:\/\/archives.regards.fr\/index.php?rest_route=%2Fwp%2Fv2%2Fmedia&parent=11827"}],"wp:term":[{"taxonomy":"category","embeddable":true,"href":"https:\/\/archives.regards.fr\/index.php?rest_route=%2Fwp%2Fv2%2Fcategories&post=11827"},{"taxonomy":"post_tag","embeddable":true,"href":"https:\/\/archives.regards.fr\/index.php?rest_route=%2Fwp%2Fv2%2Ftags&post=11827"}],"curies":[{"name":"wp","href":"https:\/\/api.w.org\/{rel}","templated":true}]}}