{"id":11824,"date":"2019-10-14T12:18:29","date_gmt":"2019-10-14T10:18:29","guid":{"rendered":"https:\/\/wp.muchomaas.com\/article-gerard-mordillat-si-nous-voulons-transformer-le-monde-la-violence-est\/"},"modified":"2023-06-23T23:44:14","modified_gmt":"2023-06-23T21:44:14","slug":"article-gerard-mordillat-si-nous-voulons-transformer-le-monde-la-violence-est","status":"publish","type":"post","link":"https:\/\/archives.regards.fr\/?p=11824","title":{"rendered":"G\u00e9rard Mordillat : \u00ab Si nous voulons transformer le monde, la violence est in\u00e9vitable \u00bb"},"content":{"rendered":"<p class=\"post_excerpt\">Avec Bertrand Roth\u00e9, il vient de publier <em>Les lois du capital<\/em> (Seuil) et de r\u00e9aliser le documentaire \u00ab Travail, Salaire, Profit \u00bb, dans lequel des chercheurs du monde entier interrogent les concepts fondamentaux de l\u2019\u00e9conomie. G\u00e9rard Mordillat est l\u2019invit\u00e9 de #LaMidinale.<\/p>\n<p><iframe loading=\"lazy\" width=\"490\" height=\"276\" src=\"https:\/\/www.youtube.com\/embed\/xr6ExRw2Pxc\" frameborder=\"0\" allow=\"accelerometer; autoplay; encrypted-media; gyroscope; picture-in-picture\" allowfullscreen><\/iframe><\/p>\n<p>&nbsp;<\/p>\n<p>\n<strong>POUR \u00c9COUTER CETTE MIDINALE EN PODCAST<\/strong><br \/>\n<strong>>><\/strong> <em><a href=\"https:\/\/open.spotify.com\/episode\/5rGqRWxavrOlg9BoYo0EQQ\">sur Spotify<\/a><\/em><br \/>\n<strong>>><\/strong> <em><a href=\"https:\/\/podcasts.apple.com\/fr\/podcast\/g%C3%A9rard-mordillat-si-nous-voulons-transformer-le-monde\/id1479697573?i=1000453428674\">sur Apple<\/a><\/em><\/p>\n<p>&nbsp;<\/p>\n<p><h2>VERBATIM<\/h2>\n<p>&nbsp;<\/p>\n<p>\n<em>\u00a0<strong>Sur Macron et la p\u00e9nibilit\u00e9 au travail<\/em>\u00a0<\/strong><br \/>\n\u00ab Pour ceux de la classe et de la condition sociale de Macron, le travail est une occupation respectable qui permet de vivre tr\u00e8s confortablement. \u00bb<br \/>\n\u00ab Macron n\u2019a aucune id\u00e9e de la r\u00e9alit\u00e9 concr\u00e8te de ce que fait la majorit\u00e9 des salari\u00e9s en France. \u00bb<br \/>\n\u00ab Le travail porte en lui une part de cr\u00e9ation, de responsabilit\u00e9 individuelle et le genre humain a toujours travaill\u00e9. Il travaillera toujours. \u00bb<br \/>\n\u00ab La fin du travail, c\u2019est la fin de l\u2019humanit\u00e9. C\u2019est diff\u00e9rent de l\u2019emploi. \u00bb<br \/>\n\u00ab Quand un sculpteur sculpte, il travaille. Quand une femme remplit des formulaires pour une assurance, elle a un emploi. \u00bb<\/p>\n<p><em>\u00a0<strong>Sur l\u2019\u00e9volution s\u00e9mantique du monde du travail<\/em>\u00a0<\/strong><br \/>\n\u00ab La r\u00e9volution s\u00e9mantique est une arme des n\u00e9olib\u00e9raux. \u00bb<br \/>\n\u00ab L\u2019adversaire, le n\u00e9olib\u00e9ralisme, nous enferme dans son langage. Un langage dont le chef d\u2019\u0153uvre absolu est le \u201cplan de sauvegarde de l\u2019emploi\u201d qui est en r\u00e9alit\u00e9 un plan de licenciement. \u00bb<br \/>\n\u00ab Je suis choqu\u00e9 par le fait que les syndicalistes acceptent d\u2019\u00eatre d\u00e9sign\u00e9s comme des partenaires sociaux alors qu\u2019ils sont des adversaires sociaux. \u00bb<br \/>\n\u00ab Pour que l\u2019emploi tel qu\u2019il est pens\u00e9 fonctionne, il ne doit pas y avoir de futur. C\u2019est la journ\u00e9e et rien d\u2019autre. Il ne faut pas de pass\u00e9 non plus. Pas de code du travail. Pas de protection des salari\u00e9s. \u00bb<br \/>\n\u00ab On tente chaque jour de nous faire vivre dans une sorte de pr\u00e9sent virtuel dont le temps serait uniquement command\u00e9 par les entrepreneurs. \u00bb<\/p>\n<p><em>\u00a0<strong>Sur l\u2019individualisation du travail et l\u2019uberisation<\/em>\u00a0<\/strong><br \/>\n\u00ab Apr\u00e8s 68, traumatisme majeur pour le patronat fran\u00e7ais, l\u2019id\u00e9e a \u00e9t\u00e9 de fractionner les entreprises pour \u00e9viter les concentrations ouvri\u00e8res. On a individualis\u00e9 le travail, les primes, les salaires. On a ainsi introduit la concurrence entre tous. \u00c7a a fait exploser la solidarit\u00e9 ouvri\u00e8re et salariale. \u00bb<br \/>\n\u00ab Le mouvement auquel nous assistons aujourd\u2019hui, c\u2019est l\u2019uberisation, la cr\u00e9ation du statut d\u2019auto-entrepreneur qui est une monstruosit\u00e9. \u00bb<br \/>\n\u00ab Avec le statut d\u2019auto-entrepreneur, l\u2019individu devient son propre exploiteur. \u00bb<br \/>\n\u00ab Je ne sais pas si c\u2019est la fin du salariat mais il est terriblement combattu. \u00bb<br \/>\n\u00ab Le salariat am\u00e8ne \u00e0 l\u2019obtention de droits : la s\u00e9curit\u00e9, le salaire, le revenu et c\u2019est \u00e7a que l\u2019on veut enlever. \u00bb<\/p>\n<p><em>\u00a0<strong>Sur la robotisation et le partage du travail<\/em>\u00a0<\/strong><br \/>\n\u00ab La lutte sur le temps de travail est une lutte essentielle. C\u2019est la lutte historique de la classe ouvri\u00e8re. Il faut baisser le temps de travail pour le partager. \u00bb<br \/>\n\u00ab Il faut partager le travail non pas pour des raisons morales mais pour que les citoyens aient le sentiment de participer \u00e0 la richesse de la nation. Or on voit que ce d\u00e9sir de participer \u00e0 la richesse de la Nation existe dans le cadre du b\u00e9n\u00e9volat : les gens ont envie de participer \u00e0 la chose commune. \u00bb<br \/>\n\u00ab Il faut redonner aux services publics la place qui devrait \u00eatre la leur. Il faut des services publics puissants. \u00bb<br \/>\n\u00ab Le trio maudit Sarkozy-Hollande-Macron n\u2019a qu\u2019un objectif : d\u00e9truire les services publics. \u00bb<br \/>\n\u00ab L\u2019augmentation des salaires est n\u00e9cessaire. \u00bb<\/p>\n<p><em>\u00a0<strong>Sur le revenu universel d\u2019existence<\/em>\u00a0<\/strong><br \/>\n\u00ab Je ne suis pas tr\u00e8s favorable \u00e0 l\u2019id\u00e9e d\u2019un revenu universel. \u00bb<br \/>\n\u00ab Chacun doit avoir le sentiment que ce qu\u2019il fait produit des objets ou des services mais produit aussi pour lui des revenus. S\u2019il y a un revenu universel, je crains une man\u0153uvre pour imposer une vision ultra-lib\u00e9rale du monde puisqu\u2019\u00e0 partir du moment o\u00f9 vous n\u2019aurez plus de s\u00e9curit\u00e9 sociale, de retraite, c\u2019est \u00e0 vous de cr\u00e9er les \u00e9l\u00e9ments pour \u00e7a. \u00bb<\/p>\n<p><em>\u00a0<strong>Sur travail, capitalisme et Etat<\/em>\u00a0<\/strong><br \/>\n\u00ab Le travail de l\u2019\u00eatre humain est indispensable \u00e0 la survie de l\u2019esp\u00e8ce humaine. \u00bb<br \/>\n\u00ab Le capitalisme r\u00eave depuis toujours d\u2019un monde sans salari\u00e9s, sans syndicats et o\u00f9 l\u2019on ferait de l\u2019argent avec de l\u2019argent. \u00bb<br \/>\n\u00ab On assigne \u00e0 l\u2019Etat un r\u00f4le tr\u00e8s \u00e9trange puisqu\u2019il n\u2019est plus le garant des libert\u00e9s publiques, il n\u2019est pas celui qui doit tenter d\u2019organiser une \u00e9galit\u00e9 entre les citoyens, il est celui qui doit r\u00e9guler le march\u00e9. \u00bb<br \/>\n\u00ab L\u2019Etat est \u00e0 la remorque des forces financi\u00e8res et \u00e9conomiques donc je ne crois pas qu\u2019on puisse attendre grand chose de l\u2019Etat. C\u2019est aux citoyens de s\u2019emparer de cela et de renverser la table et les chaises. \u00c7a ne se fera pas sans violence. C\u2019est in\u00e9vitable. \u00bb<br \/>\n\u00ab Les mouvement sociaux d\u2019aujourd\u2019hui restent dans le domaine protestataire. \u00bb<div id='gallery-1' class='gallery galleryid-11824 gallery-columns-3 gallery-size-thumbnail'><figure class='gallery-item'>\n\t\t\t<div class='gallery-icon landscape'>\n\t\t\t\t<a href='https:\/\/archives.regards.fr\/wp-content\/uploads\/2019\/10\/capture_d_e_cran_2019-10-14_a_12-9a1.04.11.png'><img loading=\"lazy\" decoding=\"async\" width=\"150\" height=\"150\" src=\"https:\/\/archives.regards.fr\/wp-content\/uploads\/2019\/10\/capture_d_e_cran_2019-10-14_a_12-9a1.04.11-150x150.png\" class=\"attachment-thumbnail size-thumbnail\" alt=\"capture_d_e_cran_2019-10-14_a_12.04.11.png\" \/><\/a>\n\t\t\t<\/div><\/figure>\n\t\t<\/div>\n<\/p>\n","protected":false},"excerpt":{"rendered":"<p>Avec Bertrand Roth\u00e9, il vient de publier <em>Les lois du capital<\/em> (Seuil) et de r\u00e9aliser le documentaire \u00ab Travail, Salaire, Profit \u00bb, dans lequel des chercheurs du monde entier interrogent les concepts fondamentaux de l\u2019\u00e9conomie. G\u00e9rard Mordillat est l\u2019invit\u00e9 de #LaMidinale.<\/p>\n","protected":false},"author":1039,"featured_media":28079,"comment_status":"open","ping_status":"open","sticky":false,"template":"","format":"standard","meta":{"_themeisle_gutenberg_block_has_review":false,"footnotes":""},"categories":[238],"tags":[293],"class_list":["post-11824","post","type-post","status-publish","format-standard","has-post-thumbnail","hentry","category-la-midinale","tag-entretien"],"_links":{"self":[{"href":"https:\/\/archives.regards.fr\/index.php?rest_route=\/wp\/v2\/posts\/11824","targetHints":{"allow":["GET"]}}],"collection":[{"href":"https:\/\/archives.regards.fr\/index.php?rest_route=\/wp\/v2\/posts"}],"about":[{"href":"https:\/\/archives.regards.fr\/index.php?rest_route=\/wp\/v2\/types\/post"}],"author":[{"embeddable":true,"href":"https:\/\/archives.regards.fr\/index.php?rest_route=\/wp\/v2\/users\/1039"}],"replies":[{"embeddable":true,"href":"https:\/\/archives.regards.fr\/index.php?rest_route=%2Fwp%2Fv2%2Fcomments&post=11824"}],"version-history":[{"count":0,"href":"https:\/\/archives.regards.fr\/index.php?rest_route=\/wp\/v2\/posts\/11824\/revisions"}],"wp:featuredmedia":[{"embeddable":true,"href":"https:\/\/archives.regards.fr\/index.php?rest_route=\/wp\/v2\/media\/28079"}],"wp:attachment":[{"href":"https:\/\/archives.regards.fr\/index.php?rest_route=%2Fwp%2Fv2%2Fmedia&parent=11824"}],"wp:term":[{"taxonomy":"category","embeddable":true,"href":"https:\/\/archives.regards.fr\/index.php?rest_route=%2Fwp%2Fv2%2Fcategories&post=11824"},{"taxonomy":"post_tag","embeddable":true,"href":"https:\/\/archives.regards.fr\/index.php?rest_route=%2Fwp%2Fv2%2Ftags&post=11824"}],"curies":[{"name":"wp","href":"https:\/\/api.w.org\/{rel}","templated":true}]}}