{"id":11818,"date":"2019-10-10T12:32:48","date_gmt":"2019-10-10T10:32:48","guid":{"rendered":"https:\/\/wp.muchomaas.com\/article-martin-drago-la-reconnaissance-faciale-est-l-outil-final-de-surveillance-de\/"},"modified":"2023-06-23T23:44:12","modified_gmt":"2023-06-23T21:44:12","slug":"article-martin-drago-la-reconnaissance-faciale-est-l-outil-final-de-surveillance-de","status":"publish","type":"post","link":"https:\/\/archives.regards.fr\/?p=11818","title":{"rendered":"Martin Drago : \u00ab La reconnaissance faciale est l\u2019outil final de surveillance de masse \u00bb"},"content":{"rendered":"<p class=\"post_excerpt\">En novembre, la France veut lancer son dispositif ALICEM de reconnaissance faciale pour acc\u00e9der eux services publics en ligne. Pour la Quadrature du net, mais aussi la CNIL, ce dispositif n\u2019est pas compatible avec le r\u00e8glement g\u00e9n\u00e9ral sur les donn\u00e9es personnelles. Nos libert\u00e9s sont-elles en danger ? Martin Drago, juriste et membre de la Quadrature du Net, est l\u2019invit\u00e9 de #LaMidinale. <\/p>\n<p><iframe loading=\"lazy\" width=\"490\" height=\"276\" src=\"https:\/\/www.youtube.com\/embed\/mO1Tgr1Ck8A\" frameborder=\"0\" allow=\"accelerometer; autoplay; encrypted-media; gyroscope; picture-in-picture\" allowfullscreen><\/iframe><\/p>\n<p>&nbsp;<\/p>\n<p>\n<strong>POUR \u00c9COUTER CETTE MIDINALE EN PODCAST<\/strong><br \/>\n<strong>>><\/strong> <em><a href=\"https:\/\/open.spotify.com\/episode\/6G5zYopjfM6vOn4p6KVDhH\">sur Spotify<\/a><\/em><br \/>\n<strong>>><\/strong> <em><a href=\"https:\/\/podcasts.apple.com\/fr\/podcast\/martin-drago-la-reconnaissance-faciale-est-loutil-final\/id1479697573?i=1000453007083\">sur Apple<\/a><\/em><\/p>\n<p>&nbsp;<\/p>\n<p><h2>VERBATIM<\/h2>\n<p>&nbsp;<\/p>\n<p>\n<em>\u00a0<strong>Sur l\u2019usage des technologies \u00e0 reconnaissance faciale<\/em>\u00a0<\/strong><br \/>\n\u00ab Il y en a d\u00e9j\u00e0 dans les a\u00e9roports et l y a eu une exp\u00e9rience lors du carnaval de Nice pendant trois jours &#8211; premi\u00e8re exp\u00e9rimentation de reconnaissance faciale sur la voie publique ! La police peut acc\u00e9der et faire de la reconnaissance faciale avec un fichier\u2026 et il y a cette exp\u00e9rimentation dans les lyc\u00e9es qui arrive. \u00bb<br \/>\n\u00ab Ce qui a motiv\u00e9 notre recours, c\u2019est qu\u2019il faut commencer \u00e0 r\u00e9fl\u00e9chir \u00e0 l\u2019interdiction, voire \u00e0 un moratoire sur le d\u00e9veloppement de cette technologie. \u00bb<\/p>\n<p><em>\u00a0<strong>Sur les motivations li\u00e9es au d\u00e9veloppement de cette technologie<\/em>\u00a0<\/strong><br \/>\n\u00ab On entend beaucoup, de la part de la gendarmerie et de la police, qu\u2019on serait en train de perdre la course \u00e0 l\u2019armement par rapport \u00e0 la Chine ou aux Etats-Unis et qu\u2019il nous faut un champion fran\u00e7ais. \u00bb<br \/>\n\u00ab [La gendarmerie et la police] nous expliquent qu\u2019on a d\u00e9j\u00e0 des champions fran\u00e7ais mais qu\u2019ils ne peuvent pas exp\u00e9rimenter leur technologie en France et qu\u2019ils doivent aller l\u2019exp\u00e9rimenter dans des pays \u00e9trangers ou le cadre des libert\u00e9s va \u00eatre un peu moins stricte. \u00bb<br \/>\n\u00ab Ce qui motive ces exp\u00e9rimentations, c\u2019est de faire de la France l\u2019une des pionni\u00e8res de ces technologies. \u00bb<\/p>\n<p><em>\u00a0<strong>Sur la fiabilit\u00e9 de ces technologies<\/em>\u00a0<\/strong><br \/>\n\u00ab Un des premiers probl\u00e8mes des dispositifs de reconnaissance faciale, c\u2019est que \u00e7a ne marche pas tr\u00e8s bien. Comme tous les dispositifs d\u2019intelligence artificielle, il y a des biais. \u00bb<br \/>\n\u00ab Il faut aller au-del\u00e0 de la critique de ces biais et s\u2019interroger intrins\u00e8quement sur la technologie elle-m\u00eame : est-ce qu\u2019elle n\u2019est pas trop dangereuse pour exister ? \u00bb<br \/>\n\u00ab Que cette technologie marche ou pas ? On s\u2019en fout, on n\u2019en veut pas. \u00bb<\/p>\n<p><em>\u00a0<strong>Sur le projet ALICEM qui pourrait se d\u00e9ployer d\u00e8s novembre en France<\/em>\u00a0<\/strong><br \/>\n\u00ab ALICEM n\u2019est pas une exp\u00e9rimentation, c\u2019est un dispositif finalis\u00e9. \u00bb<br \/>\n\u00ab ALICEM sert \u00e0 cr\u00e9er une identit\u00e9 num\u00e9rique sur Internet pour acc\u00e9der \u00e0 certains services publics (\u2026) et quand vous voulez cr\u00e9er cette identit\u00e9 num\u00e9rique, vous \u00eates oblig\u00e9 de passer par un dispositif de reconnaissance faciale. \u00bb<br \/>\n\u00ab Pour l\u2019instant, \u00e7a n\u2019est que pour les gens qui disposent d\u2019un t\u00e9l\u00e9phone Andro\u00efd et un passeport biom\u00e9trique : il faut scanner avec le t\u00e9l\u00e9phone la puce du passeport biom\u00e9trique et ensuite il faut prendre une vid\u00e9o de soi. \u00bb<br \/>\n\u00ab Le probl\u00e8me, c\u2019est que le gouvernement nous explique que pour le faire, on a le consentement des gens (\u2026), ce qui n\u2019est pas le cas parce que vous \u00eates oblig\u00e9 de passer par un dispositif de reconnaissance faciale. \u00bb<\/p>\n<p><em>\u00a0<strong>Sur les d\u00e9rives possibles du dispositif<\/em>\u00a0<\/strong><br \/>\n\u00ab Le probl\u00e8me, c\u2019est ce que veut faire le gouvernement des donn\u00e9es li\u00e9es \u00e0 la reconnaissance faciale : le gouvernement ne respecte pas le RGPD [r\u00e8glement g\u00e9n\u00e9ral sur les donn\u00e9es personnelles] sur cette notion de \u201cconsentement libre\u201d car on ne peut pas contraindre les gens \u00e0 utiliser leurs donn\u00e9es personnelles. \u00bb<br \/>\n\u00ab Il y a le discours du gouvernement, notamment celui de Christophe Castaner qui fait le lien entre la haine, l\u2019anonymat en ligne et le dispositif ALICEM. \u00bb<br \/>\n\u00ab Aujourd\u2019hui, ALICEM n\u2019est pas encore obligatoire pour tout le monde mais le risque c\u2019est : que se passe-t-il demain ? \u00bb<br \/>\n\u00ab Avec ALICEM, la CNIL dit que le gouvernement ne respecter par le RGPD. Le gouvernement n\u2019en a pas tenu compte et a publi\u00e9 le d\u00e9cret d\u2019application ce qui nous a motiv\u00e9s \u00e0 l\u2019attaquer. \u00bb<\/p>\n<p><em>\u00a0<strong>Sur les libert\u00e9s individuelles<\/em>\u00a0<\/strong><br \/>\n\u00ab La reconnaissance faciale, telle qu\u2019elle est voulue, c\u2019est l\u2019outil final de reconnaissance et de surveillance de masse dans la rue. \u00bb<br \/>\n\u00ab Contrairement l\u2019ADN ou les empreintes, on sait quand on vous les prend. S\u2019agissant du visage, on ne sait pas quand une cam\u00e9ra va vous rep\u00e9rer ou vous identifier. \u00bb<br \/>\n\u00ab C\u2019est un dispositif qui peut \u00eatre partout dans la rue et c\u2019est une possibilit\u00e9 notamment dans le cadre des Jeux Olympiques de 2024 que le gouvernement voudrait mettre en place. \u00bb<br \/>\n\u00ab Ce dispositif a un effet \u00e9norme sur les libert\u00e9s d\u2019aller et venir, sur notre vie priv\u00e9e et aussi sur notre libert\u00e9 d\u2019expression et de manifester : si vous savez qu\u2019en allant manifester, vous aller \u00eatre identifi\u00e9, vous n\u2019allez peut-\u00eatre pas manifester de la m\u00eame fa\u00e7on. \u00bb<br \/>\n\u00ab Cette technologie est un normalisme : elle existe d\u00e9j\u00e0 sur certains t\u00e9l\u00e9phone portable et si vous l\u2019utilisez pour acc\u00e9der aux services publics ou pour entrer dans votre \u00e9tablissement scolaire, \u00e7a normalise la technologie et quand \u00e7a va arriver dans l\u2019espace public, vous n\u2019allez plus tellement r\u00e9fl\u00e9chir aux dangers pour les libert\u00e9s. \u00bb<\/p>\n<p><em>\u00a0<strong>Sur l\u2019acceptation sociale de cette technologie face \u00e0 l\u2019ins\u00e9curit\u00e9<\/em>\u00a0<\/strong><br \/>\n\u00ab Le gouvernement va utiliser l\u2019argument de la peur et du terrorisme pour pousser ces technologies. \u00bb<br \/>\n\u00ab On parle de reconnaissance faciale mais il y existe aussi une assembl\u00e9e de nouveaux outils, de nouvelles technologies de surveillance qui se d\u00e9veloppent, comme la vid\u00e9o de surveillance intelligente &#8211; qui va rep\u00e9rer certains comportements dans la foule &#8211; ou des micros &#8211; comme \u00e0 Saint-Etienne qui vont rep\u00e9rer certains bruits. \u00bb<br \/>\n\u00ab On a lanc\u00e9 le mouvement Technopolis qui permet de se renseigner, de bien comprendre ces technologies, de les analyser, de voir les dangers sur les libert\u00e9s. \u00bb<br \/>\n\u00ab C\u2019est pas parce qu\u2019on est frapp\u00e9 par un attentat qu\u2019on a envie d\u2019avoir ces technologies. \u00bb<\/p>\n<p><em>\u00a0<strong>Sur le mod\u00e8le chinois<\/em> <\/strong><br \/>\n\u00ab Il ne faut pas faire la comparaison avec le mod\u00e8le chinois parce qu\u2019en France, il se passe d\u00e9j\u00e0 des choses assez graves : la vid\u00e9o surveillance intelligente a d\u00e9j\u00e0 lieu \u00e0 Valenciennes et \u00e0 Toulouse. La reconnaissance faciale ainsi que des micros sont d\u00e9j\u00e0 en place dans certaines rues. \u00bb<br \/>\n\u00ab On a tendance \u00e0 dire qu\u2019en France, on n\u2019en est pas encore comme en Chine. Alors que si, en France, il se passe des choses tr\u00e8s graves. \u00bb<div id='gallery-1' class='gallery galleryid-11818 gallery-columns-3 gallery-size-thumbnail'><figure class='gallery-item'>\n\t\t\t<div class='gallery-icon landscape'>\n\t\t\t\t<a href='https:\/\/archives.regards.fr\/wp-content\/uploads\/2019\/10\/capture_d_e_cran_2019-10-10_a_12-5ff.31.49.png'><img loading=\"lazy\" decoding=\"async\" width=\"150\" height=\"150\" src=\"https:\/\/archives.regards.fr\/wp-content\/uploads\/2019\/10\/capture_d_e_cran_2019-10-10_a_12-5ff.31.49-150x150.png\" class=\"attachment-thumbnail size-thumbnail\" alt=\"capture_d_e_cran_2019-10-10_a_12.31.49.png\" \/><\/a>\n\t\t\t<\/div><\/figure>\n\t\t<\/div>\n<\/p>\n","protected":false},"excerpt":{"rendered":"<p>En novembre, la France veut lancer son dispositif ALICEM de reconnaissance faciale pour acc\u00e9der eux services publics en ligne. Pour la Quadrature du net, mais aussi la CNIL, ce dispositif n\u2019est pas compatible avec le r\u00e8glement g\u00e9n\u00e9ral sur les donn\u00e9es personnelles. Nos libert\u00e9s sont-elles en danger ? Martin Drago, juriste et membre de la Quadrature du Net, est l\u2019invit\u00e9 de #LaMidinale. <\/p>\n","protected":false},"author":1039,"featured_media":28068,"comment_status":"open","ping_status":"open","sticky":false,"template":"","format":"standard","meta":{"_themeisle_gutenberg_block_has_review":false,"footnotes":""},"categories":[238],"tags":[293],"class_list":["post-11818","post","type-post","status-publish","format-standard","has-post-thumbnail","hentry","category-la-midinale","tag-entretien"],"_links":{"self":[{"href":"https:\/\/archives.regards.fr\/index.php?rest_route=\/wp\/v2\/posts\/11818","targetHints":{"allow":["GET"]}}],"collection":[{"href":"https:\/\/archives.regards.fr\/index.php?rest_route=\/wp\/v2\/posts"}],"about":[{"href":"https:\/\/archives.regards.fr\/index.php?rest_route=\/wp\/v2\/types\/post"}],"author":[{"embeddable":true,"href":"https:\/\/archives.regards.fr\/index.php?rest_route=\/wp\/v2\/users\/1039"}],"replies":[{"embeddable":true,"href":"https:\/\/archives.regards.fr\/index.php?rest_route=%2Fwp%2Fv2%2Fcomments&post=11818"}],"version-history":[{"count":0,"href":"https:\/\/archives.regards.fr\/index.php?rest_route=\/wp\/v2\/posts\/11818\/revisions"}],"wp:featuredmedia":[{"embeddable":true,"href":"https:\/\/archives.regards.fr\/index.php?rest_route=\/wp\/v2\/media\/28068"}],"wp:attachment":[{"href":"https:\/\/archives.regards.fr\/index.php?rest_route=%2Fwp%2Fv2%2Fmedia&parent=11818"}],"wp:term":[{"taxonomy":"category","embeddable":true,"href":"https:\/\/archives.regards.fr\/index.php?rest_route=%2Fwp%2Fv2%2Fcategories&post=11818"},{"taxonomy":"post_tag","embeddable":true,"href":"https:\/\/archives.regards.fr\/index.php?rest_route=%2Fwp%2Fv2%2Ftags&post=11818"}],"curies":[{"name":"wp","href":"https:\/\/api.w.org\/{rel}","templated":true}]}}