{"id":11813,"date":"2019-10-09T12:51:19","date_gmt":"2019-10-09T10:51:19","guid":{"rendered":"https:\/\/wp.muchomaas.com\/article-clementine-autain-deliveroo-symbolise-une-exploitation-2-0-totalement\/"},"modified":"2023-06-23T23:44:10","modified_gmt":"2023-06-23T21:44:10","slug":"article-clementine-autain-deliveroo-symbolise-une-exploitation-2-0-totalement","status":"publish","type":"post","link":"https:\/\/archives.regards.fr\/?p=11813","title":{"rendered":"Cl\u00e9mentine Autain : \u00ab Deliveroo symbolise une exploitation 2.0 totalement d\u00e9shumanisante \u00bb"},"content":{"rendered":"<p class=\"post_excerpt\">Les initiateurs du Bigbang organisaient ce matin une conf\u00e9rence de presse devant le si\u00e8ge de Deliveroo pour d\u00e9noncer l\u2019ub\u00e9risation du monde du travail. Cl\u00e9mentine Autain, d\u00e9put\u00e9e France insoumise et co-directrice de Regards, est l\u2019invit\u00e9e de #LaMidinale.<\/p>\n<p><iframe loading=\"lazy\" width=\"490\" height=\"276\" src=\"https:\/\/www.youtube.com\/embed\/ZCfl4EXwsUc\" frameborder=\"0\" allow=\"accelerometer; autoplay; encrypted-media; gyroscope; picture-in-picture\" allowfullscreen><\/iframe><\/p>\n<p>&nbsp;<\/p>\n<p>\n<strong>POUR \u00c9COUTER CETTE MIDINALE EN PODCAST<\/strong><br \/>\n<strong>>><\/strong> <em><a href=\"https:\/\/open.spotify.com\/episode\/0XG5jxXq5sbi5pCOPNmYxm\">sur Spotify<\/a><\/em><br \/>\n<strong>>><\/strong> <em><a href=\"https:\/\/podcasts.apple.com\/fr\/podcast\/cl%C3%A9mentine-autain-deliveroo-symbolise-une-exploitation\/id1479697573?i=1000453007082\">sur Apple<\/a><\/em><\/p>\n<p>&nbsp;<\/p>\n<p><h2>VERBATIM<\/h2>\n<p>&nbsp;<\/p>\n<p>\n<em>\u00a0<strong>Sur le Big Bang<\/em>\u00a0<\/strong><br \/>\n\u00ab Le Big Bang est un appel qu\u2019on a lanc\u00e9 juste apr\u00e8s les \u00e9lections europ\u00e9ennes \u00e0 toutes les forces de la gauche de transformation sociale et \u00e9cologiste parce qu\u2019on est englouti par le duopole qui s\u2019est install\u00e9 : soit Emmanuel Macron et ses politiques n\u00e9olib\u00e9rales et autoritaires et en face, une extr\u00eame droite qui s\u2019ancre dans les t\u00eates et dans les urnes. \u00bb<br \/>\n\u00ab On a rassembl\u00e9 large avec des syndicalistes, des acteurs du mouvements social, des intellectuels, pour interpeller sur la n\u00e9cessit\u00e9 de construire du neuf sur une voie sociale et \u00e9cologistes et susciter une esp\u00e9rance. \u00bb<\/p>\n<p><em>\u00a0<strong>Sur l\u2019action au si\u00e8ge de Deliveroo<\/em>\u00a0<\/strong><br \/>\n\u00ab On a d\u00e9cid\u00e9 de mettre l\u2019accent sur la question de l\u2019up\u00e9risation avec cette esp\u00e8ce de retour du travail \u00e0 la t\u00e2che. \u00bb<br \/>\n\u00ab Deliveroo symbolise une exploitation 2.0, d\u00e9shumanisante, et de recule des droits et des protections donc des conditions de la libert\u00e9. \u00bb<br \/>\n\u00ab Beaucoup ont recours \u00e0 ces m\u00e9tiers-l\u00e0 parce qu\u2019il y a le ch\u00f4mage de masse. Et c\u2019est bien \u00e7a qu\u2019il faut remettre en cause. \u00bb<br \/>\n\u00ab Il faut des revenus dignes, il faut que notre travail ait un sens, il ne faut pas qu\u2019il soit d\u00e9shumanis\u00e9, il faut sortir du travail \u00e0 la t\u00e2che et il faut que les gens ne soient pas en souffrance comme ils le sont aujourd\u2019hui dans leur travail. \u00bb<\/p>\n<p><em>\u00a0<strong>Sur l\u2019ub\u00e9risation<\/em>\u00a0<\/strong><br \/>\n\u00ab Il y a une partie des m\u00e9tiers qui ne servent \u00e0 rien. Il y a une atomisation du travail que l\u2019on voit bien dans l\u2019ub\u00e9risation. \u00bb<br \/>\n\u00ab Il n\u2019y a plus de collectif de travail. Ils sont ind\u00e9pendants. \u00bb<br \/>\n\u00ab Le capitalisme gagne de cet \u00e9clatement de ce qu\u2019\u00e9tait le salariat autrefois. \u00bb<br \/>\n\u00ab Ceux qui sont attach\u00e9s \u00e0 ce lib\u00e9ralisme d\u00e9brid\u00e9, ce capitalisme infernal, ont int\u00e9r\u00eat \u00e0 diviser les travailleurs (\u2026) on ne permet pas \u00e0 tout le monde de se battre ensemble contre ceux qui exploitent. Donc c\u2019est assez habile et \u00e7a fait partie du d\u00e9fis du moment. \u00bb <\/p>\n<p><em>\u00a0<strong>Sur la conscience de classe \/ conscience de condition sociale<\/em>\u00a0<\/strong><br \/>\n\u00ab Dans mon livre \u2018Le Retour du Peuple\u2019 j\u2019\u00e9voquais une hypoth\u00e8se qui \u00e9tait que la question de la pr\u00e9carit\u00e9 pouvait \u00eatre un levier pour f\u00e9d\u00e9rer. \u00bb<br \/>\n\u00ab Au nom de la pr\u00e9carit\u00e9, on va mal payer ceux qui sont dans l\u2019emploi. \u00bb<br \/>\n\u00ab Il faut que la soci\u00e9t\u00e9 soit capable de cr\u00e9er les conditions d\u2019un apaisement, d\u2019une vie digne, d\u2019une r\u00e9mun\u00e9ration partag\u00e9e. \u00bb<br \/>\n\u00ab Il faut penser de nouveaux statuts et le contenu du travail. \u00bb<\/p>\n<p><em>\u00a0<strong>Sur les mobilisations sociales<\/em>\u00a0<\/strong><br \/>\n\u00ab J\u2019ai la volont\u00e9 qu\u2019on aboutisse, que la mobilisation prenne. \u00bb<br \/>\n\u00ab Il y a des efforts de convergence, il faut les pousser mais il faut aussi \u00eatre clair sur le sens de l\u00e0 o\u00f9 \u00e7a va (\u2026) il faut une esp\u00e9rance politique en face. \u00bb<\/p>\n<p><em>\u00a0<strong>Sur la d\u00e9croissance<\/em>\u00a0<\/strong><br \/>\n\u00ab L\u2019horizon de la croissance n\u2019est pas acceptable du point de vue non seulement de la soutenabilit\u00e9 par rapport \u00e0 l\u2019\u00e9cosyst\u00e8me mais aussi par rapport au sens \u00e0 faire soci\u00e9t\u00e9. \u00bb<br \/>\n\u00ab Le d\u00e9fi climatique est une chance pour repenser ce que l\u2019on produit, qui d\u00e9cide ce que l\u2019on produit et de la fa\u00e7on dont on devient un individu sans passer par la case consommateur. \u00bb<br \/>\n\u00ab Aujourd\u2019hui, les marques ont un prix li\u00e9 \u00e0 leur identit\u00e9 : je mets un t-shirt de telle marque, des chaussures de telle autre. Et \u00e7a, \u00e7a ne va pas du tout. \u00bb<br \/>\n\u00ab Le sens de la vie ne peut pas \u00eatre soluble dans le consum\u00e9risme d\u00e9brid\u00e9. \u00bb<br \/>\n\u00ab On n\u2019a pas besoin de pouvoir d\u2019achat mais de pouvoir vivre, notamment dans la dignit\u00e9. \u00bb<\/p>\n<p><em>\u00a0<strong>Sur la culture<\/em>\u00a0<\/strong><br \/>\n\u00ab J\u2019attache une place tr\u00e8s importante \u00e0 la culture dans la soci\u00e9t\u00e9 \u2013 peut-\u00eatre parce que je suis une fille d\u2019artiste. \u00bb<br \/>\n\u00ab L\u2019univers culturel raconte le monde et participe \u00e0 le transforme en le racontant. \u00bb<br \/>\n\u00ab Depuis quelques temps, dans le roman contemporain, au cin\u00e9ma, dans les essais critiques, il y a un nouvel esprit radical, notamment de d\u00e9nonciation des injustices dans plein de domaines. \u00bb<br \/>\n\u00ab Il n\u2019y a pas toujours le biais de l\u2019espoir mais il y a un petit parfum de r\u00e9volution. \u00bb<\/p>\n<p><em>\u00a0<strong>Sur la projection du film \u00ab Sorry we missed you \u00bb de Ken Loach le mardi 15 octobre \u00e0 l\u2019UGC Normandie<\/em>\u00a0<\/strong><br \/>\n\u00ab C\u2019est l\u2019histoire d\u2019un chauffeur-livreur qui croit \u00e0 l\u2019uberisation, qui croit que ca va lui permettre de devenir ind\u00e9pendant et d\u2019acheter une maison. Il vit avec une aide-soignante \u00e0 domicile qui a des horaires infernaux. \u00bb<br \/>\n\u00ab C\u2019est un film bouleversant qui suscite de la col\u00e8re. \u00bb<br \/>\n\u00ab Je crois que c\u2019est le souhait de Ken Loach que de faire de son film quelque chose de politique, pas simplement d\u2019\u00eatre projet\u00e9 dans des salles pour plaire \u00e0 des cin\u00e9philes. \u00bb<br \/>\n\u00ab Ken Loach veut, par ses films, interpeller et susciter de l\u2019envie politique. \u00bb<\/p>\n<p><em>\u00a0<strong>Sur Extinction Rebellion<\/em>\u00a0<\/strong><br \/>\n\u00ab L\u2019heure n\u2019est plus \u00e0 l\u2019alerte et c\u2019est pourquoi les jeunes sont aussi mobilis\u00e9s et font des actions de d\u00e9sob\u00e9issance civile. \u00bb<br \/>\n\u00ab Le gouvernement fait de grands discours et signe la COP21 mais ensuite font des trait\u00e9s de libre-\u00e9change dans tous les sens qui acc\u00e9l\u00e8rent le commerce international et tournent le dos aux objectifs du point de vue du carbone tels que demand\u00e9 par ses jeunes et par d\u2019autres ! \u00bb<br \/>\n\u00ab La ministre de l\u2019\u00e9cologie Elisabeth Borne ne voit pas qu\u2019il y a une contradiction entre les actes qu\u2019ils posent, \u00e0 la fois au niveau macro\u00e9conomique et au niveau microlocal (comme le projet d\u2019Europa City qui est d\u00e9lirant du point de vue carbone &#8211;  et il y en a plein d\u2019autres comme \u00e7a !). \u00bb<br \/>\n\u00ab Il n\u2019y a pas de politique volontariste dans la r\u00e9novation thermique des b\u00e2timents, pour les transports publics\u2026 qui n\u00e9cessiteraient de sortir de l\u2019aust\u00e9rit\u00e9 budg\u00e9taire. Mais m\u00eame, a minima, de ne pas accro\u00eetre des projets et des trait\u00e9s internationaux qui vont compl\u00e8tement \u00e0 l\u2019inverse de ce qu\u2019on signe \u00e0 la COP21. C\u2019est du foutage de gueule. \u00bb<\/p>\n<p><em>\u00a0<strong>Sur la gauche<\/em>\u00a0<\/strong><br \/>\n\u00ab Je crois qu\u2019il y a une panne aujourd\u2019hui \u00e0 gauche et ce n\u2019est pas une question de figure. \u00bb<br \/>\n\u00ab Il faut un projet politique qui rassemble plus largement qu\u2019aujourd\u2019hui parce que la catastrophe est arriv\u00e9e. \u00bb<div id='gallery-1' class='gallery galleryid-11813 gallery-columns-3 gallery-size-thumbnail'><figure class='gallery-item'>\n\t\t\t<div class='gallery-icon landscape'>\n\t\t\t\t<a href='https:\/\/archives.regards.fr\/wp-content\/uploads\/2019\/10\/capture_d_e_cran_2019-10-09_a_12-371.24.18.png'><img loading=\"lazy\" decoding=\"async\" width=\"150\" height=\"150\" src=\"https:\/\/archives.regards.fr\/wp-content\/uploads\/2019\/10\/capture_d_e_cran_2019-10-09_a_12-371.24.18-150x150.png\" class=\"attachment-thumbnail size-thumbnail\" alt=\"capture_d_e_cran_2019-10-09_a_12.24.18.png\" \/><\/a>\n\t\t\t<\/div><\/figure>\n\t\t<\/div>\n<\/p>\n","protected":false},"excerpt":{"rendered":"<p>Les initiateurs du Bigbang organisaient ce matin une conf\u00e9rence de presse devant le si\u00e8ge de Deliveroo pour d\u00e9noncer l\u2019ub\u00e9risation du monde du travail. Cl\u00e9mentine Autain, d\u00e9put\u00e9e France insoumise et co-directrice de Regards, est l\u2019invit\u00e9e de #LaMidinale.<\/p>\n","protected":false},"author":1039,"featured_media":28059,"comment_status":"open","ping_status":"open","sticky":false,"template":"","format":"standard","meta":{"_themeisle_gutenberg_block_has_review":false,"footnotes":""},"categories":[238],"tags":[293],"class_list":["post-11813","post","type-post","status-publish","format-standard","has-post-thumbnail","hentry","category-la-midinale","tag-entretien"],"_links":{"self":[{"href":"https:\/\/archives.regards.fr\/index.php?rest_route=\/wp\/v2\/posts\/11813","targetHints":{"allow":["GET"]}}],"collection":[{"href":"https:\/\/archives.regards.fr\/index.php?rest_route=\/wp\/v2\/posts"}],"about":[{"href":"https:\/\/archives.regards.fr\/index.php?rest_route=\/wp\/v2\/types\/post"}],"author":[{"embeddable":true,"href":"https:\/\/archives.regards.fr\/index.php?rest_route=\/wp\/v2\/users\/1039"}],"replies":[{"embeddable":true,"href":"https:\/\/archives.regards.fr\/index.php?rest_route=%2Fwp%2Fv2%2Fcomments&post=11813"}],"version-history":[{"count":0,"href":"https:\/\/archives.regards.fr\/index.php?rest_route=\/wp\/v2\/posts\/11813\/revisions"}],"wp:featuredmedia":[{"embeddable":true,"href":"https:\/\/archives.regards.fr\/index.php?rest_route=\/wp\/v2\/media\/28059"}],"wp:attachment":[{"href":"https:\/\/archives.regards.fr\/index.php?rest_route=%2Fwp%2Fv2%2Fmedia&parent=11813"}],"wp:term":[{"taxonomy":"category","embeddable":true,"href":"https:\/\/archives.regards.fr\/index.php?rest_route=%2Fwp%2Fv2%2Fcategories&post=11813"},{"taxonomy":"post_tag","embeddable":true,"href":"https:\/\/archives.regards.fr\/index.php?rest_route=%2Fwp%2Fv2%2Ftags&post=11813"}],"curies":[{"name":"wp","href":"https:\/\/api.w.org\/{rel}","templated":true}]}}