{"id":11809,"date":"2019-10-07T12:29:24","date_gmt":"2019-10-07T10:29:24","guid":{"rendered":"https:\/\/wp.muchomaas.com\/article-caroline-mecary-hier-c-etait-le-chant-du-cygne-de-la-manif-pour-tous-les\/"},"modified":"2023-06-23T23:44:07","modified_gmt":"2023-06-23T21:44:07","slug":"article-caroline-mecary-hier-c-etait-le-chant-du-cygne-de-la-manif-pour-tous-les","status":"publish","type":"post","link":"https:\/\/archives.regards.fr\/?p=11809","title":{"rendered":"Caroline Mecary : \u00ab Hier, c\u2019\u00e9tait le chant du cygne de la Manif pour tous : les progressistes ont gagn\u00e9 \u00bb"},"content":{"rendered":"<p class=\"post_excerpt\">Au lendemain de la faible mobilisation de la Manif pour tous contre l&#8217;ouverture de la PMA aux femmes c\u00e9libataires et en couple homosexuel, l&#8217;avocate Caroline Mecary est l&#8217;invit\u00e9e de #LaMidinale.<\/p>\n<p><iframe loading=\"lazy\" width=\"490\" height=\"276\" src=\"https:\/\/www.youtube.com\/embed\/a65VCVEvhQ0\" frameborder=\"0\" allow=\"accelerometer; autoplay; encrypted-media; gyroscope; picture-in-picture\" allowfullscreen><\/iframe><\/p>\n<p>&nbsp;<\/p>\n<p>\n<strong>POUR \u00c9COUTER CETTE MIDINALE EN PODCAST<\/strong><br \/>\n<strong>>><\/strong> <em><a href=\"https:\/\/open.spotify.com\/episode\/4Opgpl32jDrOC5C5gQKD71\">sur Spotify<\/a><\/em><br \/>\n<strong>>><\/strong> <em><a href=\"https:\/\/podcasts.apple.com\/fr\/podcast\/hier-c%C3%A9tait-le-chant-du-cygne-la-manif-pour-tous-les\/id1479697573?i=1000452758092\">sur Apple<\/a><\/em><\/p>\n<p>&nbsp;<\/p>\n<p><h2>VERBATIM<\/h2>\n<p>&nbsp;<\/p>\n<p>\n<em>\u00a0<strong>Sur la GPA &#8211; et notamment sur la reconnaissance des actes de naissance des enfants n\u00e9s par GPA \u00e0 l\u2019\u00e9tranger<\/em>\u00a0<\/strong><br \/>\n\u00ab La GPA est interdite en France pour les couples homosexuels comme pour les couples h\u00e9t\u00e9rosexuels. \u00bb<br \/>\n\u00ab La probl\u00e9matique, c\u2019est la reconnaissance des actes de naissance des enfants qui sont n\u00e9s par GPA \u00e0 l\u2019\u00e9tranger. \u00bb<br \/>\n\u00ab L\u2019amendement qui a \u00e9t\u00e9 vot\u00e9 par l\u2019Assembl\u00e9e nationale qui permet de reconna\u00eetre via une proc\u00e9dure particuli\u00e8re qu\u2019on appelle la proc\u00e9dure d\u2019exequatur, c\u2019est-\u00e0-dire faire reconna\u00eetre par un juge ce qui a \u00e9t\u00e9 d\u00e9cid\u00e9 \u00e0 l\u2019\u00e9tranger, va dans le bon sens car cela permet de s\u00e9curiser la filiation des enfants qui a \u00e9t\u00e9 \u00e9tablie \u00e0 l\u2019\u00e9tranger. \u00bb<br \/>\n\u00ab Malheureusement, le gouvernement a indiqu\u00e9 qu\u2019il souhaitait un nouveau vote sur cet amendement. \u00bb<br \/>\n\u00ab L\u2019arr\u00eat de la Cour de Cassation, c\u2019est d\u2019abord une grande victoire pour les \u00e9poux Mennesson qui ont men\u00e9 ce combat depuis 19 ans : Mme Mennesson est enfin reconnue officiellement comme \u00e9tant la m\u00e8re. \u00bb<br \/>\n\u00ab La Cour de Cassation a limit\u00e9 la transcription compl\u00e8te de l\u2019acte de naissance puisqu\u2019elle a choisi de dire que, dans ce cas particulier des Mennesson, en raison du temps qui s\u2019est \u00e9coul\u00e9, elle acceptait la transcription totale. \u00bb<br \/>\n\u00ab Cet arr\u00eat est tr\u00e8s important parce qu\u2019il est le r\u00e9sultat d\u2019une \u00e9volution de la Cour de Cassation : en 2011, la Cour dit non \u00e0 la reconnaissance au nom de l\u2019interdiction de la GPA ; en 2013, elle dit non \u00e0 la reconnaissance des actes de naissance en raison de ce qu\u2019elle appelle une fraude \u00e0 la loi ; une condamnation de la Cour europ\u00e9enne des Droits de l\u2019Homme en 2014 va aboutir \u00e0 ce que la Cour de Cassation modifie sa position en 2015 en admettant la transcription de l\u2019acte de naissance \u00e9tranger s\u2019il est conforme \u00e0 une certaine disposition du Code civil ; en 2017, elle va faire un pas suppl\u00e9mentaire en acceptant la transcription uniquement \u00e0 l\u2019\u00e9gard du p\u00e8re ; et aujourd\u2019hui, elle fait encore un nouveau pas en acceptant la transcription \u00e0 l\u2019\u00e9gard du p\u00e8re et de la m\u00e8re. \u00bb<br \/>\n\u00ab Je ne crois pas du tout qu\u2019il s\u2019agisse d\u2019un premier pas vers la l\u00e9galisation de la GPA sur le territoire fran\u00e7ais : le gouvernement a dit tr\u00e8s clairement qu\u2019il n\u2019allait pas l\u00e9galiser la GPA (\u2026). \u00bb<\/p>\n<p><em>\u00a0<strong>Sur la mobilisation des anti-GPA dimanche 6 octobre<\/em>\u00a0<\/strong><br \/>\n\u00ab C\u2019est leur chant du cygne : les progressistes ont gagn\u00e9. \u00bb<br \/>\n\u00ab Il y a une vraie volont\u00e9 politique de pr\u00e9senter le projet de loi qui ouvre la PMA \u00e0 toutes les femmes \u2013 et il sera adopt\u00e9 en d\u00e9pit des quelques dizaines de milliers de personnes qui \u00e9taient hier dans la rue qui vont changer la donne. \u00bb<br \/>\n\u00ab La mobilisation est beaucoup moins importante qu\u2019en 2013 : c\u2019est un \u00e9chec de la Manif pour tous qui, politiquement, est en minorit\u00e9 sur cette question. \u00bb<\/p>\n<p><em>\u00a0<strong>Sur les arguments des anti-PMA<\/em>\u00a0<\/strong><br \/>\n\u00ab J\u2019ai du mal \u00e0 entendre les arguments des anti-PMA parce que \u00e7a fait 20 ans qu\u2019ils nous servent exactement les m\u00eames qui montrent que ce sont des personnes dans le d\u00e9ni de la r\u00e9alit\u00e9. \u00bb<br \/>\n\u00ab Aujourd\u2019hui, en France, la PMA est une r\u00e9alit\u00e9 pour des milliers de familles de lesbiennes \u2013 qui vont \u00e0 l\u2019\u00e9tranger, ne pouvant la pratiquer en France. \u00bb<br \/>\n\u00ab La France est tr\u00e8s en retard par rapport \u00e0 l\u2019Europe : il y a 14 pays qui permettent d\u00e9j\u00e0 la PMA aux couples de femmes et 26 qui la permettent aux femmes c\u00e9libataires. \u00bb<br \/>\n\u00ab Etre contre la PMA, c\u2019est un combat d\u2019arri\u00e8re-garde. \u00bb<br \/>\n\u00ab Les quelques milliers de personnes qui ont d\u00e9fil\u00e9 hier dans la rue, ce sont les m\u00eames qui ont essay\u00e9 de faire du bourrage de contributions dans le cadre des \u00e9tats g\u00e9n\u00e9raux de la bio\u00e9thique. \u00bb<br \/>\n\u00ab Les anti-PMA sont des gens qui n\u2019\u00e9coutent pas : ni le Haut Conseil \u00e0 l\u2019Egalit\u00e9 Femme-Homme, ni le D\u00e9fenseur des Droits, ni le Comit\u00e9 d\u2019Ethique qui ont dit oui \u00e0 la PMA pour toutes. \u00bb<br \/>\n\u00ab Ce dont r\u00eavent les anti-PMA, c\u2019est la soci\u00e9t\u00e9 qui existait au Moyen-\u00c2ge. \u00bb<\/p>\n<p><em>\u00a0<strong>Sur le projet de loi bio\u00e9thique<\/em>\u00a0<\/strong><br \/>\n\u00ab Il y a plusieurs points qui ne me satisfont pas, notamment le fait que la PMA post-mortem ne soit pas possible me para\u00eet \u00eatre une aberration d\u00e8s lors que la PMA est possible pour les femmes c\u00e9libataires. \u00bb<br \/>\n\u00ab L\u2019interdiction de la PMA pour les hommes trans me para\u00eet compl\u00e8tement inadapt\u00e9e. \u00bb<br \/>\n\u00ab Le point le plus critiquable, c\u2019est le fait que les enfants issus de dons ne soient pas trait\u00e9s de la m\u00eame mani\u00e8re en fonction de l\u2019orientation sexuelle de leurs parents : s\u2019ils ont des parents h\u00e9t\u00e9rosexuels, ces derniers vont pouvoir continuer \u00e0 faire semblant d\u2019\u00eatre leurs parents [biologiques] et les enfants vont \u00eatre priv\u00e9s d\u2019une partie de leur histoire\u2026 ce qui ne sera pas le cas pour les enfants de couples de lesbiennes puisque, eux, gr\u00e2ce \u00e0 la d\u00e9claration conjointe anticip\u00e9e, pourront avoir acc\u00e8s \u00e0 leur histoire. Il n\u2019y a, pour moi, un non-respect de l\u2019int\u00e9r\u00eat de tous les enfants qui sont con\u00e7us par dons. \u00bb<br \/>\n\u00ab [Sur la question de la diff\u00e9rence de traitement pour les enfants issus de dons dans les couples h\u00e9t\u00e9rosexuels et homosexuels], il n\u2019y a pas d\u2019arguments du gouvernement si ce n\u2019est un choix politique effectu\u00e9 par le Pr\u00e9sident Macron et par son Premier ministre Edouard Philippe pour satisfaire une partie de son \u00e9lectorat \u2013 qui est un \u00e9lectorat de droite. \u00bb<\/p>\n<p><em>\u00a0<strong>Sur les luttes \u00e0 venir<\/em>\u00a0<\/strong><br \/>\n\u00ab Il faut continuer de se mobiliser contre toutes les formes d\u2019homophobie, qu\u2019elle se manifeste par des actes ou par des propos. Et cela doit passer par de la r\u00e9pression mais surtout par de la pr\u00e9vention. \u00bb<br \/>\n  \u00ab La question des intersexes n\u2019est pas r\u00e9gl\u00e9e. \u00bb<br \/>\n\u00ab Pour ceux qui le voudront, il faudra se battre pour la reconnaissance de la GPA en France selon les crit\u00e8res, les valeurs et les principes de la France : la dignit\u00e9 de chacun et la libert\u00e9 de consentir librement \u00e0 un processus qui engage plusieurs personnes dans un joli projet qui consiste \u00e0 avoir un enfant, c\u2019est-\u00e0-dire participer \u00e0 la perp\u00e9tuation de la soci\u00e9t\u00e9 tout enti\u00e8re. \u00bb<div id='gallery-1' class='gallery galleryid-11809 gallery-columns-3 gallery-size-thumbnail'><figure class='gallery-item'>\n\t\t\t<div class='gallery-icon landscape'>\n\t\t\t\t<a href='https:\/\/archives.regards.fr\/wp-content\/uploads\/2019\/10\/capture_d_e_cran_2019-10-07_a_12-526.17.36.png'><img loading=\"lazy\" decoding=\"async\" width=\"150\" height=\"150\" src=\"https:\/\/archives.regards.fr\/wp-content\/uploads\/2019\/10\/capture_d_e_cran_2019-10-07_a_12-526.17.36-150x150.png\" class=\"attachment-thumbnail size-thumbnail\" alt=\"capture_d_e_cran_2019-10-07_a_12.17.36.png\" \/><\/a>\n\t\t\t<\/div><\/figure>\n\t\t<\/div>\n<\/p>\n","protected":false},"excerpt":{"rendered":"<p>Au lendemain de la faible mobilisation de la Manif pour tous contre l&#8217;ouverture de la PMA aux femmes c\u00e9libataires et en couple homosexuel, l&#8217;avocate Caroline Mecary est l&#8217;invit\u00e9e de #LaMidinale.<\/p>\n","protected":false},"author":1204,"featured_media":28053,"comment_status":"open","ping_status":"open","sticky":false,"template":"","format":"standard","meta":{"_themeisle_gutenberg_block_has_review":false,"footnotes":""},"categories":[238],"tags":[293],"class_list":["post-11809","post","type-post","status-publish","format-standard","has-post-thumbnail","hentry","category-la-midinale","tag-entretien"],"_links":{"self":[{"href":"https:\/\/archives.regards.fr\/index.php?rest_route=\/wp\/v2\/posts\/11809","targetHints":{"allow":["GET"]}}],"collection":[{"href":"https:\/\/archives.regards.fr\/index.php?rest_route=\/wp\/v2\/posts"}],"about":[{"href":"https:\/\/archives.regards.fr\/index.php?rest_route=\/wp\/v2\/types\/post"}],"author":[{"embeddable":true,"href":"https:\/\/archives.regards.fr\/index.php?rest_route=\/wp\/v2\/users\/1204"}],"replies":[{"embeddable":true,"href":"https:\/\/archives.regards.fr\/index.php?rest_route=%2Fwp%2Fv2%2Fcomments&post=11809"}],"version-history":[{"count":0,"href":"https:\/\/archives.regards.fr\/index.php?rest_route=\/wp\/v2\/posts\/11809\/revisions"}],"wp:featuredmedia":[{"embeddable":true,"href":"https:\/\/archives.regards.fr\/index.php?rest_route=\/wp\/v2\/media\/28053"}],"wp:attachment":[{"href":"https:\/\/archives.regards.fr\/index.php?rest_route=%2Fwp%2Fv2%2Fmedia&parent=11809"}],"wp:term":[{"taxonomy":"category","embeddable":true,"href":"https:\/\/archives.regards.fr\/index.php?rest_route=%2Fwp%2Fv2%2Fcategories&post=11809"},{"taxonomy":"post_tag","embeddable":true,"href":"https:\/\/archives.regards.fr\/index.php?rest_route=%2Fwp%2Fv2%2Ftags&post=11809"}],"curies":[{"name":"wp","href":"https:\/\/api.w.org\/{rel}","templated":true}]}}