{"id":11805,"date":"2019-10-04T13:13:15","date_gmt":"2019-10-04T11:13:15","guid":{"rendered":"https:\/\/wp.muchomaas.com\/article-la-manif-pour-tous-est-l-un-des-plus-gros-mouvements-sociaux-recents-et-ca-ca\/"},"modified":"2023-06-23T23:44:01","modified_gmt":"2023-06-23T21:44:01","slug":"article-la-manif-pour-tous-est-l-un-des-plus-gros-mouvements-sociaux-recents-et-ca-ca","status":"publish","type":"post","link":"https:\/\/archives.regards.fr\/?p=11805","title":{"rendered":"\u00ab La Manif pour tous est l\u2019un des plus gros mouvements sociaux r\u00e9cents\u2026 et \u00e7a, \u00e7a nous a \u00e9nerv\u00e9s \u00bb"},"content":{"rendered":"<p class=\"post_excerpt\">Thibault et Alex ont initi\u00e9 un rassemblement antifasciste pro-PMA et contre la Manif pour tous qui aura lieu dimanche prochain place de la R\u00e9publique \u00e0 Paris \u00e0 partir de midi, en marge de la manifestation anti-PMA. Ils sont les invit\u00e9s de la Midinale.<\/p>\n<p><iframe loading=\"lazy\" width=\"490\" height=\"276\" src=\"https:\/\/www.youtube.com\/embed\/un5TGRdxVAI\" frameborder=\"0\" allow=\"accelerometer; autoplay; encrypted-media; gyroscope; picture-in-picture\" allowfullscreen><\/iframe><\/p>\n<p>&nbsp;<\/p>\n<p>\n<strong>L\u2019\u00e9v\u00e9nement sur Facebook<\/strong><br \/>\n<strong>>><\/strong> https:\/\/www.facebook.com\/events\/1358656584302382\/<\/p>\n<p>&nbsp;<\/p>\n<p>\n<strong>POUR \u00c9COUTER CETTE MIDINALE EN PODCAST<\/strong><br \/>\n<strong>>><\/strong> <em><a href=\"https:\/\/open.spotify.com\/episode\/5hUivUs4PQlTvkLFgTsVWG\">sur Spotify<\/a><\/em><br \/>\n<strong>>><\/strong> <em><a href=\"https:\/\/podcasts.apple.com\/fr\/podcast\/la-manif-pour-tous-est-lun-des-plus-gros-mouvements\/id1479697573?i=1000452279222\">sur Apple<\/a><\/em><\/p>\n<p>&nbsp;<\/p>\n<p><h2>VERBATIM<\/h2>\n<p>&nbsp;<\/p>\n<p>\n<em>\u00a0<strong>Sur le rassemblement antifasciste pro-PMA contre la Manif pour tous du dimanche 6 octobre<\/em>\u00a0<\/strong><br \/>\n\u00ab La Manif pour tous est l\u2019un des plus gros mouvements sociaux de ces derni\u00e8res ann\u00e9es\u2026 et c\u2019est un mouvement r\u00e9actionnaire \u2013 et \u00e7a, \u00e7a nous a \u00e9nerv\u00e9s. \u00bb<br \/>\n\u00ab A la base, notre projet, c\u2019\u00e9tait de bloquer la Manif pour tous (\u2026). Sauf qu\u2019en termes de nombre de gens, \u00e7a paraissait assez compliqu\u00e9. \u00bb<br \/>\n\u00ab On est parti sur un rassemblement d\u00e9clar\u00e9 \u00e0 R\u00e9publique \u00e0 Paris pour ne pas leur laisser la rue ce jour-l\u00e0. \u00bb<\/p>\n<p><em>\u00a0<strong>Sur les anti-PMA et la Manif pour tous<\/em>\u00a0<\/strong><br \/>\n\u00ab Je ne crois pas que tous les anti-PMA soient des fascistes mais dans la Manif pour tous, il faut se rendre \u00e0 l\u2019\u00e9vidence : tout leur service d\u2019ordre est assur\u00e9 par plein de groupes skinhead et n\u00e9onazis. \u00bb<br \/>\n\u00ab Dans ce mouvement \u00e9norme qu\u2019est la Manif pour tous \u2013 o\u00f9 il n\u2019y a quasiment que des r\u00e9acs homophobes \u2013, il y a aussi des groupes fascistes. \u00bb<\/p>\n<p><em>\u00a0<strong>Sur le climat actuel<\/em>\u00a0<\/strong><br \/>\n\u00ab La France est un pays qui est relativement r\u00e9actionnaire en g\u00e9n\u00e9ral. \u00bb<br \/>\n\u00ab La bataille actuelle, ce n\u2019est pas uniquement la PMA : dimanche, on va avoir des fascistes et des r\u00e9actionnaires dans la rue. Et ce n\u2019est pas un probl\u00e8me qui concerne uniquement la communaut\u00e9 LGBT. \u00bb<br \/>\n\u00ab Tous les m\u00e9dias trouvent terrible le discours d\u2019Eric Zemmour et pourtant, qui est-ce que l\u2019on a le lendemain dans la matinale de France Inter ? Jean-Marie Le Pen ! \u00bb<br \/>\n\u00ab Il y a une mont\u00e9e des fascistes qui sont vraiment \u00e0 l\u2019extr\u00eame droite, tr\u00e8s pr\u00e9sents dans l\u2019espace public et m\u00e9diatique mais aussi une mont\u00e9e de l\u2019autoritarisme au sein du gouvernement avec une r\u00e9pression extr\u00eamement forte. \u00bb<br \/>\n\u00ab L\u2019antifascisme est un sujet tout \u00e0 fait actuel. \u00bb<br \/>\n\u00ab Le lib\u00e9ralisme, le progressisme lib\u00e9ral incarn\u00e9 par la R\u00e9publique en Marche, fonctionnent extr\u00eamement bien avec le fascisme : c\u2019est une assurance-vie, notamment au niveau des \u00e9lections. \u00bb<br \/>\n\u00ab Le lib\u00e9ralisme, en temps de crise, peut tr\u00e8s bien s\u2019accommoder du fascisme pour reprendre du poil de la b\u00eate. \u00bb<\/p>\n<p><em>\u00a0<strong>Sur les d\u00e9bats actuels sur la PMA<\/em>\u00a0<\/strong><br \/>\n\u00ab Ce n\u2019est pas parce que la loi sur la PMA va passer qu\u2019il faut laisser certaines personnes laisser r\u00e9pandre leur parole homophobe partout. \u00bb<br \/>\n\u00ab Pendant les d\u00e9bats sur le mariage pour tous, quand tu \u00e9tais une personne queer ou LGBT+ et que des gens manifestaient dans la rue par milliers contre tes droits, c\u2019\u00e9tait extr\u00eamement agressif. \u00bb<br \/>\n\u00ab Si personne ne se mobilise contre la Manif pour tous, tu peux rapidement te sentir tr\u00e8s seul.e en tant que personne concern\u00e9e. \u00bb<br \/>\n\u00ab On est en 2019 : il faut r\u00e9ussir \u00e0 faire \u00e9voluer sa mentalit\u00e9. \u00bb<br \/>\n\u00ab Pour certains, ouvrir la PMA aux couples de femmes, l\u2019enfant manquerait d\u2019un p\u00e8re\u2026 Mais en disant cela, ils ignorent compl\u00e8tement la situation de milliers d\u2019enfants qui sont \u00e9lev\u00e9s par des m\u00e8res c\u00e9libataires\u2026 \u00bb<br \/>\n\u00ab Le projet de loi bio\u00e9thique aurait pu aller encore loin, notamment ouvrir la PMA aux hommes trans. \u00bb<br \/>\n\u00ab Si on ouvre la PMA \u00e0 toutes, il faut l\u2019ouvrir \u00e0 tous aussi. \u00bb<br \/>\n\u00ab La plus grosse critique contre la GPA, c\u2019est la marchandisation du corps des femmes. Mais c\u2019est un faux argument : on a des mani\u00e8res d\u2019imposer des r\u00e9gulations qui permettent que les femmes puissent d\u00e9cider pour leur corps. \u00bb<\/p>\n<p><em>\u00a0<strong>Sur les suites du mouvement et des luttes en g\u00e9n\u00e9ral<\/em>\u00a0<\/strong><br \/>\n\u00ab A l\u2019entre-deux-tours en 2002, pour l\u2019\u00e9lection de Jacques Chirac, il y avait pr\u00e8s de deux millions de gens dans la rue. En 2017, pour l\u2019\u00e9lection d\u2019Emmanuel Macron, o\u00f9 \u00e9taient les gens ? Pas dans la rue. \u00bb<br \/>\n\u00ab L\u2019antifascisme va \u00eatre amen\u00e9 \u00e0 se r\u00e9inventer et \u00e0 \u00e9voluer pour qu\u2019il soit plus populaire. \u00bb<br \/>\n\u00ab Il faut que plus de gens puissent se revendiquer antifascistes. \u00bb<br \/>\n\u00ab Il ne faut pas que les id\u00e9es d\u2019extr\u00eame droite et r\u00e9actionnaires prennent l\u2019espace public, m\u00e9diatique et sur internet. \u00bb<br \/>\n\u00ab Il faut une remise en valeur des luttes queer : il faut plus de gens qui rejoignent des luttes plus radicales. \u00bb<br \/>\n\u00ab Cette ann\u00e9e, c\u2019\u00e9tait les 50 ans des \u00e9meutes de Stonewall. Aujourd\u2019hui, \u00e7a s\u2019est transform\u00e9 en Pride et ce n\u2019est presque plus que de la c\u00e9l\u00e9bration. \u00bb<br \/>\n\u00ab Il y a toujours des discriminations, m\u00eame encore dans la loi ! \u00bb<br \/>\n\u00ab Les strat\u00e9gies de luttes vont aussi devoir mieux coexister : il y a eu la Marche pour le climat il y a deux semaines dans laquelle Greenpeace a demand\u00e9 \u00e0 ce que les gens quittent la manif pour que les flics puissent arr\u00eater les m\u00e9chants black blocs \u2013 c\u2019est le sympt\u00f4me d\u2019une vraie maladie \u00e0 gauche\u2026 si tant est que Greenpeace soit encore de gauche. \u00bb<br \/>\n\u00ab Il y a des strat\u00e9gies non violentes. Il y en a d\u2019autres qui sont plus violentes. Elles doivent pouvoir coexister. M\u00eame si je tiens \u00e0 pr\u00e9ciser que dans les t\u00eates de cort\u00e8ge, il n\u2019y a pas de violences envers les personnes en g\u00e9n\u00e9ral \u2013 et m\u00eame \u00e7a, on devrait pouvoir le discuter. \u00bb<br \/>\n\u00ab Il faut r\u00e9fl\u00e9chir \u00e0 la fa\u00e7on d\u2019inclure un maximum de personnes dans nos luttes tout en respectant les strat\u00e9gies de chacun. \u00bb<div id='gallery-1' class='gallery galleryid-11805 gallery-columns-3 gallery-size-thumbnail'><figure class='gallery-item'>\n\t\t\t<div class='gallery-icon landscape'>\n\t\t\t\t<a href='https:\/\/archives.regards.fr\/wp-content\/uploads\/2019\/10\/capture_d_e_cran_2019-10-04_a_12-4f1.21.26.png'><img loading=\"lazy\" decoding=\"async\" width=\"150\" height=\"150\" src=\"https:\/\/archives.regards.fr\/wp-content\/uploads\/2019\/10\/capture_d_e_cran_2019-10-04_a_12-4f1.21.26-150x150.png\" class=\"attachment-thumbnail size-thumbnail\" alt=\"capture_d_e_cran_2019-10-04_a_12.21.26.png\" \/><\/a>\n\t\t\t<\/div><\/figure>\n\t\t<\/div>\n<\/p>\n","protected":false},"excerpt":{"rendered":"<p>Thibault et Alex ont initi\u00e9 un rassemblement antifasciste pro-PMA et contre la Manif pour tous qui aura lieu dimanche prochain place de la R\u00e9publique \u00e0 Paris \u00e0 partir de midi, en marge de la manifestation anti-PMA. Ils sont les invit\u00e9s de la Midinale.<\/p>\n","protected":false},"author":1204,"featured_media":28045,"comment_status":"open","ping_status":"open","sticky":false,"template":"","format":"standard","meta":{"_themeisle_gutenberg_block_has_review":false,"footnotes":""},"categories":[238],"tags":[293],"class_list":["post-11805","post","type-post","status-publish","format-standard","has-post-thumbnail","hentry","category-la-midinale","tag-entretien"],"_links":{"self":[{"href":"https:\/\/archives.regards.fr\/index.php?rest_route=\/wp\/v2\/posts\/11805","targetHints":{"allow":["GET"]}}],"collection":[{"href":"https:\/\/archives.regards.fr\/index.php?rest_route=\/wp\/v2\/posts"}],"about":[{"href":"https:\/\/archives.regards.fr\/index.php?rest_route=\/wp\/v2\/types\/post"}],"author":[{"embeddable":true,"href":"https:\/\/archives.regards.fr\/index.php?rest_route=\/wp\/v2\/users\/1204"}],"replies":[{"embeddable":true,"href":"https:\/\/archives.regards.fr\/index.php?rest_route=%2Fwp%2Fv2%2Fcomments&post=11805"}],"version-history":[{"count":0,"href":"https:\/\/archives.regards.fr\/index.php?rest_route=\/wp\/v2\/posts\/11805\/revisions"}],"wp:featuredmedia":[{"embeddable":true,"href":"https:\/\/archives.regards.fr\/index.php?rest_route=\/wp\/v2\/media\/28045"}],"wp:attachment":[{"href":"https:\/\/archives.regards.fr\/index.php?rest_route=%2Fwp%2Fv2%2Fmedia&parent=11805"}],"wp:term":[{"taxonomy":"category","embeddable":true,"href":"https:\/\/archives.regards.fr\/index.php?rest_route=%2Fwp%2Fv2%2Fcategories&post=11805"},{"taxonomy":"post_tag","embeddable":true,"href":"https:\/\/archives.regards.fr\/index.php?rest_route=%2Fwp%2Fv2%2Ftags&post=11805"}],"curies":[{"name":"wp","href":"https:\/\/api.w.org\/{rel}","templated":true}]}}