{"id":11802,"date":"2019-10-03T12:29:01","date_gmt":"2019-10-03T10:29:01","guid":{"rendered":"https:\/\/wp.muchomaas.com\/article-alexis-levrier-je-ne-vois-pas-pourquoi-alain-soral-n-est-plus-dans-les-medias\/"},"modified":"2023-06-23T23:43:59","modified_gmt":"2023-06-23T21:43:59","slug":"article-alexis-levrier-je-ne-vois-pas-pourquoi-alain-soral-n-est-plus-dans-les-medias","status":"publish","type":"post","link":"https:\/\/archives.regards.fr\/?p=11802","title":{"rendered":"Alexis L\u00e9vrier : \u00ab Eric Zemmour est \u00e0 la haine anti-musulmans ce qu&#8217;Alain Soral est \u00e0 la haine anti-juifs \u00bb"},"content":{"rendered":"<p class=\"post_excerpt\">Les m\u00e9dias sont au coeur de nombreuses pol\u00e9miques : banalisation des id\u00e9es du Rassemblement national, surexposition d&#8217;Eric Zemmour, critiques de l&#8217;\u00e9mission Quotidien par la France insoumise ou r\u00e9forme de l&#8217;audiovisuel public&#8230; Pour en parler, Alexis L\u00e9vrier, sp\u00e9cialiste de l&#8217;histoire de la presse, est l&#8217;invit\u00e9 de #LaMidinale.<\/p>\n<p><iframe loading=\"lazy\" width=\"490\" height=\"276\" src=\"https:\/\/www.youtube.com\/embed\/83UBQ791xik\" frameborder=\"0\" allow=\"accelerometer; autoplay; encrypted-media; gyroscope; picture-in-picture\" allowfullscreen><\/iframe><\/p>\n<p>&nbsp;<\/p>\n<p>\n<strong>POUR \u00c9COUTER CETTE MIDINALE EN PODCAST<\/strong><br \/>\n<strong>>><\/strong> <em><a href=\"https:\/\/open.spotify.com\/episode\/3j8dyeCAPiEyM3GicRFrzI\">sur Spotify<\/a><\/em><br \/>\n<strong>>><\/strong> <em><a href=\"https:\/\/podcasts.apple.com\/fr\/podcast\/eric-zemmour-est-%C3%A0-la-haine-anti-musulmans-ce-qualain\/id1479697573?i=1000452152664\">sur Apple<\/a><\/em><\/p>\n<p>&nbsp;<\/p>\n<p><h2>VERBATIM<\/h2>\n<p>&nbsp;<\/p>\n<p>\n<em>\u00a0<strong>Sur la pr\u00e9sence de l\u2019extr\u00eame droite dans les m\u00e9dias<\/em>\u00a0<\/strong><br \/>\n\u00ab Fran\u00e7ois Mitterrand, au d\u00e9but de son deuxi\u00e8me septennat, avait \u00e9crit aux grandes cha\u00eenes de l\u2019\u00e9poque pour dire que l\u2019on n\u2019accordait pas assez de place au Front national et que c\u2019\u00e9tait un parti l\u00e9gitime qu\u2019il fallait repr\u00e9senter. Du coup, ensuite, il a eu des invitations dans les m\u00e9dias. \u00bb<br \/>\n\u00ab Le pouvoir politique utilise parfois le Front national et la fa\u00e7on dont les m\u00e9dias en parlent pour remplir des objectifs politiques \u2013 ici, diviser la droite. \u00bb<br \/>\n\u00ab Il y a une l\u00e9gitimit\u00e9 \u00e0 faire parler le Rassemblement national dans la mesure o\u00f9 ils \u00e9taient au deuxi\u00e8me tour de l\u2019\u00e9lection pr\u00e9sidentielle pour la deuxi\u00e8me fois en trois \u00e9lections et o\u00f9 il repr\u00e9sente 20 \u00e0 25% de l\u2019\u00e9lectorat. \u00bb<br \/>\n\u00ab Ce qui pose probl\u00e8me, c\u2019est le manque de transparence et de lisibilit\u00e9 : quand on pr\u00e9sente comme un journaliste, quelqu\u2019un qui est devenu un pol\u00e9miste\u2026 \u00bb<\/p>\n<p><em>\u00a0<strong>Sur la banalisation du discours de l\u2019extr\u00eame droite<\/em>\u00a0<\/strong><br \/>\n\u00ab Il y a une banalisation dans l\u2019opinion publique du discours [du Rassemblement national]. \u00bb<br \/>\n\u00ab Jacques Chirac, m\u00eame s\u2019il y a eu les propos sur le bruit et l\u2019odeur ou l\u2019appel de Cochin, avait une attitude tr\u00e8s stricte et claire vis-\u00e0-vis du Front national : aux \u00e9lections r\u00e9gionales en 1998, il a emp\u00each\u00e9 la constitution de groupes au sein des conseils r\u00e9gionaux, dans l\u2019entre-deux-tours de l\u2019\u00e9lection pr\u00e9sidentielle de 2002, il a refus\u00e9 de dialoguer avec Jean-Marie Le Pen\u2026 Aujourd\u2019hui, personne ne ferait \u00e7a. \u00bb<br \/>\n\u00ab C\u2019est difficile pour les journalistes : s\u2019ils ne font pas de place au Rassemblement national et \u00e0 ses leaders, ils pourront crier au complot et \u00e0 la diabolisation. Et s\u2019ils les invitent, ils risquent de participer \u00e0 la banalisation de leur discours\u2026 \u00bb<\/p>\n<p><em>\u00a0<strong>Sur Eric Zemmour<\/em>\u00a0<\/strong><br \/>\n\u00ab Eric Zemmour fait partie des rares journalistes auxquels il reconna\u00eet une l\u00e9gitimit\u00e9 \u2013 y compris \u00e0 une \u00e9poque o\u00f9 Eric Zemmour n\u2019avait pas encore \u00e9pous\u00e9 cette ligne d\u2019extr\u00eame droite identitaire\u2026 \u00bb<br \/>\n\u00ab De la part de France inter, il y a s\u00fbrement une volont\u00e9 de clarifier les liens entre Jean-Marie Le Pen et Eric Zemmour (et pas seulement avec sa fille et sa ni\u00e8ce). \u00bb<br \/>\n\u00ab CNews, auparavant, c\u2019\u00e9tait I-t\u00e9l\u00e9 et Eric Zemmour y participait dans une \u00e9mission de qualit\u00e9 qui s\u2019appelait \u201cCa se dispute\u201d. A l\u2019\u00e9poque, il \u00e9tait souverainiste, revendiquait d\u2019avoir vot\u00e9 pour Jean-Pierre Chev\u00e8nement en 2002 et il parlait assez peu, \u00e0 ce moment-l\u00e0, de l\u2019islam. CNews veut renouer avec ce type d\u2019\u00e9mission qui avait fait le succ\u00e8s d\u2019I-t\u00e9l\u00e9. Sauf qu\u2019entre temps, Eric Zemmour a compl\u00e8tement chang\u00e9 de discours et il n\u2019est plus journaliste. \u00bb<br \/>\n\u00ab Le journalisme, plus qu\u2019une carte de presse, c\u2019est un rapport aux faits et \u00e0 la v\u00e9rit\u00e9. Or Eric Zemmour aligne les contre-v\u00e9rit\u00e9s, les insultes et les injures \u00e0 l\u2019\u00e9gard de l\u2019islam. \u00bb<br \/>\n\u00ab Il faut distinguer la critique de l\u2019islam et la haine des musulmans \u2013 et, \u00e0 ce titre, le terme d\u2019islamophobie est probl\u00e9matique. La loi sur la presse de 1881 est tr\u00e8s claire. Il n\u2019y a plus de d\u00e9lit de blasph\u00e8me : on peut dire tout ce que l\u2019on veut sur la religion chr\u00e9tienne, la religion musulmane ou la religion juive mais on n\u2019a pas le droit en revanche d\u2019attaquer les personnes ou les communaut\u00e9s de personnes. Or c\u2019est pr\u00e9cis\u00e9ment ce que fait Eric Zemmour \u2013 il manque ainsi \u00e0 tous les principes qui r\u00e9gissent le droit de la presse. \u00bb<br \/>\n\u00ab Eric Zemmour est un pol\u00e9miste identitaire, proche de Renaud Camus et donc extr\u00eamement dangereux. \u00bb<\/p>\n<p><em>\u00a0<strong>Sur les cha\u00eenes d\u2019information en continu et leur responsabilit\u00e9<\/em>\u00a0<\/strong><br \/>\n\u00ab Sur les cha\u00eenes d\u2019information en continu, il y a des \u00e9missions de qualit\u00e9, des intervenants de qualit\u00e9 et des journalistes de qualit\u00e9. Le probl\u00e8me, c\u2019est qu\u2019elles sont dans une logique d\u2019audience\u2026 \u00bb<br \/>\n\u00ab LCI a diffus\u00e9 en direct le discours d\u2019Eric Zemmour lors de la convention de la droite \u2013 ils l\u2019ont regrett\u00e9 apr\u00e8s mais on lui a donn\u00e9 une tribune disproportionn\u00e9e par rapport \u00e0 ce qu\u2019il repr\u00e9sente. Il y a clairement une recherche du buzz et de la pol\u00e9mique. Ce n\u2019est pas une question id\u00e9ologique, c\u2019est une recherche d\u2019audience. \u00bb<br \/>\n\u00ab Pour moi, Eric Zemmour n\u2019a pas sa place \u00e0 la t\u00e9l\u00e9vision. \u00bb<br \/>\n\u00ab Il y a des limites \u00e0 la libert\u00e9 d\u2019expression : dans la D\u00e9claration des Droits de l\u2019Homme et du Citoyen, c\u2019est-\u00e0-dire le moment o\u00f9 l\u2019on fixe la d\u00e9finition de la libert\u00e9 d\u2019expression, l\u2019article 11 dit bien : \u201ctout citoyen peut parler, \u00e9crire et s\u2019exprimer librement sauf \u00e0 r\u00e9pondre de l\u2019abus de cette libert\u00e9 dans les cadres d\u00e9termin\u00e9s par la loi\u201d. M\u00eame en 1789, les r\u00e9volutionnaires ont dit que la libert\u00e9 d\u2019expression ne pouvait pas \u00eatre totale. \u00bb<br \/>\n\u00ab Avec Eric Zemmour, on est dans l\u2019injure raciale r\u00e9p\u00e9t\u00e9e syst\u00e9matique et condamn\u00e9e par la justice. \u00bb<br \/>\n\u00ab Eric Zemmour est l\u2019\u00e9quivalent pour la haine anti-musulmans de ce qu\u2019Alain Soral peut \u00eatre pour la haine anti-juifs et je ne vois pas pourquoi Alain Soral n\u2019est plus dans les m\u00e9dias alors qu\u2019Eric Zemmour est partout. \u00bb<br \/>\n\u00ab Il y a un changement de l\u2019attitude des journalistes puisque la r\u00e9daction du Figaro s\u2019est d\u00e9solidaris\u00e9e d\u2019Eric Zemmour qui \u00e9crit toujours dans les pages du quotidien\u2026 cela pose probl\u00e8me aux v\u00e9ritables journalistes de la r\u00e9daction. \u00bb<\/p>\n<p><em>\u00a0<strong>Sur la d\u00e9fiance envers le monde m\u00e9diatique<\/em>\u00a0<\/strong><br \/>\n\u00ab La critique des m\u00e9dias, souvent l\u00e9gitime mais parfois compl\u00e8tement fantasm\u00e9e et excessive, existent depuis qu\u2019il y a des journaux, c\u2019est-\u00e0-dire depuis le XVII\u00e8 si\u00e8cle. \u00bb<br \/>\n\u00ab Ce qui a chang\u00e9 ces derni\u00e8res ann\u00e9es, c\u2019est l\u2019utilisation que font les politiques de la critique des m\u00e9dias\u2026 \u00bb<br \/>\n\u00ab On a beaucoup jou\u00e9 avec le feu vis-\u00e0-vis des m\u00e9dias dans la campagne de 2017 : les discours du candidat Fran\u00e7ois Fillon, l\u2019ancien Premier ministre Jean-Pierre Raffarin qui avait fait siffl\u00e9 les journalistes dans un meeting, les propos de Jean-Luc M\u00e9lenchon qui continue au moment de sa convocation devant le tribunal et m\u00eame Emmanuel Macron au moment de l\u2019affaire Benalla, dans les jardins de la Maison de l\u2019Am\u00e9rique Latin : \u201cnous avons une presse qui ne cherche plus la v\u00e9rit\u00e9, un pouvoir m\u00e9diatique qui se prend pour un pouvoir judiciaire\u201d\u2026 De la bouche du Pr\u00e9sident de la R\u00e9publique, garant des institutions, garant de l\u2019existence de contre-pouvoirs qui se permet de tenir de tels propos sur la presse \u2013 qui n\u2019avait fait que son travail ! \u00bb<\/p>\n<p><em>\u00a0<strong>Sur la critique de Jean-Luc M\u00e9lenchon \u00e0 l\u2019encontre de la s\u00e9lection des images par l\u2019\u00e9mission Quotidien<\/em>\u00a0<\/strong><br \/>\n\u00ab Quotidien a eu une attitude assez transparente \u00e0 l\u2019approche de la convocation en rendant publics tous les rushs. Je les ai regard\u00e9s et l\u2019on voit que Jean-Luc M\u00e9lenchon outrepasse tous les gestes normaux d\u2019un pr\u00e9sident d\u2019un groupe parlementaire et d\u2019un chef de parti qui a fait 18% \u00e0 la pr\u00e9sidentielle. \u00bb<br \/>\n\u00ab La strat\u00e9gie qui consiste \u00e0 dire que tous les journalistes sont \u00e0 mettre sur le m\u00eame plan, \u201cle parti m\u00e9diatique\u201d \u2013 il l\u2019a encore dit r\u00e9cemment \u2013 a contribu\u00e9, entre autres, \u00e0 faire passer la France insoumise de 18 \u00e0 6% et est contest\u00e9e en interne : des gens comme Cl\u00e9mentine Autain ont une lecture compl\u00e8tement diff\u00e9rente de ce qui doit \u00eatre l\u2019attitude de la France insoumise vis-\u00e0-vis des m\u00e9dias. \u00bb<br \/>\n\u00ab Evidemment que des journalistes font mal leur travail, qu\u2019il y a des erreurs, qu\u2019il peut y avoir de la manipulation \u2013 les m\u00e9dias sont tout, sauf parfaits -, mais tous les mettre dans le m\u00eame sac et les envelopper dans le m\u00eame m\u00e9pris et le m\u00eame d\u00e9nigrement, c\u2019est l\u2019attitude d\u2019un leader populiste et c\u2019est tr\u00e8s dommage pour la France insoumise qui aurait pu \u00eatre un parti d\u2019opposition \u00e0 Emmanuel Macron mais qui l\u00e0, \u00e0 mon avis avec de tels propos, se discr\u00e9dite. \u00bb<\/p>\n<p><em>\u00a0<strong>Sur l\u2019urgence \u00e0 r\u00e9former sur la question de la concentration des m\u00e9dias et de leur ind\u00e9pendance<\/em>\u00a0<\/strong><br \/>\n\u00ab On a une bonne nouvelle avec ce qui s\u2019est pass\u00e9 pour Le Monde qui fait suite \u00e0 ce qui s\u2019\u00e9tait pass\u00e9 avec M\u00e9diapart, c\u2019est-\u00e0-dire les solutions pr\u00f4n\u00e9es par Julia Cag\u00e9 pour garantir l\u2019ind\u00e9pendance \u00e9ditoriale de ces titres. \u00bb<br \/>\n\u00ab On a eu tr\u00e8s peur pour Le Monde que le milliardaire tch\u00e8que Daniel Kretinsky puisse en prendre le contr\u00f4le majoritaire sans l\u2019assentiment des journalistes \u2013 ce ne sera pas le cas. \u00bb<\/p>\n<p><em>\u00a0<strong>Sur la r\u00e9forme de l\u2019audiovisuel public propos\u00e9 par le Ministre de la Culture et de la Communication<\/em>\u00a0<\/strong><br \/>\n\u00ab L\u2019id\u00e9e de rassembler France M\u00e9dias Monde, l\u2019INA, Radio France et France T\u00e9l\u00e9visions dans une m\u00eame structure qui va s\u2019appeler France M\u00e9dias, c\u2019est un engagement d\u2019Emmanuel Macron qui rappelle l\u2019ORTF, d\u00e9mantel\u00e9 en 1975 par Val\u00e9ry Giscard d\u2019Estaing qui voulait en finir avec le monde gaullo-pompidolien de la tutelle exerc\u00e9e sur l\u2019audiovisuel public. Et l\u00e0, on renoue avec \u00e7a\u2026 Ce qui est un peu inqui\u00e9tant. \u00bb<br \/>\n\u00ab Le gouvernement a imagin\u00e9 des garanties pour que le PDG ne soit pas nomm\u00e9 par le CSA mais par un conseil d\u2019administration\u2026 il faut attendre et je leur laisse le b\u00e9n\u00e9fice du doute. \u00bb<br \/>\n\u00ab Ce qui m\u2019ennuie beaucoup plus, c\u2019est la logique de d\u00e9molition des services publics. \u00bb<br \/>\n\u00ab Quand on demande \u00e0 Radio France de faire un plan d\u2019\u00e9conomies de 60 millions alors que leur budget de fonctionnement est de 650 millions, on n\u2019est pas dans une logique de r\u00e9duction des co\u00fbts mais de d\u00e9molition du service public. \u00bb<br \/>\n\u00ab Et cela arrive au moment-m\u00eame o\u00f9 l\u2019audiovisuel a une excellente image, r\u00e9alise des scores d\u2019audience tout \u00e0 fait remarquables \u2013 notamment Radio France avec France Inter et France Culture. \u00bb<div id='gallery-1' class='gallery galleryid-11802 gallery-columns-3 gallery-size-thumbnail'><figure class='gallery-item'>\n\t\t\t<div class='gallery-icon landscape'>\n\t\t\t\t<a href='https:\/\/archives.regards.fr\/wp-content\/uploads\/2019\/10\/capture_d_e_cran_2019-10-03_a_12-8b4.21.18.png'><img loading=\"lazy\" decoding=\"async\" width=\"150\" height=\"150\" src=\"https:\/\/archives.regards.fr\/wp-content\/uploads\/2019\/10\/capture_d_e_cran_2019-10-03_a_12-8b4.21.18-150x150.png\" class=\"attachment-thumbnail size-thumbnail\" alt=\"capture_d_e_cran_2019-10-03_a_12.21.18.png\" \/><\/a>\n\t\t\t<\/div><\/figure>\n\t\t<\/div>\n<\/p>\n","protected":false},"excerpt":{"rendered":"<p>Les m\u00e9dias sont au coeur de nombreuses pol\u00e9miques : banalisation des id\u00e9es du Rassemblement national, surexposition d&#8217;Eric Zemmour, critiques de l&#8217;\u00e9mission Quotidien par la France insoumise ou r\u00e9forme de l&#8217;audiovisuel public&#8230; Pour en parler, Alexis L\u00e9vrier, sp\u00e9cialiste de l&#8217;histoire de la presse, est l&#8217;invit\u00e9 de #LaMidinale.<\/p>\n","protected":false},"author":1039,"featured_media":28023,"comment_status":"open","ping_status":"open","sticky":false,"template":"","format":"standard","meta":{"_themeisle_gutenberg_block_has_review":false,"footnotes":""},"categories":[238],"tags":[293],"class_list":["post-11802","post","type-post","status-publish","format-standard","has-post-thumbnail","hentry","category-la-midinale","tag-entretien"],"_links":{"self":[{"href":"https:\/\/archives.regards.fr\/index.php?rest_route=\/wp\/v2\/posts\/11802","targetHints":{"allow":["GET"]}}],"collection":[{"href":"https:\/\/archives.regards.fr\/index.php?rest_route=\/wp\/v2\/posts"}],"about":[{"href":"https:\/\/archives.regards.fr\/index.php?rest_route=\/wp\/v2\/types\/post"}],"author":[{"embeddable":true,"href":"https:\/\/archives.regards.fr\/index.php?rest_route=\/wp\/v2\/users\/1039"}],"replies":[{"embeddable":true,"href":"https:\/\/archives.regards.fr\/index.php?rest_route=%2Fwp%2Fv2%2Fcomments&post=11802"}],"version-history":[{"count":0,"href":"https:\/\/archives.regards.fr\/index.php?rest_route=\/wp\/v2\/posts\/11802\/revisions"}],"wp:featuredmedia":[{"embeddable":true,"href":"https:\/\/archives.regards.fr\/index.php?rest_route=\/wp\/v2\/media\/28023"}],"wp:attachment":[{"href":"https:\/\/archives.regards.fr\/index.php?rest_route=%2Fwp%2Fv2%2Fmedia&parent=11802"}],"wp:term":[{"taxonomy":"category","embeddable":true,"href":"https:\/\/archives.regards.fr\/index.php?rest_route=%2Fwp%2Fv2%2Fcategories&post=11802"},{"taxonomy":"post_tag","embeddable":true,"href":"https:\/\/archives.regards.fr\/index.php?rest_route=%2Fwp%2Fv2%2Ftags&post=11802"}],"curies":[{"name":"wp","href":"https:\/\/api.w.org\/{rel}","templated":true}]}}