{"id":11800,"date":"2019-10-02T10:37:30","date_gmt":"2019-10-02T08:37:30","guid":{"rendered":"https:\/\/wp.muchomaas.com\/article-catherine-tricot-il-faut-conforter-la-place-des-salaries-et-des-lanceurs-d\/"},"modified":"2023-06-23T23:43:57","modified_gmt":"2023-06-23T21:43:57","slug":"article-catherine-tricot-il-faut-conforter-la-place-des-salaries-et-des-lanceurs-d","status":"publish","type":"post","link":"https:\/\/archives.regards.fr\/?p=11800","title":{"rendered":"Catherine Tricot : \u00ab Il faut conforter la place des salari\u00e9s et des lanceurs d&#8217;alerte dans les usines Seveso \u00bb"},"content":{"rendered":"<p class=\"post_excerpt\">L\u2019accident de Lubrizol repose la question de la place des usines, notamment dangereuses, en ville. Pour en parler, Catherine Tricot, architecte-urbaniste et directrice de <em>Regards<\/em>, est l\u2019invit\u00e9e de #LaMidinale.<\/p>\n<p><iframe loading=\"lazy\" width=\"490\" height=\"276\" src=\"https:\/\/www.youtube.com\/embed\/XQeljNzJJwE\" frameborder=\"0\" allow=\"accelerometer; autoplay; encrypted-media; gyroscope; picture-in-picture\" allowfullscreen><\/iframe><\/p>\n<p>&nbsp;<\/p>\n<p>\n<strong>POUR \u00c9COUTER CETTE MIDINALE EN PODCAST<\/strong><br \/>\n<strong>>><\/strong> <em><a href=\"https:\/\/open.spotify.com\/episode\/38Vq6oy79JYmRixAnk7Lhj\">sur Spotify<\/a><\/em><br \/>\n<strong>>><\/strong> <em><a href=\"https:\/\/podcasts.apple.com\/fr\/podcast\/faut-conforter-la-place-des-salari%C3%A9s-et-des-lanceurs\/id1479697573?i=1000452138989\">sur Apple<\/a><\/em><\/p>\n<p>&nbsp;<\/p>\n<p><h2>VERBATIM<\/h2>\n<p>&nbsp;<\/p>\n<p>\n<em>\u00a0<strong>Sur le classement Seveso<\/em>\u00a0<\/strong><br \/>\n\u00ab Seveso est une classification particuli\u00e8re : il s\u2019agit d\u2019\u00e9tablissements class\u00e9s qui doivent d\u00e9clarer ce qu\u2019ils contiennent et respecter un certain nombre de r\u00e8gles et de protections. \u00bb<br \/>\n\u00ab Le classement Seveso dit qu\u2019il y a un risque tr\u00e8s \u00e9lev\u00e9 et qui a des cons\u00e9quences qui ne concernent pas que l\u2019usine elle-m\u00eame. \u00bb<br \/>\n\u00ab Le classement Seveso peut avoir des cons\u00e9quences urbaines tr\u00e8s importantes : par exemple, autour d\u2019une usine Seveso, on ne peut pas faire passer un autobus ; on ne peut pas construire un pont ou on ne peut pas avoir une \u00e9cole. \u00bb<br \/>\n\u00ab L\u2019usine Seveso, c\u2019est l\u2019usine mais c\u2019est aussi un p\u00e9rim\u00e8tre, entre 500 et 800 m\u00e8tres qui est compl\u00e8tement gel\u00e9 sur des services tr\u00e8s importants de la ville. \u00bb<\/p>\n<p><em>\u00a0<strong>Sur les usines dangereuses dans les villes<\/em>\u00a0<\/strong><br \/>\n\u00ab En r\u00e9gion parisienne, il y a des d\u00e9p\u00f4ts p\u00e9troliers qui sont des d\u00e9p\u00f4ts de s\u00e9curit\u00e9 qui permettent d\u2019assurer l\u2019approvisionnement de la r\u00e9gion Ile-de-France en cas de guerre ou de rupture d\u2019approvisionnement. Ces d\u00e9p\u00f4ts sont class\u00e9s Seveso. \u00bb<br \/>\n\u00ab Il y a un h\u00e9ritage industriel qui explique la place de ces usines dans les villes. \u00bb<br \/>\n\u00ab Il monte depuis des ann\u00e9es la revendication de faire sortir les usines Seveso dans les villes parce qu\u2019elles pr\u00e9sentent un danger mais aussi parce qu\u2019elles contraignent tout le d\u00e9veloppement urbain et les am\u00e9nagements autour des usines. \u00bb<\/p>\n<p><em>\u00a0<strong>Sur les solutions<\/em>\u00a0<\/strong><br \/>\n\u00ab On va continuer de conserver dans les villes des \u00e9tablissements class\u00e9s, en revanche, ce qu\u2019il faut, c\u2019est que ces \u00e9tablissements soient r\u00e9ellement soumis \u00e0 des r\u00e8gles de s\u00e9curit\u00e9. \u00bb<br \/>\n\u00ab En 2014, au nom de la simplification, de l\u2019all\u00e9gement administratif, on a permis aux entreprises de ne plus d\u00e9clarer ce qu\u2019elles stockent. \u00bb<br \/>\n\u00ab Il faut revenir sur la r\u00e9glementation de 2014 et durcir les exigences de s\u00e9curit\u00e9 : d\u2019une part que l\u2019Etat remplisse v\u00e9ritablement sa mission de contr\u00f4le mais aussi s\u2019appuyer sur les salari\u00e9s. Les salari\u00e9s doivent \u00eatre associ\u00e9s \u00e0 la direction et reconnus comme des interlocuteurs publics. \u00bb<br \/>\n\u00ab Le fait qu\u2019on ait supprim\u00e9 les CHSCT dans les entreprises fait qu\u2019on a un all\u00e9gement de la place et des moyens allou\u00e9s aux salari\u00e9s pour pouvoir s\u2019informer et alerter en cas de probl\u00e8me sur leur propre s\u00e9curit\u00e9 et du voisinage. \u00bb<\/p>\n<p><em>\u00a0<strong>Sur l\u2019am\u00e9nagement du territoire<\/em>\u00a0<\/strong><br \/>\n\u00ab On ne va pas mettre les usines \u00e0 la campagne. Si on le fait, on va mettre des villes \u00e0 c\u00f4t\u00e9 des usines ce qui a \u00e9t\u00e9 le processus d\u2019urbanisation avec l\u2019industrialisation au 19\u00e8me si\u00e8cle, c\u2019est-\u00e0-dire qu\u2019on a construit des villes autour des usines. On ne va pas recommencer ce processus. \u00bb<br \/>\n\u00ab Il faut que les usines restent dans l\u2019agglom\u00e9ration, en revanche il faut qu\u2019il y ait des r\u00e8gles de s\u00e9curit\u00e9 qui soient assur\u00e9es par plusieurs parties : l\u2019Etat, les salari\u00e9s et des \u00e9lus. \u00bb<\/p>\n<p><em>\u00a0<strong>Sur la communication des autorit\u00e9s en mati\u00e8re sanitaire<\/em>\u00a0<\/strong><br \/>\n\u00ab Leur communication est tr\u00e8s anxiog\u00e8ne : il n\u2019y a pas un discours de v\u00e9rit\u00e9 clair et net. \u00bb<br \/>\n\u00ab Il y a des \u00e9l\u00e9ments probablement v\u00e9rifiables : la qualit\u00e9 de l\u2019air et la qualit\u00e9 de l\u2019eau (\u2026). Par contre, on sait qu\u2019un toit de 8.000m2 d\u2019amiante s\u2019est \u00e9croul\u00e9 et est parti en fum\u00e9e : c\u2019est une question importante. Que s\u2019est-il pass\u00e9 avec les fibres d\u2019amiante qui se sont volatilis\u00e9es dans le territoire ? \u00bb<br \/>\n\u00ab Ne pas avoir de discours clair et net me semble de nature \u00e0 aggraver la d\u00e9fiance que les citoyens ont \u00e0 l\u2019\u00e9gard des citoyens. \u00bb<br \/>\n\u00ab Les affaires du Mediator, du sang contamin\u00e9\u2026 il y a un souci qui n\u2019a cess\u00e9 de s\u2019aggraver sur les agences qui sont sens\u00e9es nous repr\u00e9senter et nous d\u00e9fendre dans tous les domaines. \u00bb<\/p>\n<p><em>\u00a0<strong>Sur l\u2019affaire Zemmour et la responsabilit\u00e9 des chaines d\u2019info<\/em>\u00a0<\/strong><br \/>\n\u00ab Ce qui est frappant, c\u2019est qu\u2019on a fait de l\u2019intervention d\u2019Eric Zemmour un \u00e9v\u00e9nement politique, alors qu\u2019il n\u2019y a aucune l\u00e9gitimit\u00e9 politique : c\u2019est donc un parti pris \u00e9ditorial. \u00bb<br \/>\n\u00ab On est devant une crise de la presse et des m\u00e9dias &#8211; notamment des chaines d\u2019info en continue &#8211; qui sont en devoir de r\u00e9inventer leurs missions et leur travail. \u00bb<br \/>\n\u00ab Une des analyses qui est faite \u00e0 l\u2019int\u00e9rieur des m\u00e9dias, c\u2019est qu\u2019il y a trop d\u2019homog\u00e9n\u00e9it\u00e9 dans le traitement de l\u2019information. \u00bb<br \/>\n\u00ab Il est extr\u00eamement dangereux de ne chercher qu\u2019\u00e0 faire de la confrontation et du clash. On hyst\u00e9rise compl\u00e8tement les choses, on ne fait que provoquer de la peur, de l\u2019angoisse et probablement alimenter une d\u00e9fiance g\u00e9n\u00e9ralis\u00e9e \u00e0 l\u2019\u00e9gard de toutes les institutions. On joue avec le feu et ceux qui prennent ce parti-l\u00e0 prennent une responsabilit\u00e9 tr\u00e8s grande. \u00bb <div id='gallery-1' class='gallery galleryid-11800 gallery-columns-3 gallery-size-thumbnail'><figure class='gallery-item'>\n\t\t\t<div class='gallery-icon landscape'>\n\t\t\t\t<a href='https:\/\/archives.regards.fr\/wp-content\/uploads\/2019\/10\/capture_d_e_cran_2019-10-02_a_10-37f.21.12.png'><img loading=\"lazy\" decoding=\"async\" width=\"150\" height=\"150\" src=\"https:\/\/archives.regards.fr\/wp-content\/uploads\/2019\/10\/capture_d_e_cran_2019-10-02_a_10-37f.21.12-150x150.png\" class=\"attachment-thumbnail size-thumbnail\" alt=\"capture_d_e_cran_2019-10-02_a_10.21.12.png\" \/><\/a>\n\t\t\t<\/div><\/figure>\n\t\t<\/div>\n<\/p>\n","protected":false},"excerpt":{"rendered":"<p>L\u2019accident de Lubrizol repose la question de la place des usines, notamment dangereuses, en ville. Pour en parler, Catherine Tricot, architecte-urbaniste et directrice de <em>Regards<\/em>, est l\u2019invit\u00e9e de #LaMidinale.<\/p>\n","protected":false},"author":1039,"featured_media":28018,"comment_status":"open","ping_status":"open","sticky":false,"template":"","format":"standard","meta":{"_themeisle_gutenberg_block_has_review":false,"footnotes":""},"categories":[238],"tags":[293],"class_list":["post-11800","post","type-post","status-publish","format-standard","has-post-thumbnail","hentry","category-la-midinale","tag-entretien"],"_links":{"self":[{"href":"https:\/\/archives.regards.fr\/index.php?rest_route=\/wp\/v2\/posts\/11800","targetHints":{"allow":["GET"]}}],"collection":[{"href":"https:\/\/archives.regards.fr\/index.php?rest_route=\/wp\/v2\/posts"}],"about":[{"href":"https:\/\/archives.regards.fr\/index.php?rest_route=\/wp\/v2\/types\/post"}],"author":[{"embeddable":true,"href":"https:\/\/archives.regards.fr\/index.php?rest_route=\/wp\/v2\/users\/1039"}],"replies":[{"embeddable":true,"href":"https:\/\/archives.regards.fr\/index.php?rest_route=%2Fwp%2Fv2%2Fcomments&post=11800"}],"version-history":[{"count":0,"href":"https:\/\/archives.regards.fr\/index.php?rest_route=\/wp\/v2\/posts\/11800\/revisions"}],"wp:featuredmedia":[{"embeddable":true,"href":"https:\/\/archives.regards.fr\/index.php?rest_route=\/wp\/v2\/media\/28018"}],"wp:attachment":[{"href":"https:\/\/archives.regards.fr\/index.php?rest_route=%2Fwp%2Fv2%2Fmedia&parent=11800"}],"wp:term":[{"taxonomy":"category","embeddable":true,"href":"https:\/\/archives.regards.fr\/index.php?rest_route=%2Fwp%2Fv2%2Fcategories&post=11800"},{"taxonomy":"post_tag","embeddable":true,"href":"https:\/\/archives.regards.fr\/index.php?rest_route=%2Fwp%2Fv2%2Ftags&post=11800"}],"curies":[{"name":"wp","href":"https:\/\/api.w.org\/{rel}","templated":true}]}}