{"id":11793,"date":"2019-09-30T11:55:26","date_gmt":"2019-09-30T09:55:26","guid":{"rendered":"https:\/\/wp.muchomaas.com\/article-marie-helene-plard-apres-le-suicide-de-christine-on-ressent-le-mepris-de-l\/"},"modified":"2023-06-23T23:43:54","modified_gmt":"2023-06-23T21:43:54","slug":"article-marie-helene-plard-apres-le-suicide-de-christine-on-ressent-le-mepris-de-l","status":"publish","type":"post","link":"https:\/\/archives.regards.fr\/?p=11793","title":{"rendered":"Marie-H\u00e9l\u00e8ne Plard : \u00ab Apr\u00e8s le suicide de Christine, on ressent le m\u00e9pris de l\u2019institution scolaire \u00bb"},"content":{"rendered":"<p class=\"post_excerpt\">Le 21 septembre dernier, Christine Renon, directrice d\u2019\u00e9cole depuis plus de 30, se donnait la mort dans son \u00e9cole de Pantin. Dans une lettre o\u00f9 elle se dit \u00e9puis\u00e9e, elle d\u00e9nonce les d\u00e9gradations des conditions de travail et accuse l\u2019Education nationale. Marie-H\u00e9l\u00e8ne Plard, directrice d\u2019\u00e9cole et secr\u00e9taire d\u00e9partementale du SNUipp-FSU de la Seine-Saint-Denis, est l\u2019invit\u00e9e de #LaMidinale.<\/p>\n<p><iframe loading=\"lazy\" width=\"490\" height=\"276\" src=\"https:\/\/www.youtube.com\/embed\/hAE6LKIQ9wc\" frameborder=\"0\" allow=\"accelerometer; autoplay; encrypted-media; gyroscope; picture-in-picture\" allowfullscreen><\/iframe><\/p>\n<p>&nbsp;<\/p>\n<p><h2>VERBATIM<\/h2>\n<p>&nbsp;<\/p>\n<p>\n<em>\u00a0<strong>Sur l\u2019alerte de Christine Renon, directrice d\u2019\u00e9cole, qui s\u2019est suicid\u00e9e<\/em>\u00a0<\/strong><br \/>\n\u00ab Dans le courrier que Christine a adress\u00e9 \u00e0 ses coll\u00e8gues directeurs et \u00e0 son syndicat, elle alerte sur la d\u00e9gradation de ses conditions de travail en tant qu\u2019enseignante et directrice d\u2019\u00e9cole. \u00bb<br \/>\n\u00ab \u00c7a fait plus de deux ans qu\u2019on alerte le minist\u00e8re sur la question des conditions de travail. Il y a de la souffrance au travail. \u00bb<br \/>\n\u00ab Christine d\u00e9crit le quotidien d\u2019une directrice d\u2019\u00e9cole, c\u2019est pour \u00e7a que son geste et son message a une ampleur au-del\u00e0 de ville et du d\u00e9partement : cela parle \u00e0 tout le monde. \u00bb<\/p>\n<p><em>\u00a0<strong>Sur le fait que le suicide a eu lieu sur le lieu de travail, l\u2019\u00e9cole ou elle exer\u00e7ait<\/em>\u00a0<\/strong><br \/>\n\u00ab \u00c7a n\u2019est pas un geste anodin. Quand on fait le choix de mettre fin \u00e0 ses jours sur son lieu de travail, de prendre le temps d\u2019\u00e9crire \u00e0 l\u2019institution pour expliquer son geste, c\u2019est la responsabilit\u00e9 de l\u2019institution qui est clairement point\u00e9e du doigt. \u00bb<\/p>\n<p><em>\u00a0<strong>Sur le climat dans les \u00e9tablissements scolaires<\/em>\u00a0<\/strong><br \/>\n\u00ab On est sur un climat d\u2019\u00e9puisement professionnel. \u00bb<br \/>\n\u00ab C\u2019est de plus en plus difficile pour la communaut\u00e9 \u00e9ducative parce que, depuis deux ans, on est sur une perte de sens de notre m\u00e9tier. \u00bb<br \/>\n\u00ab La charge administrative est de plus en plus importante avec des injonctions qui n\u2019ont pas n\u00e9cessairement de sens ni pour les \u00e9l\u00e8ves, ni pour les enseignants. \u00bb<br \/>\n\u00ab Il y a deux ans, le gouvernement a retir\u00e9 les aides administratives aux directions d\u2019\u00e9coles. \u00bb<br \/>\n\u00ab La fonction premi\u00e8re de direction d\u2019\u00e9cole, c\u2019est d\u2019animer une \u00e9quipe p\u00e9dagogique, de porter des projets et de f\u00e9d\u00e9rer l\u2019ensemble de l\u2019\u00e9cole. Aujourd\u2019hui, on n\u2019y est plus. On nous demande de remplir des tableaux Excel. \u00bb<\/p>\n<p><em>\u00a0<strong>Sur les relations avec l\u2019institution scolaire<\/em>\u00a0<\/strong><br \/>\n\u00ab On nous demande toujours de nous justifier. On est dans une justification permanente. On est dans une judiciarisation de la soci\u00e9t\u00e9. Pour l\u2019institution, quand il y a un probl\u00e8me, c\u2019est que peut-\u00eatre on a mal fait quelque chose, ou qu\u2019on aurait du faire autrement. \u00bb<\/p>\n<p>Sur l\u2019organisation du CHSCT exceptionnel<br \/>\n\u00ab Le CHSCT portera exclusivement sur l\u2019acte suicidaire au sein de l\u2019Education nationale. \u00bb<br \/>\n\u00ab Le r\u00f4le du CHSCT va \u00eatre d\u2019identifier les causes pour pouvoir y rem\u00e9dier. \u00bb<\/p>\n<p><em>\u00a0<strong>Sur la responsabilit\u00e9 de l\u2019institution<\/em>\u00a0<\/strong><br \/>\n\u00ab On est sur des choix politiques du gouvernement et du minist\u00e8re. \u00bb<br \/>\n\u00ab Il n\u2019est pas question pour le SNUipp de faire sauter des fusibles. \u00bb<br \/>\n\u00ab Le malaise est g\u00e9n\u00e9ral et porte sur les choix du gouvernement, de la mise en place du nouveau management public qui met en souffrance les personnels. \u00bb<br \/>\n\u00ab L\u2019accusation porte au niveau du gouvernement et du minist\u00e8re. \u00bb<\/p>\n<p><em>\u00a0<strong>Sur les quartiers populaires<\/em>\u00a0<\/strong><br \/>\n\u00ab Il y a un affichage politique [qui consiste \u00e0 dire que le gouvernement fait plus pour les quartiers populaires]. \u00bb<br \/>\n\u00ab La Seine-Saint-Denis est un d\u00e9partement en souffrance vis-\u00e0-vis des services publics. \u00bb<br \/>\n\u00ab En Seine-Saint-Denis, les \u00e9coles sont le dernier point d\u2019accueil des familles. \u00bb<\/p>\n<p><em>\u00a0<strong>Sur l\u2019indiff\u00e9rence face au suicide de Christine<\/em>\u00a0<\/strong><br \/>\n\u00ab Il y a du m\u00e9pris [de la part de l\u2019institution]. \u00bb<br \/>\n\u00ab Lors de l\u2019hommage \u00e0 Christine le 26 septembre dernier, l\u2019institution n\u2019\u00e9tait pas pr\u00e9sente. \u00bb<br \/>\n\u00ab Ce qui a choqu\u00e9 les coll\u00e8gues, c\u2019est que nous n\u2019avons pas re\u00e7u un mot de notre hi\u00e9rarchie directe, du d\u00e9partement ou de l\u2019acad\u00e9mie. Par contre, quand le pr\u00e9sident Chirac d\u00e9c\u00e8de, dans la pr\u00e9cipitation, nous avons re\u00e7u un message dans les \u00e9coles nous expliquant qu\u2019il fallait organiser un hommage. \u00c7a, \u00e7a ne passe pas. \u00bb<div id='gallery-1' class='gallery galleryid-11793 gallery-columns-3 gallery-size-thumbnail'><figure class='gallery-item'>\n\t\t\t<div class='gallery-icon landscape'>\n\t\t\t\t<a href='https:\/\/archives.regards.fr\/wp-content\/uploads\/2019\/09\/capture_d_e_cran_2019-09-30_a_11-f61.45.47.png'><img loading=\"lazy\" decoding=\"async\" width=\"150\" height=\"150\" src=\"https:\/\/archives.regards.fr\/wp-content\/uploads\/2019\/09\/capture_d_e_cran_2019-09-30_a_11-f61.45.47-150x150.png\" class=\"attachment-thumbnail size-thumbnail\" alt=\"capture_d_e_cran_2019-09-30_a_11.45.47.png\" \/><\/a>\n\t\t\t<\/div><\/figure>\n\t\t<\/div>\n<\/p>\n","protected":false},"excerpt":{"rendered":"<p>Le 21 septembre dernier, Christine Renon, directrice d\u2019\u00e9cole depuis plus de 30, se donnait la mort dans son \u00e9cole de Pantin. Dans une lettre o\u00f9 elle se dit \u00e9puis\u00e9e, elle d\u00e9nonce les d\u00e9gradations des conditions de travail et accuse l\u2019Education nationale. Marie-H\u00e9l\u00e8ne Plard, directrice d\u2019\u00e9cole et secr\u00e9taire d\u00e9partementale du SNUipp-FSU de la Seine-Saint-Denis, est l\u2019invit\u00e9e de #LaMidinale.<\/p>\n","protected":false},"author":1039,"featured_media":28004,"comment_status":"open","ping_status":"open","sticky":false,"template":"","format":"standard","meta":{"_themeisle_gutenberg_block_has_review":false,"footnotes":""},"categories":[238],"tags":[293],"class_list":["post-11793","post","type-post","status-publish","format-standard","has-post-thumbnail","hentry","category-la-midinale","tag-entretien"],"_links":{"self":[{"href":"https:\/\/archives.regards.fr\/index.php?rest_route=\/wp\/v2\/posts\/11793","targetHints":{"allow":["GET"]}}],"collection":[{"href":"https:\/\/archives.regards.fr\/index.php?rest_route=\/wp\/v2\/posts"}],"about":[{"href":"https:\/\/archives.regards.fr\/index.php?rest_route=\/wp\/v2\/types\/post"}],"author":[{"embeddable":true,"href":"https:\/\/archives.regards.fr\/index.php?rest_route=\/wp\/v2\/users\/1039"}],"replies":[{"embeddable":true,"href":"https:\/\/archives.regards.fr\/index.php?rest_route=%2Fwp%2Fv2%2Fcomments&post=11793"}],"version-history":[{"count":0,"href":"https:\/\/archives.regards.fr\/index.php?rest_route=\/wp\/v2\/posts\/11793\/revisions"}],"wp:featuredmedia":[{"embeddable":true,"href":"https:\/\/archives.regards.fr\/index.php?rest_route=\/wp\/v2\/media\/28004"}],"wp:attachment":[{"href":"https:\/\/archives.regards.fr\/index.php?rest_route=%2Fwp%2Fv2%2Fmedia&parent=11793"}],"wp:term":[{"taxonomy":"category","embeddable":true,"href":"https:\/\/archives.regards.fr\/index.php?rest_route=%2Fwp%2Fv2%2Fcategories&post=11793"},{"taxonomy":"post_tag","embeddable":true,"href":"https:\/\/archives.regards.fr\/index.php?rest_route=%2Fwp%2Fv2%2Ftags&post=11793"}],"curies":[{"name":"wp","href":"https:\/\/api.w.org\/{rel}","templated":true}]}}