{"id":11782,"date":"2019-09-26T16:03:39","date_gmt":"2019-09-26T14:03:39","guid":{"rendered":"https:\/\/wp.muchomaas.com\/article-clement-pairot-ce-que-dit-elizabeth-warren-depuis-4-ans-bernie-sanders-le-dit\/"},"modified":"2023-06-23T23:43:41","modified_gmt":"2023-06-23T21:43:41","slug":"article-clement-pairot-ce-que-dit-elizabeth-warren-depuis-4-ans-bernie-sanders-le-dit","status":"publish","type":"post","link":"https:\/\/archives.regards.fr\/?p=11782","title":{"rendered":"Cl\u00e9ment Pairot : \u00ab Ce que dit Elizabeth Warren depuis 4 ans, Bernie Sanders le dit depuis 40 ans \u00bb"},"content":{"rendered":"<p class=\"post_excerpt\">Primaire d\u00e9mocrate, proc\u00e9dure d\u2019impeachment : quelle campagne \u00e9lectorale dans la perspective de la pr\u00e9sidentielle am\u00e9ricaine de 2020 ? Pour en parler, Cl\u00e9ment Pairot, auteur de <em>D\u00e9mocrazies : un Frenchie dans la campagne de Bernie Sanders<\/em>, aux \u00e9ditions Qui Mal Y Pense, est l\u2019invit\u00e9 de #LaMidinale.<\/p>\n<p><iframe loading=\"lazy\" width=\"490\" height=\"276\" src=\"https:\/\/www.youtube.com\/embed\/j3mVKezY9cU\" frameborder=\"0\" allow=\"accelerometer; autoplay; encrypted-media; gyroscope; picture-in-picture\" allowfullscreen><\/iframe><\/p>\n<p>&nbsp;<\/p>\n<p><h2>VERBATIM<\/h2>\n<p>&nbsp;<\/p>\n<p>\n<em>\u00a0<strong>Sur les chances de Bernie Sanders<\/em>\u00a0<\/strong><br \/>\n\u00ab Bernie Sanders part avec des atouts plus forts pour gagner qu\u2019en 2016. \u00bb<br \/>\n\u00ab La diff\u00e9rence par rapport \u00e0 2016, c\u2019est qu\u2019il est tr\u00e8s identifi\u00e9. \u00bb<br \/>\n\u00ab Il a structur\u00e9 une base militante qui lui a permis de financer sa campagne &#8211; aujourd\u2019hui, il a un tr\u00e9sor de guerre de 40 millions de dollars qui sont s\u00e9curis\u00e9s. Donc il est certain d\u2019aller au moins jusqu\u2019au \u201cSuper Tuesday\u201d et probablement jusqu\u2019\u00e0 la fin. \u00bb<br \/>\n\u00ab En 4 ans, le Parti d\u00e9mocrate a chang\u00e9 son approche sur les politiques \u00e0 mener. \u00bb<br \/>\n\u00ab Les sujets que portait Bernie Sanders \u00e0 l\u2019\u00e9poque et qui \u00e9taient consid\u00e9r\u00e9s comme marginaux, font aujourd\u2019hui la centralit\u00e9 du d\u00e9bat. Tout le monde n\u2019est pas d\u2019accord mais tout le monde en d\u00e9bat. \u00bb<\/p>\n<p><em>\u00a0<strong>Sur l\u2019establishment au sein du Parti d\u00e9mocrate<\/em>\u00a0<\/strong><br \/>\n\u00ab Quand je parle de l\u2019establishment, je ne parle pas forc\u00e9ment des candidats, je parle de la machine de t\u00eate du Parti d\u00e9mocrate. \u00bb<br \/>\n\u00ab En 20 ans, le Parti d\u00e9mocrate a \u00e9t\u00e9 sous la mainmise de la famille Clinton. \u00c7a biaise beaucoup de choses. \u00bb<br \/>\n\u00ab Alexandria Ocasio-Cortez est l\u2019incarnation de l\u2019anti-establishment dans le Parti d\u00e9mocrate. \u00bb<br \/>\n\u00ab L\u2019establishment du Parti d\u00e9mocrate n\u2019est pas align\u00e9 avec les positions de Sanders. \u00bb<\/p>\n<p><em>\u00a0<strong>Sur l\u2019opposition Elizabeth Warren \/ Bernie Sanders<\/em>\u00a0<\/strong><br \/>\n\u00ab Ce qui diff\u00e9rencie Warren de Sanders, c\u2019est que ce que dit Warren depuis 4 ans, Sanders le dit depuis 40 ans. \u00bb<br \/>\n\u00ab Warren ne veut pas aller directement \u00e0 l\u2019encontre des int\u00e9r\u00eats de l\u2019establishment. \u00c7a pose question de la mani\u00e8re dont elle g\u00e9rerait son mandat si elle devenait pr\u00e9sidente. \u00bb<br \/>\n\u00ab Warren a \u00e9t\u00e9 R\u00e9publicaine dans les ann\u00e9es 80 sans que jamais elle ne s\u2019en explique. \u00bb<br \/>\n\u00ab Sanders est en faveur d\u2019une couverture de sant\u00e9 universelle exclusivement publique. Warren manque de clart\u00e9 sur le sujet et semble plus arrangeante vis-\u00e0-vis des soci\u00e9t\u00e9s d\u2019assurances priv\u00e9es. \u00bb<\/p>\n<p><em>\u00a0<strong>Sur les sondages des primaires d\u00e9mocrates<\/em>\u00a0<\/strong><br \/>\n\u00ab Joe Biden, d\u00e8s son entr\u00e9e en campagne, est entr\u00e9 en t\u00eate des sondages parce qu\u2019il \u00e9tait le plus connu et qu\u2019il arrivait avec son bagage de vice-pr\u00e9sident d\u2019Obama. \u00bb<br \/>\n\u00ab Joe Biden ne monte pas dans les sondages et n\u2019a que des coups \u00e0 prendre dans cette primaire. \u00bb<br \/>\n\u00ab Joe Biden ne prend aucune mesure forte dans sa campagne et son programme n\u2019est pas vraiment int\u00e9ressant. \u00bb<br \/>\n\u00ab Il va baisser progressivement dans les sondages. La question, c\u2019est :\u00e0 quelle vitesse et est-ce qu\u2019il baissera ? Et sera-ce suffisamment vite pour ne pas \u00eatre le nomin\u00e9 final ? \u00bb<br \/>\n\u00ab Bernie Sanders est le deuxi\u00e8me choix de ma la majorit\u00e9 des \u00e9lecteurs de Warren et de Biden. Donc un abandon de Biden peut \u00eatre favorable \u00e0 Sanders. \u00bb<br \/>\n\u00ab Warren est une nouvelle figure, elle est plus jeune et c\u2019est une femme. Elle progresse dans les sondages. \u00bb<br \/>\n\u00ab Les m\u00e9dias font monter la candidature de Warren par des biais grotesques. \u00bb<\/p>\n<p><em>\u00a0<strong>Sur le mouvement \u201cSunrise\u201d<\/em>\u00a0<\/strong><br \/>\n\u00ab  Sunrise est un mouvement port\u00e9 sur les questions \u00e9cologiques, qui se positionne \u00e0 la gauche du Parti et proche d\u2019Alexandria Ocasio-Cortez. \u00bb<br \/>\n\u00ab Au printemps, Sunrise a lanc\u00e9 un appel pour organiser un d\u00e9bat uniquement sur la question \u00e9cologique avec les candidats\u2026 Ce qu\u2019a refus\u00e9 l\u2019establishment. \u00bb<\/p>\n<p><em>\u00a0<strong>Sur la proc\u00e9dure d\u2019impeachment<\/em>\u00a0<\/strong><br \/>\n\u00ab Donald Trump a d\u00e9pos\u00e9 sa candidature pour la primaire 2020 au lendemain de sa prise de fonction. \u00bb<br \/>\n\u00ab Durant longtemps, Trump a \u00e9t\u00e9 tr\u00e8s haut dans les sondages &#8211; plus haut qu\u2019Obama. \u00bb<br \/>\n\u00ab Trump reste le candidat d\u2019office, pr\u00e9sum\u00e9, pour le Parti r\u00e9publicain et, aujourd\u2019hui, aucune primaire n\u2019est pr\u00e9vue. \u00bb<br \/>\n\u00ab Aujourd\u2019hui, pour aller au bout de la proc\u00e9dure d\u2019impeachment, on a besoin des 2\/3 du S\u00e9nat et le S\u00e9nat est majoritairement r\u00e9publicain. \u00bb<br \/>\n\u00ab Si la proc\u00e9dure d\u2019impeachment, m\u00eame sans aller au bout, affaiblit trop Donald Trump &#8211; notamment dans les sondages -, il est possible qu\u2019on ouvre la possibilit\u00e9 d\u2019une primaire. \u00bb<br \/>\n\u00ab Alors que Nancy Pelosi lance cette proc\u00e9dure d\u2019impeachment tout en \u00e9tant l\u2019incarnation de l\u2019establishment d\u00e9mocrate, c\u2019est s\u00fbrement parce qu\u2019elle pense que, finalement, ne plus avoir Trump c\u2019est peut-\u00eatre la garantie de l\u2019effondrement de la candidature Biden. \u00bb<br \/>\n\u00ab Biden est haut dans les sondages mais n\u2019a que des coups \u00e0 prendre. \u00bb<br \/>\n\u00ab Si Trump n\u2019est plus l\u00e0, on n\u2019a plus besoin de Biden et \u00e7a r\u00e9ouvre le d\u00e9bat Warren versus Sanders mais aussi des autres petits candidats. \u00bb<div id='gallery-1' class='gallery galleryid-11782 gallery-columns-3 gallery-size-thumbnail'><figure class='gallery-item'>\n\t\t\t<div class='gallery-icon landscape'>\n\t\t\t\t<a href='https:\/\/archives.regards.fr\/wp-content\/uploads\/2019\/09\/capture_d_e_cran_2019-09-26_a_16-0cf.02.17.png'><img loading=\"lazy\" decoding=\"async\" width=\"150\" height=\"150\" src=\"https:\/\/archives.regards.fr\/wp-content\/uploads\/2019\/09\/capture_d_e_cran_2019-09-26_a_16-0cf.02.17-150x150.png\" class=\"attachment-thumbnail size-thumbnail\" alt=\"capture_d_e_cran_2019-09-26_a_16.02.17.png\" \/><\/a>\n\t\t\t<\/div><\/figure>\n\t\t<\/div>\n<\/p>\n","protected":false},"excerpt":{"rendered":"<p>Primaire d\u00e9mocrate, proc\u00e9dure d\u2019impeachment : quelle campagne \u00e9lectorale dans la perspective de la pr\u00e9sidentielle am\u00e9ricaine de 2020 ? Pour en parler, Cl\u00e9ment Pairot, auteur de <em>D\u00e9mocrazies : un Frenchie dans la campagne de Bernie Sanders<\/em>, aux \u00e9ditions Qui Mal Y Pense, est l\u2019invit\u00e9 de #LaMidinale.<\/p>\n","protected":false},"author":1204,"featured_media":27980,"comment_status":"open","ping_status":"open","sticky":false,"template":"","format":"standard","meta":{"_themeisle_gutenberg_block_has_review":false,"footnotes":""},"categories":[238],"tags":[293],"class_list":["post-11782","post","type-post","status-publish","format-standard","has-post-thumbnail","hentry","category-la-midinale","tag-entretien"],"_links":{"self":[{"href":"https:\/\/archives.regards.fr\/index.php?rest_route=\/wp\/v2\/posts\/11782","targetHints":{"allow":["GET"]}}],"collection":[{"href":"https:\/\/archives.regards.fr\/index.php?rest_route=\/wp\/v2\/posts"}],"about":[{"href":"https:\/\/archives.regards.fr\/index.php?rest_route=\/wp\/v2\/types\/post"}],"author":[{"embeddable":true,"href":"https:\/\/archives.regards.fr\/index.php?rest_route=\/wp\/v2\/users\/1204"}],"replies":[{"embeddable":true,"href":"https:\/\/archives.regards.fr\/index.php?rest_route=%2Fwp%2Fv2%2Fcomments&post=11782"}],"version-history":[{"count":0,"href":"https:\/\/archives.regards.fr\/index.php?rest_route=\/wp\/v2\/posts\/11782\/revisions"}],"wp:featuredmedia":[{"embeddable":true,"href":"https:\/\/archives.regards.fr\/index.php?rest_route=\/wp\/v2\/media\/27980"}],"wp:attachment":[{"href":"https:\/\/archives.regards.fr\/index.php?rest_route=%2Fwp%2Fv2%2Fmedia&parent=11782"}],"wp:term":[{"taxonomy":"category","embeddable":true,"href":"https:\/\/archives.regards.fr\/index.php?rest_route=%2Fwp%2Fv2%2Fcategories&post=11782"},{"taxonomy":"post_tag","embeddable":true,"href":"https:\/\/archives.regards.fr\/index.php?rest_route=%2Fwp%2Fv2%2Ftags&post=11782"}],"curies":[{"name":"wp","href":"https:\/\/api.w.org\/{rel}","templated":true}]}}