{"id":11779,"date":"2019-09-25T12:58:05","date_gmt":"2019-09-25T10:58:05","guid":{"rendered":"https:\/\/wp.muchomaas.com\/article-clement-senechal-greenpeace-il-faut-elargir-la-mobilisation-pour-le-climat-et\/"},"modified":"2023-06-23T23:43:40","modified_gmt":"2023-06-23T21:43:40","slug":"article-clement-senechal-greenpeace-il-faut-elargir-la-mobilisation-pour-le-climat-et","status":"publish","type":"post","link":"https:\/\/archives.regards.fr\/?p=11779","title":{"rendered":"Cl\u00e9ment S\u00e9n\u00e9chal (Greenpeace) : \u00ab Il faut \u00e9largir la mobilisation pour le climat et la radicaliser \u00bb"},"content":{"rendered":"<p class=\"post_excerpt\">La France, comme quatre autre pays, est la cible d\u2019une nouvelle plainte judiciaire pour inaction climatique. Greta Thunberg hausse d\u00e9sormais le ton et \u00e7a ne plait plus du tout \u00e0 l\u2019Elys\u00e9e\u2026 On en parle avec Cl\u00e9ment S\u00e9n\u00e9chal, porte-parole de Greenpeace pour les politiques \u00ab Climat \u00bb. Il est l\u2019invit\u00e9 de #LaMidinale.<\/p>\n<p><iframe loading=\"lazy\" width=\"490\" height=\"276\" src=\"https:\/\/www.youtube.com\/embed\/BllWfy0nyBI\" frameborder=\"0\" allow=\"accelerometer; autoplay; encrypted-media; gyroscope; picture-in-picture\" allowfullscreen><\/iframe><\/p>\n<p>&nbsp;<\/p>\n<p><h2>VERBATIM<\/h2>\n<p>&nbsp;<\/p>\n<p>\n<em>\u00a0<strong>Sur Greta Thunberg<\/em>\u00a0<\/strong><br \/>\n\u00ab Greta Thunberg est lucide. Elle d\u00e9montre une sagesse nettement sup\u00e9rieure aux dirigeants politiques actuels puisqu\u2019elle est capable de traduire ce que disent les scientifiques en termes politiques. \u00bb<br \/>\n\u00ab On a une classe dirigeante strictement incapable de conformer l\u2019action publique aux objectifs de l\u2019Accord de Paris. \u00bb<br \/>\n\u00ab Il n\u2019y a pas de manipulation et la France est vis\u00e9e par Greta Thunberg parce qu\u2019elle ne respecte pas ses objectifs climatiques et d\u00e9roge \u00e0 l\u2019Accord de Paris. \u00bb<\/p>\n<p><em>\u00a0<strong>Sur la plainte contre cinq Etats dont la France<\/em>\u00a0<\/strong><br \/>\n\u00ab Greta Thunberg attaque les Etats en vertu d\u2019une convention des Droits de l\u2019Enfant que les Etats-Unis n\u2019ont pas sign\u00e9 donc elle n\u2019a pas les outils juridiques pour attaquer les Etats-Unis devant ce Comit\u00e9 des Droits de l\u2019Enfant de l\u2019ONU. \u00bb<\/p>\n<p><em>\u00a0<strong>Sur l\u2019Affaire du si\u00e8cle et la plainte des ONG contre l\u2019Etat fran\u00e7ais<\/em>\u00a0<\/strong><br \/>\n\u00ab Il y a d\u00e9j\u00e0 eu une condamnation aux Pays-Bas avec l\u2019affaire \u201cUrgenda\u201d donc \u00e7a peut aller au bout. L\u00e0 on attend la r\u00e9ponse de l\u2019Etat fran\u00e7ais qui devrait intervenir en fin d\u2019ann\u00e9e ou d\u00e9but d\u2019ann\u00e9e prochaine. \u00bb<br \/>\n\u00ab C\u2019est une d\u00e9marche qui a permis de structurer la critique de l\u2019Etat fran\u00e7ais par rapport au fait qu\u2019il ne tient pas ses objectifs, de lui donner une l\u00e9gitimit\u00e9 nouvelle, juridique. \u00bb<br \/>\n\u00ab Il faut aller chercher les dirigeants politiques. Il y a un d\u00e9faut de responsabilit\u00e9 des Etats par rapport au changement climatique et aux engagements qu\u2019ils prennent. Il faut actionner le levier judiciaire. \u00bb<br \/>\n\u00ab L\u2019appareil judiciaire commence \u00e0 \u00e9voluer un peu et va jouer de plus en plus sa part sur les questions de changement climatique. \u00bb<\/p>\n<p><em>\u00a0<strong>Sur le r\u00f4le des villes dans le changement climatique<\/em>\u00a0<\/strong><br \/>\n\u00ab Les villes sont une bonne \u00e9chelle parce qu\u2019elles concentrent beaucoup de population avec des enjeux forts en mati\u00e8res de transports ou d\u2019alimentation. C\u2019est un \u00e9chelon crucial. \u00bb<br \/>\n\u00ab La soci\u00e9t\u00e9, des pans \u00e9conomiques entiers, des p\u00e9rim\u00e8tres politiques diff\u00e9rents de l\u2019Etat central : certains sont beaucoup plus en avance que ce que proposent aujourd\u2019hui les dirigeants politiques qui restent soumis aux logiques industrielles et aux pouvoirs des lobbies. \u00bb<br \/>\n\u00ab L\u2019action des villes ne sera pas suffisante : il faudra que les Etats changent radicalement et instaurent un syst\u00e8me \u00e9conomique diff\u00e9rent. \u00bb<\/p>\n<p><em>\u00a0<strong>Sur \u00e9cologie et anticapitalisme<\/em>\u00a0<\/strong><br \/>\n\u00ab L\u2019\u00e9cologie passe par la d\u00e9croissance de certaines activit\u00e9s. Il faut une \u00e9conomie d\u00e9carbon\u00e9e. Il faut arr\u00eater avec les activit\u00e9s \u00e9conomiques li\u00e9es aux \u00e9nergies fossiles. C\u2019est un des objectifs des directives europ\u00e9ennes : on a un objectif \u00e9nerg\u00e9tique, de d\u00e9croissance de notre consommation de notre niveau d\u2019\u00e9nergie. Mais la France ne le respecte pas : elle a repouss\u00e9 ces objectifs de 2020 \u00e0 2026. \u00bb<br \/>\n\u00ab Il y a un probl\u00e8me avec le capitalisme parce qu\u2019en principe, la base du capitalisme, c\u2019est la marchandise. Et la marchandise en elle-m\u00eame porte la marchandisation du monde et donc l\u2019extension du march\u00e9 : c\u2019est une mani\u00e8re d\u2019allouer les ressources naturelles et qui d\u00e9grade la plan\u00e8te. \u00bb<\/p>\n<p><em>\u00a0<strong>Sur les engagements non tenus de la France<\/em>\u00a0<\/strong><br \/>\n\u00ab Le n\u00e9olib\u00e9ralisme, pour reprendre une formule de Pierre Bourdieu, c\u2019est \u201cde faire \u00e9chec \u00e0 toutes les structures qui contenaient le march\u00e9\u201d et donc la marchandisation du monde. \u00bb<br \/>\n\u00ab On a d\u00e9r\u00e9gul\u00e9 l\u2019\u00e9conomie alors qu\u2019aujourd\u2019hui on a besoin de normes pour rer\u00e9guler l\u2019\u00e9conomie et faire en sorte que les activit\u00e9s \u00e9conomiques soient align\u00e9es avec une trajectoire 1,5 &#8211; c\u2019est-\u00e0-dire une limitation de la hausse des temp\u00e9ratures \u00e0 1,5\u00b0 d\u2019ici la fin du si\u00e8cle. \u00bb<br \/>\n\u00ab On a un probl\u00e8me d\u2019investissement : avec les logiques budg\u00e9taires et mon\u00e9taires d\u2019aust\u00e9rit\u00e9, l\u2019investissement public est brid\u00e9. En France, il manque 30 milliards d\u2019euros par an juste pour respecter ses objectifs. \u00bb<br \/>\n\u00ab On est dans un syst\u00e8me qui produit des in\u00e9galit\u00e9s : pour faire face aux efforts de sobri\u00e9t\u00e9 qui nous attendent, il faut de l\u2019acceptabilit\u00e9 sociale. On a besoin de coh\u00e9sion sociale donc il faut r\u00e9duire les in\u00e9galit\u00e9s. \u00bb<\/p>\n<p><em>\u00a0<strong>Sur le caract\u00e8re anxiog\u00e8ne de la question climatique<\/em>\u00a0<\/strong><br \/>\n\u00ab Ce qui est tr\u00e8s anxiog\u00e8ne, c\u2019est l\u2019attitude du gouvernement : il ne tient pas ses objectifs climatiques. Il n\u2019a pris aucune politique publique structurante pour r\u00e9duire \u00e0 long terme les \u00e9missions de gaz \u00e0 effet de serre. \u00bb<br \/>\n\u00ab C\u2019est l\u2019inaction des gouvernements qui est aujourd\u2019hui anxiog\u00e8ne. \u00bb<br \/>\n\u00ab Il n\u2019est pas trop tard pour sauver la plan\u00e8te. Ce que disent les scientifiques, c\u2019est que l\u2019\u00eatre humain est un animal politique qui a la possibilit\u00e9 de s\u2019organiser et de faire face au d\u00e9fi collectif qui s\u2019impose \u00e0 lui. Il faut qu\u2019un mouvement qui soit pr\u00eat \u00e0 relever ces d\u00e9fis, soit aux manettes ou que les gouvernements actuels changent de logiciel. \u00bb<\/p>\n<p><em>\u00a0<strong>Sur la Manif pour le Climat \u00e0 Paris<\/em>\u00a0<\/strong><br \/>\n\u00ab C\u2019est une mobilisation en demi-teinte m\u00eame s\u2019il y avait une belle \u00e9nergie de la jeunesse. \u00bb<br \/>\n\u00ab On est un pays qui est marqu\u00e9 par les violences polici\u00e8res : les gens h\u00e9sitent \u00e0 venir d\u00e9filer dans les rues. \u00bb<br \/>\n\u00ab Il y a un probl\u00e8me aujourd\u2019hui de recul des libert\u00e9s fondamentales, de la libert\u00e9 de pouvoir exprimer des revendications politiques dans l\u2019espace public. \u00bb<\/p>\n<p><em>\u00a0<strong>Sur la convergence gilets jaunes et gilets verts<\/em>\u00a0<\/strong><br \/>\n\u00ab Les gilets jaunes sont \u00e0 l\u2019avant-garde de la situation historique dans la mesure o\u00f9 il pose la question du choix de soci\u00e9t\u00e9 dans un monde qui est soumis \u00e0 une crise climatique. \u00bb<br \/>\n\u00ab Soit on maintien les privil\u00e8ges des classes dominantes, des industriels er des classes les plus ais\u00e9es, et on va aller vers un recul des libert\u00e9s fondamentales, et une augmentation de la violence d\u2019Etat : c\u2019est l\u2019av\u00e8nement d\u2019un capitalisme autoritaire. Soit on organise une gestion collective de cette crise dans un esprit de partage et de sobri\u00e9t\u00e9. \u00bb<\/p>\n<p><em>\u00a0<strong>Sur les nouvelles formes de mobilisation<\/em>\u00a0<\/strong><br \/>\n\u00ab On avance sur la d\u00e9sob\u00e9issance civile de masse. \u00bb<br \/>\n\u00ab On ne revendique pas pour soi, on revendique pour l\u2019int\u00e9r\u00eat g\u00e9n\u00e9ral : c\u2019est \u00e7a la d\u00e9sob\u00e9issance civile. \u00bb<br \/>\n\u00ab Il faut \u00e9largir la mobilisation et la radicaliser. Il y a aussi un enjeu de politisation de la question climatique. \u00c7a passe par un nouveau rapport de force. \u00bb<div id='gallery-1' class='gallery galleryid-11779 gallery-columns-3 gallery-size-thumbnail'><figure class='gallery-item'>\n\t\t\t<div class='gallery-icon landscape'>\n\t\t\t\t<a href='https:\/\/archives.regards.fr\/wp-content\/uploads\/2019\/09\/capture_d_e_cran_2019-09-25_a_12-44d.38.00.png'><img loading=\"lazy\" decoding=\"async\" width=\"150\" height=\"150\" src=\"https:\/\/archives.regards.fr\/wp-content\/uploads\/2019\/09\/capture_d_e_cran_2019-09-25_a_12-44d.38.00-150x150.png\" class=\"attachment-thumbnail size-thumbnail\" alt=\"capture_d_e_cran_2019-09-25_a_12.38.00.png\" \/><\/a>\n\t\t\t<\/div><\/figure>\n\t\t<\/div>\n<\/p>\n","protected":false},"excerpt":{"rendered":"<p>La France, comme quatre autre pays, est la cible d\u2019une nouvelle plainte judiciaire pour inaction climatique. Greta Thunberg hausse d\u00e9sormais le ton et \u00e7a ne plait plus du tout \u00e0 l\u2019Elys\u00e9e\u2026 On en parle avec Cl\u00e9ment S\u00e9n\u00e9chal, porte-parole de Greenpeace pour les politiques \u00ab Climat \u00bb. Il est l\u2019invit\u00e9 de #LaMidinale.<\/p>\n","protected":false},"author":1039,"featured_media":27971,"comment_status":"open","ping_status":"open","sticky":false,"template":"","format":"standard","meta":{"_themeisle_gutenberg_block_has_review":false,"footnotes":""},"categories":[238],"tags":[293],"class_list":["post-11779","post","type-post","status-publish","format-standard","has-post-thumbnail","hentry","category-la-midinale","tag-entretien"],"_links":{"self":[{"href":"https:\/\/archives.regards.fr\/index.php?rest_route=\/wp\/v2\/posts\/11779","targetHints":{"allow":["GET"]}}],"collection":[{"href":"https:\/\/archives.regards.fr\/index.php?rest_route=\/wp\/v2\/posts"}],"about":[{"href":"https:\/\/archives.regards.fr\/index.php?rest_route=\/wp\/v2\/types\/post"}],"author":[{"embeddable":true,"href":"https:\/\/archives.regards.fr\/index.php?rest_route=\/wp\/v2\/users\/1039"}],"replies":[{"embeddable":true,"href":"https:\/\/archives.regards.fr\/index.php?rest_route=%2Fwp%2Fv2%2Fcomments&post=11779"}],"version-history":[{"count":0,"href":"https:\/\/archives.regards.fr\/index.php?rest_route=\/wp\/v2\/posts\/11779\/revisions"}],"wp:featuredmedia":[{"embeddable":true,"href":"https:\/\/archives.regards.fr\/index.php?rest_route=\/wp\/v2\/media\/27971"}],"wp:attachment":[{"href":"https:\/\/archives.regards.fr\/index.php?rest_route=%2Fwp%2Fv2%2Fmedia&parent=11779"}],"wp:term":[{"taxonomy":"category","embeddable":true,"href":"https:\/\/archives.regards.fr\/index.php?rest_route=%2Fwp%2Fv2%2Fcategories&post=11779"},{"taxonomy":"post_tag","embeddable":true,"href":"https:\/\/archives.regards.fr\/index.php?rest_route=%2Fwp%2Fv2%2Ftags&post=11779"}],"curies":[{"name":"wp","href":"https:\/\/api.w.org\/{rel}","templated":true}]}}