{"id":11777,"date":"2019-09-24T12:00:00","date_gmt":"2019-09-24T10:00:00","guid":{"rendered":"https:\/\/wp.muchomaas.com\/article-laurence-cohen-les-alertes-sur-le-mediator-etaient-connues-des-ministres-qui-se\/"},"modified":"2023-06-23T23:43:39","modified_gmt":"2023-06-23T21:43:39","slug":"article-laurence-cohen-les-alertes-sur-le-mediator-etaient-connues-des-ministres-qui-se","status":"publish","type":"post","link":"https:\/\/archives.regards.fr\/?p=11777","title":{"rendered":"Laurence Cohen : \u00ab Les alertes sur le Mediator \u00e9taient connues des ministres qui se sont succ\u00e9d\u00e9 \u00bb"},"content":{"rendered":"<p class=\"post_excerpt\">Hier s\u2019est ouvert le proc\u00e8s du Mediator. Dix ans apr\u00e8s le retrait du m\u00e9dicament, les victimes ont enfin leur proc\u00e8s contre le laboratoire Servier. Pour en parler, Laurence Cohen, s\u00e9natrice PCF et vice-pr\u00e9sidente de la commission des affaires sociales, est l\u2019invit\u00e9e de #LaMidinale.<\/p>\n<p><iframe loading=\"lazy\" width=\"490\" height=\"276\" src=\"https:\/\/www.youtube.com\/embed\/M-EabTzLWJU\" frameborder=\"0\" allow=\"accelerometer; autoplay; encrypted-media; gyroscope; picture-in-picture\" allowfullscreen><\/iframe><\/p>\n<p>&nbsp;<\/p>\n<p><h2>VERBATIM<\/h2>\n<p>&nbsp;<\/p>\n<p>\n<em>\u00a0<strong>Sur les attentes du proc\u00e8s Mediator<\/em>\u00a0<\/strong><br \/>\n\u00ab J\u2019attends d\u00e9j\u00e0 que les victimes puissent s\u2019exprimer et qu\u2019elles disent le calvaire qu\u2019elles ont endur\u00e9 et qu\u2019elles continuent d\u2019endurer. \u00bb<br \/>\n\u00ab Outre le scandale sanitaire, ce qui est terrible, c\u2019est que Servier a jou\u00e9 les prolongations en ouvrant tous les recours possibles pour emp\u00eacher que toute la lumi\u00e8re soit faite. \u00bb<\/p>\n<p><em>\u00a0<strong>Sur la d\u00e9fense des laboratoires Servier<\/em>\u00a0<\/strong><br \/>\n\u00ab Il y a beaucoup de cynisme. \u00bb<br \/>\n\u00ab C\u2019est un gros laboratoire qui est responsable de milliers de victimes et qui ne veut pas le reconna\u00eetre. \u00bb<br \/>\n\u00ab C\u2019est un m\u00e9dicament qui est sorti en 1976 : il y a eu plusieurs alertes et, malgr\u00e9 elles, ils ont continu\u00e9 \u00e0 le commercialiser. \u00bb<br \/>\n\u00ab Ce que je d\u00e9nonce, c\u2019est la recherche effr\u00e9n\u00e9e du profit \u00e0 tout prix au d\u00e9triment de la sant\u00e9 et des personnes. \u00bb<br \/>\n\u00ab Les victimes sont des gens de conditions fragiles, qui non seulement souffrent dans leur chair de maladies extr\u00eamement graves et qui, en plus, ont d\u00fb se d\u00e9fendre, avoir recours \u00e0 des avocats, et attendre pour \u00eatre indemnis\u00e9s. \u00bb<br \/>\n\u00ab 80% de l\u2019activit\u00e9 de Servier est connue sous la marque Biogaran. Personne ne le sait et je pense que s\u2019ils le savaient, les patients ne feraient pas confiance aux m\u00e9dicaments commercialis\u00e9s. \u00bb<br \/>\n\u00ab Les experts des laboratoires Servier n\u2019ont jamais \u00e9t\u00e9 inqui\u00e9t\u00e9s. \u00bb<\/p>\n<p><em>\u00a0<strong>Sur la pneumologue Ir\u00e8ne Frachon<\/em>\u00a0<\/strong><br \/>\n\u00ab Je veux dire toute mon admiration vis-\u00e0-vis d\u2019Ir\u00e8ne Frachon qui est une v\u00e9ritable lanceuse d\u2019alerte. \u00bb<br \/>\n\u00ab Ir\u00e8ne Frachon a \u00e9t\u00e9 extr\u00eamement d\u00e9nigr\u00e9e, y compris par ses pairs. Elle a eu beaucoup de force de caract\u00e8re. \u00bb<br \/>\n\u00ab Son livre est sorti en 2010, elle a subi de la censure. On a voulu la salir. \u00bb<\/p>\n<p><em>\u00a0<strong>Sur le r\u00f4le de l\u2019Agence nationale du m\u00e9dicament<\/em>\u00a0<\/strong><br \/>\n\u00ab Il y a eu tr\u00e8s certainement des n\u00e9gligences mais on est l\u00e0 au coeur de conflits d\u2019int\u00e9r\u00eats. \u00bb<br \/>\n\u00ab Ce que met en place la loi Buzyn me parait assez faible notamment en mati\u00e8re de formation des personnels de sant\u00e9. \u00bb<br \/>\n\u00ab Il y a un retrait de l\u2019Etat sur la recherche et seuls les gros laboratoires arrosent et arrivent \u00e0 convaincre des professionnels d\u2019\u00eatre plut\u00f4t favorables ou passifs vis-\u00e0-vis des manquements qu\u2019il peut y avoir. \u00bb<br \/>\n\u00ab Il faut cr\u00e9er un v\u00e9ritable service public du m\u00e9dicament et de la recherche. \u00bb<br \/>\n\u00ab Aujourd\u2019hui, le gouvernement ne peut pas obliger un laboratoire \u00e0 commercialiser un m\u00e9dicament. \u00bb<br \/>\n\u00ab L\u2019Etat doit retrouver une libert\u00e9 et une autonomie dans sa politique du m\u00e9dicament. \u00bb<\/p>\n<p><em>\u00a0<strong>Sur l\u2019accumulation des grands scandales d\u2019Etat<\/em>\u00a0<\/strong><br \/>\n\u00ab Il faut une volont\u00e9 politique pour permettre d\u2019acqu\u00e9rir une ind\u00e9pendance en mati\u00e8re de recherche et de politique du m\u00e9dicament pour \u00e9viter ces scandales. \u00bb<br \/>\n\u00ab On peut pardonner une erreur humaine mais, dans l\u2019affaire du Mediator, on n\u2019est pas sur une erreur humaine, on est sur quelque chose de d\u00e9lib\u00e9r\u00e9. \u00bb<\/p>\n<p><strong>\u00a0<em>Sur les responsables de cette affaire <\/em>\u00a0<\/strong><br \/>\n\u00ab J\u2019aurais souhait\u00e9 que quelques ministres puissent venir t\u00e9moigner : je ne peux pas croire que tout \u00e7a, soit pass\u00e9 inaper\u00e7u. \u00bb<br \/>\n\u00ab Les alertes d\u2019Ir\u00e8ne Frachon \u00e9taient connues des ministres en place. \u00bb<br \/>\n\u00ab Ce qui est terrible, c\u2019est qu\u2019on a un laboratoire malfaisant, qui veut faire du profit sur le dos des victimes et on a un ar\u00e9opage d\u2019indiff\u00e9rence et de laisse-faire qui sont tout aussi criminel. \u00bb<\/p>\n<p><em>\u00a0<strong>Sur la p\u00e9nurie de m\u00e9dicament<\/em>\u00a0<\/strong><br \/>\n\u00ab Les p\u00e9nuries sont organis\u00e9es par les laboratoires. \u00bb<br \/>\n\u00ab La sant\u00e9 n\u2019est pas une marchandise donc il faut la sortir de la loi du march\u00e9. \u00bb<br \/>\n\u00ab On laisse les grands laboratoires de mani\u00e8re ind\u00e9pendantes leur politique et suivant qu\u2019un m\u00e9dicament est rentable ou non d\u00e9cide de le poursuivre ou de l\u2019arr\u00eater. \u00bb<br \/>\n\u00ab On doit cr\u00e9er un p\u00f4le public du m\u00e9dicament et de la recherche et aussi de produire en France. \u00bb<br \/>\n\u00ab Il faut donner des pouvoirs aux salari\u00e9s dans les entreprises, ils sont les experts. \u00bb<\/p>\n<p><em>\u00a0<strong>Sur les aides \u00e0 domicile des seniors et les retraites <\/em>\u00a0<\/strong><br \/>\n\u00ab Le gouvernement m\u00e8ne une politique antisociale. \u00bb<div id='gallery-1' class='gallery galleryid-11777 gallery-columns-3 gallery-size-thumbnail'><figure class='gallery-item'>\n\t\t\t<div class='gallery-icon landscape'>\n\t\t\t\t<a href='https:\/\/archives.regards.fr\/wp-content\/uploads\/2019\/09\/capture_d_e_cran_2019-09-23_a_20-a68.16.54.png'><img loading=\"lazy\" decoding=\"async\" width=\"150\" height=\"150\" src=\"https:\/\/archives.regards.fr\/wp-content\/uploads\/2019\/09\/capture_d_e_cran_2019-09-23_a_20-a68.16.54-150x150.png\" class=\"attachment-thumbnail size-thumbnail\" alt=\"capture_d_e_cran_2019-09-23_a_20.16.54.png\" \/><\/a>\n\t\t\t<\/div><\/figure>\n\t\t<\/div>\n<\/p>\n","protected":false},"excerpt":{"rendered":"<p>Hier s\u2019est ouvert le proc\u00e8s du Mediator. Dix ans apr\u00e8s le retrait du m\u00e9dicament, les victimes ont enfin leur proc\u00e8s contre le laboratoire Servier. Pour en parler, Laurence Cohen, s\u00e9natrice PCF et vice-pr\u00e9sidente de la commission des affaires sociales, est l\u2019invit\u00e9e de #LaMidinale.<\/p>\n","protected":false},"author":1039,"featured_media":27969,"comment_status":"open","ping_status":"open","sticky":false,"template":"","format":"standard","meta":{"_themeisle_gutenberg_block_has_review":false,"footnotes":""},"categories":[238],"tags":[293],"class_list":["post-11777","post","type-post","status-publish","format-standard","has-post-thumbnail","hentry","category-la-midinale","tag-entretien"],"_links":{"self":[{"href":"https:\/\/archives.regards.fr\/index.php?rest_route=\/wp\/v2\/posts\/11777","targetHints":{"allow":["GET"]}}],"collection":[{"href":"https:\/\/archives.regards.fr\/index.php?rest_route=\/wp\/v2\/posts"}],"about":[{"href":"https:\/\/archives.regards.fr\/index.php?rest_route=\/wp\/v2\/types\/post"}],"author":[{"embeddable":true,"href":"https:\/\/archives.regards.fr\/index.php?rest_route=\/wp\/v2\/users\/1039"}],"replies":[{"embeddable":true,"href":"https:\/\/archives.regards.fr\/index.php?rest_route=%2Fwp%2Fv2%2Fcomments&post=11777"}],"version-history":[{"count":0,"href":"https:\/\/archives.regards.fr\/index.php?rest_route=\/wp\/v2\/posts\/11777\/revisions"}],"wp:featuredmedia":[{"embeddable":true,"href":"https:\/\/archives.regards.fr\/index.php?rest_route=\/wp\/v2\/media\/27969"}],"wp:attachment":[{"href":"https:\/\/archives.regards.fr\/index.php?rest_route=%2Fwp%2Fv2%2Fmedia&parent=11777"}],"wp:term":[{"taxonomy":"category","embeddable":true,"href":"https:\/\/archives.regards.fr\/index.php?rest_route=%2Fwp%2Fv2%2Fcategories&post=11777"},{"taxonomy":"post_tag","embeddable":true,"href":"https:\/\/archives.regards.fr\/index.php?rest_route=%2Fwp%2Fv2%2Ftags&post=11777"}],"curies":[{"name":"wp","href":"https:\/\/api.w.org\/{rel}","templated":true}]}}