{"id":11765,"date":"2019-09-18T12:02:39","date_gmt":"2019-09-18T10:02:39","guid":{"rendered":"https:\/\/wp.muchomaas.com\/article-dominique-vidal-la-campagne-electorale-en-israel-a-ete-un-deferlement-de-haine\/"},"modified":"2023-06-23T23:43:24","modified_gmt":"2023-06-23T21:43:24","slug":"article-dominique-vidal-la-campagne-electorale-en-israel-a-ete-un-deferlement-de-haine","status":"publish","type":"post","link":"https:\/\/archives.regards.fr\/?p=11765","title":{"rendered":"Dominique Vidal : \u00ab La campagne \u00e9lectorale en Isra\u00ebl a \u00e9t\u00e9 un d\u00e9ferlement de haine anti-arabe \u00bb"},"content":{"rendered":"<p class=\"post_excerpt\">Au lendemain d&#8217;\u00e9lections l\u00e9gislatives en Isra\u00ebl qui laissent voir un paysage politique plus \u00e0 droite et plus incertain que jamais, Dominique Vidal, journaliste et essayiste sp\u00e9cialiste du Moyen-Orient, \u00e9tait l&#8217;invit\u00e9 de la Midinale.<\/p>\n<p><iframe loading=\"lazy\" width=\"490\" height=\"276\" src=\"https:\/\/www.youtube.com\/embed\/Ij1rG-1-V4U\" frameborder=\"0\" allow=\"accelerometer; autoplay; encrypted-media; gyroscope; picture-in-picture\" allowfullscreen><\/iframe><\/p>\n<p>&nbsp;<\/p>\n<p><h2>VERBATIM<\/h2>\n<p>&nbsp;<\/p>\n<p>\n<em>\u00a0<strong>Sur le contexte des \u00e9lections l\u00e9gislatives en Isra\u00ebl du mardi 17 septembre 2019<\/em>\u00a0<\/strong><br \/>\n\u00ab Il ne s\u2019agissait pas d\u2019\u00e9lections l\u00e9gislatives mais d\u2019un pl\u00e9biscite organis\u00e9 par Benjamin Netanyahou pour \u00eatre reconduit \u00e0 la t\u00eate d\u2019un gouvernement de droite, d\u2019extr\u00eame droite et ultra-orthodoxe isra\u00e9lien et pour \u00e9viter la prison. Et de ces points de vue, c\u2019est un \u00e9chec. \u00bb<br \/>\n\u00ab On aurait tr\u00e8s bien pu \u00e9viter ces \u00e9lections : Benjamin Netanyahou n\u2019ayant pas r\u00e9ussi \u00e0 former une coalition apr\u00e8s les \u00e9lections du 9 avril dernier, dise au pr\u00e9sident de l\u2019Etat d\u2019Isra\u00ebl qu\u2019il passait la main, notamment \u00e0 Benny Gantz, pour essayer de former une coalition. Mais il a voulu passer en force et a organis\u00e9 l\u2019autodissolution de la Knesset, l\u2019Assembl\u00e9e nationale isra\u00e9lienne. \u00bb<\/p>\n<p><em>\u00a0<strong>Sur les r\u00e9sultats de ces \u00e9lections<\/em>\u00a0<\/strong><br \/>\n\u00ab Le Likoud et ses alli\u00e9s naturels, d\u2019extr\u00eame droite et ultra-orthodoxes, ne font que 56 si\u00e8ges. \u00bb<br \/>\n\u00ab Tout d\u00e9pend maintenant d\u2019Avigdor Liberman et son parti Isra\u00ebl Notre Maison, un parti essentiellement russe. \u00bb<br \/>\n\u00ab Il va y avoir une tentative, qui peut durer plusieurs semaines, de mettre en place un gouvernement d\u2019union nationale. Mais les questions, c\u2019est : qui pour le diriger ? De qui sera-t-il compos\u00e9 ? Et surtout : quelle sera d\u00e8s lors la place de Benjamin Netanyahou, s\u2019il en a une ? \u00bb<\/p>\n<p><em>\u00a0<strong>Sur les alternatives politiques \u00e0 Benjamin Netanyahou et son Likoud<\/em>\u00a0<\/strong><br \/>\n\u00ab Il n\u2019y a pas d\u2019alternative \u00e0 la politique radicale que mene Netanyahou depuis 2015. \u00bb<br \/>\n\u00ab La gauche traditionnelle, le Meretz, est au bord de l\u2019agonie alors que dans les ann\u00e9es 60, elle avait jusqu\u2019\u00e0 50 si\u00e8ges \u00e0 la Knesset. \u00bb<br \/>\n\u00ab Les Bleu et Blanc n\u2019ont plus n\u2019\u00e9taient pas une vraie alternative. Par exemple, quand Benjamin Netanyahou a annonc\u00e9 qu\u2019il allait annexer la Vall\u00e9e du Jourdain [en Cisjordanie], la r\u00e9action de Benny Gantz, le chef des Bleu et Blanc, \u00e7a a \u00e9t\u00e9 de dire : \u201cils me volent mon programme !\u201d \u00bb<br \/>\n\u00ab Benjamin Netanyahou et Benny Gantz, c\u2019est un peu bonnet blanc et blanc bonnet ou plut\u00f4t blanche kippa et kippa blanche. \u00bb<\/p>\n<p><em>\u00a0<strong>Sur les th\u00e8mes abord\u00e9s pendant la campagne<\/em>\u00a0<\/strong><br \/>\n\u00ab Pendant cette campagne, il y a eu un d\u00e9ferlement de haine anti-arabe. \u00bb<br \/>\n\u00ab Benjamin Netanyahou a \u00e9t\u00e9 jusqu\u2019\u00e0 dire pendant la campagne : \u201cles Arabes veulent tous nous tuer !\u201d \u00bb<br \/>\n\u00ab Il y a une tr\u00e8s forte d\u00e9gradation de la r\u00e9flexion sur l\u2019issue [des relations entre Juifs et Arabes]. \u00bb<br \/>\n\u00ab En 2016, 70% d\u2019Isra\u00e9liens, juifs et arabes, \u00e9taient hostiles \u00e0 l\u2019annexion de la Cisjordanie. Aujourd\u2019hui, ils ne sont plus que 28%. \u00bb<br \/>\n\u00ab En 2016, 53% des Isra\u00e9liens \u00e9taient pour la solution dite des deux Etats. Aujourd\u2019hui, ils ne sont plus que 35%. \u00bb<br \/>\n\u00ab On assiste \u00e0 une droitisation profonde de la soci\u00e9t\u00e9 isra\u00e9lienne. \u00bb<br \/>\n\u00ab L\u2019absence d\u2019alternative fait penser \u00e0 la situation fran\u00e7aise \u00e0 ceci pr\u00e8s que l\u00e0-bas, il y a un conflit qui peut mettre le feu \u00e0 toute la r\u00e9gion voire au monde entier. \u00bb<\/p>\n<p><em>\u00a0<strong>Sur le climat de guerre orchestr\u00e9 par Benjamin Netanyahou et la crise qui s\u2019ouvre au Moyen-Orient<\/em>\u00a0<\/strong><br \/>\n\u00ab Benjamin Netanyahou a tout fait pour cr\u00e9er un climat d\u2019hyst\u00e9rie de guerre. \u00bb<br \/>\n\u00ab Les m\u00e9dias fran\u00e7ais s\u2019arr\u00eatent parfois de parler de ce qui se passe en Isra\u00ebl et en Palestine par manque de connaissance ou par peur de toucher des sujets sensibles. \u00bb<br \/>\n\u00ab Tous les jours, Isra\u00ebl bombarde en Syrie, en Irak, \u00e0 Gaza, au Liban et Benjamin Netanyahou a m\u00eame menac\u00e9 de bombarder au Y\u00e9men ! \u00bb<br \/>\n\u00ab Il y a une escalade vers la guerre que l\u2019on sent \u2013 sauf dans les m\u00e9dias fran\u00e7ais. \u00bb<br \/>\n\u00ab Benjamin Netanyahou b\u00e9n\u00e9ficie d\u2019une certaine aura internationale, notamment aupr\u00e8s de la bande des populistes comme Donald Trump mais aussi Vladimir Poutine. \u00bb<br \/>\n\u00ab Depuis le sommet du G7 \u00e0 Biarritz, on a vu qu\u2019il y avait des tensions entre Donald Trump \u2013 qui a vir\u00e9 John Bolton parce qu\u2019il ne voulait d\u2019une solution de force contre l\u2019Iran \u2013 et Benjamin Netanyahou qui lui reprochait d\u2019avoir accept\u00e9 les man\u0153uvres d\u2019Emmanuel Macron visant \u00e0 diminuer les tensions avec l\u2019Iran. \u00bb<br \/>\n\u00ab Il est surprenant que, m\u00eame apr\u00e8s l\u2019attaque contre les raffineries saoudiennes, il n\u2019y ait pas eu de r\u00e9actions alors que Benjamin Netanyahou en r\u00eavait. \u00bb<br \/>\n\u00ab Il a m\u00eame \u00e9t\u00e9 dit que Benjamin Netanyahou a pens\u00e9 reporter les \u00e9lections sous pr\u00e9texte d\u2019organiser une grande op\u00e9ration \u00e0 Gaza. \u00bb<br \/>\n\u00ab Je crains que plus la crise politique s\u2019approfondira \u2013 m\u00eame s\u2019il peut tr\u00e8s bien avoir un accord d\u2019union nationale \u2013 plus Benjamin Netanyahou sera tent\u00e9 d\u2019en sortir par la guerre. \u00bb<br \/>\n\u00ab Mohammed Ben Salman, le futur roi d\u2019Arabie Saoudite, est devenu tr\u00e8s calme ces derniers temps : beaucoup de sp\u00e9cialistes disent qu\u2019\u00e0 Riyad, on a pris la mesure de la puissance militaire iranienne et qu\u2019on redoute ce qui se passerait en cas d\u2019affrontement, dans le Golfe m\u00eame. \u00bb<div id='gallery-1' class='gallery galleryid-11765 gallery-columns-3 gallery-size-thumbnail'><figure class='gallery-item'>\n\t\t\t<div class='gallery-icon landscape'>\n\t\t\t\t<a href='https:\/\/archives.regards.fr\/wp-content\/uploads\/2019\/09\/screenshot_20190918-145730_chrome-293.jpg'><img loading=\"lazy\" decoding=\"async\" width=\"150\" height=\"150\" src=\"https:\/\/archives.regards.fr\/wp-content\/uploads\/2019\/09\/screenshot_20190918-145730_chrome-293-150x150.jpg\" class=\"attachment-thumbnail size-thumbnail\" alt=\"screenshot_20190918-145730_chrome.jpg\" \/><\/a>\n\t\t\t<\/div><\/figure>\n\t\t<\/div>\n<\/p>\n","protected":false},"excerpt":{"rendered":"<p>Au lendemain d&#8217;\u00e9lections l\u00e9gislatives en Isra\u00ebl qui laissent voir un paysage politique plus \u00e0 droite et plus incertain que jamais, Dominique Vidal, journaliste et essayiste sp\u00e9cialiste du Moyen-Orient, \u00e9tait l&#8217;invit\u00e9 de la Midinale.<\/p>\n","protected":false},"author":1204,"featured_media":27940,"comment_status":"open","ping_status":"open","sticky":false,"template":"","format":"standard","meta":{"_themeisle_gutenberg_block_has_review":false,"footnotes":""},"categories":[238],"tags":[293],"class_list":["post-11765","post","type-post","status-publish","format-standard","has-post-thumbnail","hentry","category-la-midinale","tag-entretien"],"_links":{"self":[{"href":"https:\/\/archives.regards.fr\/index.php?rest_route=\/wp\/v2\/posts\/11765","targetHints":{"allow":["GET"]}}],"collection":[{"href":"https:\/\/archives.regards.fr\/index.php?rest_route=\/wp\/v2\/posts"}],"about":[{"href":"https:\/\/archives.regards.fr\/index.php?rest_route=\/wp\/v2\/types\/post"}],"author":[{"embeddable":true,"href":"https:\/\/archives.regards.fr\/index.php?rest_route=\/wp\/v2\/users\/1204"}],"replies":[{"embeddable":true,"href":"https:\/\/archives.regards.fr\/index.php?rest_route=%2Fwp%2Fv2%2Fcomments&post=11765"}],"version-history":[{"count":0,"href":"https:\/\/archives.regards.fr\/index.php?rest_route=\/wp\/v2\/posts\/11765\/revisions"}],"wp:featuredmedia":[{"embeddable":true,"href":"https:\/\/archives.regards.fr\/index.php?rest_route=\/wp\/v2\/media\/27940"}],"wp:attachment":[{"href":"https:\/\/archives.regards.fr\/index.php?rest_route=%2Fwp%2Fv2%2Fmedia&parent=11765"}],"wp:term":[{"taxonomy":"category","embeddable":true,"href":"https:\/\/archives.regards.fr\/index.php?rest_route=%2Fwp%2Fv2%2Fcategories&post=11765"},{"taxonomy":"post_tag","embeddable":true,"href":"https:\/\/archives.regards.fr\/index.php?rest_route=%2Fwp%2Fv2%2Ftags&post=11765"}],"curies":[{"name":"wp","href":"https:\/\/api.w.org\/{rel}","templated":true}]}}