{"id":11758,"date":"2019-09-13T11:51:06","date_gmt":"2019-09-13T09:51:06","guid":{"rendered":"https:\/\/wp.muchomaas.com\/article-pascal-aubree-on-fait-tout-pour-qu-il-y-ait-une-fete-de-l-humanite-en-2020\/"},"modified":"2023-06-23T23:43:20","modified_gmt":"2023-06-23T21:43:20","slug":"article-pascal-aubree-on-fait-tout-pour-qu-il-y-ait-une-fete-de-l-humanite-en-2020","status":"publish","type":"post","link":"https:\/\/archives.regards.fr\/?p=11758","title":{"rendered":"Pascal Aubr\u00e9e : \u00ab On fait tout pour qu\u2019il y ait une F\u00eate de l\u2019Humanit\u00e9 en 2020 \u00bb"},"content":{"rendered":"<p class=\"post_excerpt\">Aujourd\u2019hui s\u2019ouvre la 84\u00e8me F\u00eate de l\u2019Humanit\u00e9 alors que le journal connait des difficult\u00e9s financi\u00e8res et que les salari\u00e9s sont suspendus \u00e0 une d\u00e9cision du tribunal de commerce. Pascal Aubr\u00e9e, directeur de la F\u00eate de l\u2019Humanit\u00e9, est l\u2019invit\u00e9 de #LaMidinale.<\/p>\n<p><iframe loading=\"lazy\" width=\"490\" height=\"276\" src=\"https:\/\/www.youtube.com\/embed\/kknBlcWKvgg\" frameborder=\"0\" allow=\"accelerometer; autoplay; encrypted-media; gyroscope; picture-in-picture\" allowfullscreen><\/iframe><\/p>\n<p>&nbsp;<\/p>\n<p><h2>VERBATIM<\/h2>\n<p>&nbsp;<\/p>\n<p>\n<em>\u00a0<strong>Sur l\u2019histoire de la F\u00eate de l\u2019Humanit\u00e9<\/em>\u00a0<\/strong><br \/>\n\u00ab Aujourd\u2019hui, c\u2019est plut\u00f4t une f\u00eate du journal l\u2019Humanit\u00e9. Ce n\u2019est plus une f\u00eate du Parti communiste fran\u00e7ais comme \u00e7a a pu l\u2019\u00eatre \u00e0 l\u2019\u00e9poque. \u00bb<br \/>\n\u00ab L\u2019Humanit\u00e9 est en difficult\u00e9 financi\u00e8re, donc le but, c\u2019est aussi de diffuser le journal, de gagner de nouveaux abonn\u00e9s. \u00bb<br \/>\n\u00ab La F\u00eate de l\u2019Humanit\u00e9 \u00e9tait d\u00e9ficitaire il y a quelques ann\u00e9es mais \u00e7a n\u2019est plus la cas. Depuis l\u2019ann\u00e9e derni\u00e8re, on est en exc\u00e9dent et on esp\u00e8re, cette ann\u00e9e, \u00eatre encore plus en exc\u00e9dent. \u00bb<br \/>\n\u00ab Le but n\u2019est pas de r\u00e9colter de l\u2019argent pour r\u00e9colter de l\u2019argent : c\u2019est une f\u00eate populaire et on sait que les gens ont des difficult\u00e9s financi\u00e8res. \u00bb<\/p>\n<p><em>\u00a0<strong>Sur l\u2019alliance f\u00eate et politique<\/em>\u00a0<\/strong><br \/>\n\u00ab Les jeunes et les moins jeunes qui viennent \u00e0 la f\u00eate de l\u2019Humanit\u00e9 ont envie d\u2019\u00e9changer, de d\u00e9battre et d\u2019\u00e9couter les concerts. \u00bb<br \/>\n\u00ab Quand on se balade dans la F\u00eate, on est toujours happ\u00e9 par un d\u00e9bat, un stand, un \u00e9change avec quelqu\u2019un qu\u2019on ne connait pas. \u00bb<br \/>\n\u00ab Ce qui fait la richesse de la f\u00eate, ce sont les rencontres qu\u2019on peut y faire. \u00bb<\/p>\n<p><em>\u00a0<strong>Sur la place de la gauche dans la F\u00eate<\/em>\u00a0<\/strong><br \/>\n\u00ab On invite l\u2019ensemble des partis progressistes. Ils interviendront dans les d\u00e9bats mais aussi sur les stands des collectivit\u00e9s et des f\u00e9d\u00e9rations. \u00bb<br \/>\n\u00ab Le but de la F\u00eate, c\u2019est de pouvoir rassembler tous ces partis de gauche pour \u00e9changer. Ils ne se mettront pas d\u2019accord sur tout mais sur l\u2019essentiel notamment s\u2019agissant de la politique d\u2019Emmanuel Macron. \u00bb <\/p>\n<p><em>\u00a0<strong>Sur l\u2019invitation de Dilma Rousseff<\/em>\u00a0<\/strong><br \/>\n\u00ab On se bat pour la lib\u00e9ration de Lula au Br\u00e9sil et on d\u00e9nonce la politique de Bolsonaro. \u00bb<br \/>\n\u00ab On peut traiter autour de Dilm Rousseff toutes les questions de d\u00e9sarmement et de paix. \u00bb<\/p>\n<p><em>\u00a0<strong>Sur l\u2019\u00e9cologie dans la F\u00eate<\/em>\u00a0<\/strong><br \/>\n\u00ab On organise une marche sur le climat dans la f\u00eate de l\u2019Humanit\u00e9, avec l\u2019ensemble des associations. \u00bb<\/p>\n<p><em>\u00a0<strong>Sur la programmation musicale<\/em>\u00a0<\/strong><br \/>\n\u00ab On souhaite une programmation diversifi\u00e9e pour que les adolescents et les plus vieux s\u2019y retrouvent. \u00bb<br \/>\n\u00ab Pour la jeunesse, Aya Nakamura est quelqu\u2019un qui compte, qui est issue d\u2019un pays africain. Elle a habit\u00e9 Aulnay-sous-Bois pendant des ann\u00e9es et r\u00e9pond \u00e0 des valeurs. C\u2019est ce que veulent entendre les jeunes. \u00bb<\/p>\n<p><em>\u00a0<strong>Sur la gr\u00e8ve de la RATP<\/em>\u00a0<\/strong><br \/>\n\u00ab On soutient la gr\u00e8ve RATP sur la question des retraites. \u00bb<br \/>\n\u00ab On a pris des dispositions avec la RATP : le RER B va permettre un acc\u00e8s facilit\u00e9 avec un train toutes les douze minutes. \u00bb<br \/>\n\u00ab On conseille aux publics de faire du covoiturage pour venir \u00e0 la F\u00eate. \u00bb<\/p>\n<p><em>\u00a0<strong>Sur l\u2019avenir de la F\u00eate de l\u2019Humanit\u00e9<\/em>\u00a0<\/strong><br \/>\n\u00ab On fait tout pour qu\u2019il y ait une F\u00eate de l\u2019Humanit\u00e9 en 2020. \u00bb<br \/>\n\u00ab La situation du journal va \u00eatre examin\u00e9e par le tribunal de commerce en fin d\u2019ann\u00e9e 2019. \u00bb<br \/>\n\u00ab Les indicateurs qui nous reviennent en termes d\u2019abonnements, de souscriptions, sont plut\u00f4t positifs. \u00bb<br \/>\n\u00ab On esp\u00e8re que le tribunal va nous suivre et nous entendre. \u00bb<div id='gallery-1' class='gallery galleryid-11758 gallery-columns-3 gallery-size-thumbnail'><figure class='gallery-item'>\n\t\t\t<div class='gallery-icon landscape'>\n\t\t\t\t<a href='https:\/\/archives.regards.fr\/wp-content\/uploads\/2019\/09\/capture_d_e_cran_2019-09-13_a_11-f72.48.35.png'><img loading=\"lazy\" decoding=\"async\" width=\"150\" height=\"150\" src=\"https:\/\/archives.regards.fr\/wp-content\/uploads\/2019\/09\/capture_d_e_cran_2019-09-13_a_11-f72.48.35-150x150.png\" class=\"attachment-thumbnail size-thumbnail\" alt=\"capture_d_e_cran_2019-09-13_a_11.48.35.png\" \/><\/a>\n\t\t\t<\/div><\/figure>\n\t\t<\/div>\n<\/p>\n","protected":false},"excerpt":{"rendered":"<p>Aujourd\u2019hui s\u2019ouvre la 84\u00e8me F\u00eate de l\u2019Humanit\u00e9 alors que le journal connait des difficult\u00e9s financi\u00e8res et que les salari\u00e9s sont suspendus \u00e0 une d\u00e9cision du tribunal de commerce. Pascal Aubr\u00e9e, directeur de la F\u00eate de l\u2019Humanit\u00e9, est l\u2019invit\u00e9 de #LaMidinale.<\/p>\n","protected":false},"author":1204,"featured_media":27923,"comment_status":"open","ping_status":"open","sticky":false,"template":"","format":"standard","meta":{"_themeisle_gutenberg_block_has_review":false,"footnotes":""},"categories":[238],"tags":[293],"class_list":["post-11758","post","type-post","status-publish","format-standard","has-post-thumbnail","hentry","category-la-midinale","tag-entretien"],"_links":{"self":[{"href":"https:\/\/archives.regards.fr\/index.php?rest_route=\/wp\/v2\/posts\/11758","targetHints":{"allow":["GET"]}}],"collection":[{"href":"https:\/\/archives.regards.fr\/index.php?rest_route=\/wp\/v2\/posts"}],"about":[{"href":"https:\/\/archives.regards.fr\/index.php?rest_route=\/wp\/v2\/types\/post"}],"author":[{"embeddable":true,"href":"https:\/\/archives.regards.fr\/index.php?rest_route=\/wp\/v2\/users\/1204"}],"replies":[{"embeddable":true,"href":"https:\/\/archives.regards.fr\/index.php?rest_route=%2Fwp%2Fv2%2Fcomments&post=11758"}],"version-history":[{"count":0,"href":"https:\/\/archives.regards.fr\/index.php?rest_route=\/wp\/v2\/posts\/11758\/revisions"}],"wp:featuredmedia":[{"embeddable":true,"href":"https:\/\/archives.regards.fr\/index.php?rest_route=\/wp\/v2\/media\/27923"}],"wp:attachment":[{"href":"https:\/\/archives.regards.fr\/index.php?rest_route=%2Fwp%2Fv2%2Fmedia&parent=11758"}],"wp:term":[{"taxonomy":"category","embeddable":true,"href":"https:\/\/archives.regards.fr\/index.php?rest_route=%2Fwp%2Fv2%2Fcategories&post=11758"},{"taxonomy":"post_tag","embeddable":true,"href":"https:\/\/archives.regards.fr\/index.php?rest_route=%2Fwp%2Fv2%2Ftags&post=11758"}],"curies":[{"name":"wp","href":"https:\/\/api.w.org\/{rel}","templated":true}]}}