{"id":11757,"date":"2019-09-12T16:02:49","date_gmt":"2019-09-12T14:02:49","guid":{"rendered":"https:\/\/wp.muchomaas.com\/article-nous-lancons-une-campagne-de-boycott-des-hotels-du-groupe-accor\/"},"modified":"2023-06-23T23:43:19","modified_gmt":"2023-06-23T21:43:19","slug":"article-nous-lancons-une-campagne-de-boycott-des-hotels-du-groupe-accor","status":"publish","type":"post","link":"https:\/\/archives.regards.fr\/?p=11757","title":{"rendered":"\u00ab Nous lan\u00e7ons une campagne de boycott des h\u00f4tels du groupe Accor \u00bb"},"content":{"rendered":"<p class=\"post_excerpt\">Les femmes de chambre de l&#8217;h\u00f4tel Ibis Batignolles \u00e0 Paris sont en gr\u00e8ve depuis le 17 juillet dernier. Elles \u00e9taient devant le secr\u00e9tariat d&#8217;Etat de Marl\u00e8ne Schiappa ce jeudi midi pour l&#8217;interpeller sur leurs conditions de travail. Rachel Keke, gouvernante \u00e0 l&#8217;h\u00f4tel, et Tiziri Kandi, responsable CGT-HPE, sont les invit\u00e9es de la Midinale.<\/p>\n<p><iframe loading=\"lazy\" width=\"490\" height=\"276\" src=\"https:\/\/www.youtube.com\/embed\/AFoGw-Hzv40\" frameborder=\"0\" allow=\"accelerometer; autoplay; encrypted-media; gyroscope; picture-in-picture\" allowfullscreen><\/iframe><\/p>\n<p>&nbsp;<\/p>\n<p><h2>VERBATIM<\/h2>\n<p>&nbsp;<\/p>\n<p>\n<em>\u00a0<strong>Sur les raisons de la gr\u00e8ve et la mobilisation devant le secr\u00e9tariat d\u2019Etat de Marl\u00e8ne Schiappa<\/em>\u00a0<\/strong><br \/>\n\u00ab Cela va bient\u00f4t faire deux mois que nous sommes en gr\u00e8ve. \u00bb<br \/>\n\u00ab Nous sommes venues devant le bureau de Mme Schiappa pour l\u2019interpeller et lui dire que nous sommes fatigu\u00e9es et qu\u2019il est temps de trouver une solution. \u00bb<br \/>\n\u00ab Nous demandons l\u2019internalisation parce qu\u2019\u00e0 l\u2019h\u00f4tel Ibis [Batignolles \u00e0 Paris], les cadences sont trop \u00e9lev\u00e9es. \u00bb<br \/>\n\u00ab Nous demandons des conditions de travail correctes. \u00bb<br \/>\n\u00ab Toutes les femmes de chambre ne sont pas \u00e0 plein temps \u2013 certaines travaillent seulement entre quatre et six heures et l\u2019employeur refuse de nous embaucher. \u00bb<br \/>\n\u00ab Notre employeur profite des femmes de chambre. \u00bb<br \/>\n\u00ab Nous n\u2019avons pas encore eu de relations directes avec notre employeur. \u00bb<br \/>\n\u00ab Marl\u00e8ne Schiappa a dit qu\u2019elle voulait s\u2019occuper du probl\u00e8me des femmes de chambre et nous voulons lui dire qu\u2019il est aujourd\u2019hui de prendre les choses en main. \u00bb<br \/>\n\u00ab Marl\u00e8ne Schiappa est une femme comme nous donc elle devrait normalement entendre nos cris et nos revendications et trouver des solutions. \u00bb<br \/>\n\u00ab Ca fait deux mois que l\u2019on est en gr\u00e8ve : on n\u2019a plus de vie de famille, on laisse nos enfants\u2026 En tant que femmes, c\u2019est vraiment difficile. \u00bb<br \/>\n\u00ab Nous sommes soutenues par la CGT, par les journalistes mais par les clients aussi. \u00bb<\/p>\n<p><em>\u00a0<strong>Sur la visite de Marl\u00e8ne Schiappa sur le piquet de gr\u00e8ve le matin<\/em>\u00a0<\/strong><br \/>\n\u00ab Ce matin, on a eu la surprise de recevoir la visite de Marl\u00e8ne Schiappa sur le piquet de gr\u00e8ve sur les coups de 8h30. \u00bb<br \/>\n\u00ab Marl\u00e8ne Schiappa a eu la gentillesse de donner la parole aux femmes de chambre et d\u2019\u00e9couter leurs revendications. \u00bb<br \/>\n\u00ab En revanche, l\u2019\u00e9change, les questions-r\u00e9ponses avec Marl\u00e8ne Schiappa n\u2019\u00e9tait, lui, pas tr\u00e8s sympa. \u00bb<br \/>\n\u00ab Marl\u00e8ne Schiappa nous a expliqu\u00e9 que les questions de femmes de chambre lui tenait \u00e0 c\u0153ur parce que son arri\u00e8re-grand-m\u00e8re \u00e9tait ling\u00e8re\u2026 \u00bb<br \/>\n\u00ab Marl\u00e8ne Schiappa nous a dit qu\u2019elle ne pouvait pas interpeller le groupe Accor sur la question de l\u2019internalisation parce que le groupe Accor est un employeur priv\u00e9 et que ses choix \u00e9conomiques lui appartiennent. \u00bb<br \/>\n\u00ab Marl\u00e8ne Schiappa nous a dit qu\u2019elle \u00e9tait ouverte au dialogue\u2026 C\u2019est une secr\u00e9taire d\u2019Etat qui aime particuli\u00e8rement les discussions et les grandes d\u00e9clarations ! \u00bb<br \/>\n\u00ab On a fait remarquer \u00e0 Marl\u00e8ne Schiappa que, dans les premi\u00e8res discussions qu\u2019elle a engag\u00e9es sur les questions des femmes de chambre, elle n\u2019avait invit\u00e9 que les organisations syndicales et patronales de la propret\u00e9\u2026 Or toutes les femmes de chambre ne sont pas externalis\u00e9es ! Elle aurait donc du prendre contact avec les syndicats qui s\u2019occupent des femmes de chambre, c\u2019est-\u00e0-dire ceux de l\u2019h\u00f4tellerie ! \u00bb<br \/>\n\u00ab N\u2019inviter que les syndicats de la propret\u00e9, c\u2019est une caution apport\u00e9e de facto par Marl\u00e8ne Schiappa \u00e0 la politique d\u2019externalisation. \u00bb<br \/>\n\u00ab Marl\u00e8ne Schiappa, c\u2019est : pas d\u2019agenda, pas de budget, pas de programme. \u00bb<br \/>\n\u00ab Marl\u00e8ne Schiappa dit ne pas pouvoir alors qu\u2019en fait c\u2019est ne pas vouloir. \u00bb<br \/>\n\u00ab Je trouve difficile de croire que le gouvernement qui a mis en place les ordonnances Macron, la r\u00e9forme ferroviaire, la r\u00e9forme ch\u00f4mage et qui pousse aujourd\u2019hui \u00e0 imposer sa nouvelle r\u00e9forme des retraites, ne puisse pas interpeller un groupe h\u00f4telier sur ses choix \u00e9conomiques. \u00bb<\/p>\n<p><em>\u00a0<strong>Sur les suites du mouvement<\/em>\u00a0<\/strong><br \/>\n\u00ab On ne va pas attendre Mme Schiappa et le gouvernement pour obtenir la fin de la sous-traitance dans les h\u00f4tels. \u00bb<br \/>\n\u00ab On a lanc\u00e9 des actions d\u2019occupations de halls d\u2019h\u00f4tel et des rassemblements devant l\u2019h\u00f4tel Ibis Batignolles. \u00bb<br \/>\n\u00ab Aujourd\u2019hui, on lance une campagne de boycott du groupe Accor tant que celui-ci n\u2019ouvre pas des discussions s\u00e9rieuses sur les revendications des salari\u00e9.e.s, et notamment sur la question de l\u2019internalisation. \u00bb<br \/>\n\u00ab Il faut refuser d\u2019aller dans des h\u00f4tels qui appartiennent au groupe Accor. \u00bb<div id='gallery-1' class='gallery galleryid-11757 gallery-columns-3 gallery-size-thumbnail'><figure class='gallery-item'>\n\t\t\t<div class='gallery-icon landscape'>\n\t\t\t\t<a href='https:\/\/archives.regards.fr\/wp-content\/uploads\/2019\/09\/capture_d_e_cran_2019-09-12_a_15-672.41.56.png'><img loading=\"lazy\" decoding=\"async\" width=\"150\" height=\"150\" src=\"https:\/\/archives.regards.fr\/wp-content\/uploads\/2019\/09\/capture_d_e_cran_2019-09-12_a_15-672.41.56-150x150.png\" class=\"attachment-thumbnail size-thumbnail\" alt=\"capture_d_e_cran_2019-09-12_a_15.41.56.png\" \/><\/a>\n\t\t\t<\/div><\/figure>\n\t\t<\/div>\n<\/p>\n","protected":false},"excerpt":{"rendered":"<p>Les femmes de chambre de l&#8217;h\u00f4tel Ibis Batignolles \u00e0 Paris sont en gr\u00e8ve depuis le 17 juillet dernier. Elles \u00e9taient devant le secr\u00e9tariat d&#8217;Etat de Marl\u00e8ne Schiappa ce jeudi midi pour l&#8217;interpeller sur leurs conditions de travail. Rachel Keke, gouvernante \u00e0 l&#8217;h\u00f4tel, et Tiziri Kandi, responsable CGT-HPE, sont les invit\u00e9es de la Midinale.<\/p>\n","protected":false},"author":1204,"featured_media":27921,"comment_status":"open","ping_status":"open","sticky":false,"template":"","format":"standard","meta":{"_themeisle_gutenberg_block_has_review":false,"footnotes":""},"categories":[238],"tags":[293],"class_list":["post-11757","post","type-post","status-publish","format-standard","has-post-thumbnail","hentry","category-la-midinale","tag-entretien"],"_links":{"self":[{"href":"https:\/\/archives.regards.fr\/index.php?rest_route=\/wp\/v2\/posts\/11757","targetHints":{"allow":["GET"]}}],"collection":[{"href":"https:\/\/archives.regards.fr\/index.php?rest_route=\/wp\/v2\/posts"}],"about":[{"href":"https:\/\/archives.regards.fr\/index.php?rest_route=\/wp\/v2\/types\/post"}],"author":[{"embeddable":true,"href":"https:\/\/archives.regards.fr\/index.php?rest_route=\/wp\/v2\/users\/1204"}],"replies":[{"embeddable":true,"href":"https:\/\/archives.regards.fr\/index.php?rest_route=%2Fwp%2Fv2%2Fcomments&post=11757"}],"version-history":[{"count":0,"href":"https:\/\/archives.regards.fr\/index.php?rest_route=\/wp\/v2\/posts\/11757\/revisions"}],"wp:featuredmedia":[{"embeddable":true,"href":"https:\/\/archives.regards.fr\/index.php?rest_route=\/wp\/v2\/media\/27921"}],"wp:attachment":[{"href":"https:\/\/archives.regards.fr\/index.php?rest_route=%2Fwp%2Fv2%2Fmedia&parent=11757"}],"wp:term":[{"taxonomy":"category","embeddable":true,"href":"https:\/\/archives.regards.fr\/index.php?rest_route=%2Fwp%2Fv2%2Fcategories&post=11757"},{"taxonomy":"post_tag","embeddable":true,"href":"https:\/\/archives.regards.fr\/index.php?rest_route=%2Fwp%2Fv2%2Ftags&post=11757"}],"curies":[{"name":"wp","href":"https:\/\/api.w.org\/{rel}","templated":true}]}}