{"id":11754,"date":"2019-09-11T12:01:11","date_gmt":"2019-09-11T10:01:11","guid":{"rendered":"https:\/\/wp.muchomaas.com\/article-laurent-russier-on-demande-l-egalite-et-ca-sera-a-la-justice-de-trancher\/"},"modified":"2023-06-23T23:43:17","modified_gmt":"2023-06-23T21:43:17","slug":"article-laurent-russier-on-demande-l-egalite-et-ca-sera-a-la-justice-de-trancher","status":"publish","type":"post","link":"https:\/\/archives.regards.fr\/?p=11754","title":{"rendered":"Laurent Russier : \u00ab On demande l\u2019\u00e9galit\u00e9 et \u00e7a sera \u00e0 la justice de trancher \u00bb"},"content":{"rendered":"<p class=\"post_excerpt\">Les maires de Saint-Denis, de Stains, de l\u2019Ile-Saint-Denis, d&#8217;Aubervilliers et de Bondy s\u2019appr\u00eatent \u00e0 d\u00e9poser un recours contre l\u2019Etat pour rupture d\u2019\u00e9galit\u00e9. Une premi\u00e8re. Laurent Russier, maire de Saint-Denis, est l\u2019invit\u00e9 de #LaMidinale.<\/p>\n<p><iframe loading=\"lazy\" width=\"490\" height=\"276\" src=\"https:\/\/www.youtube.com\/embed\/NkFUDc8M8Ko\" frameborder=\"0\" allow=\"accelerometer; autoplay; encrypted-media; gyroscope; picture-in-picture\" allowfullscreen><\/iframe><\/p>\n<p>&nbsp;<\/p>\n<p><h2>VERBATIM<\/h2>\n<p>&nbsp;<\/p>\n<p>\n<em>\u00a0<strong>Sur la tribune de Val\u00e9rie P\u00e9cresse<\/em>\u00a0<\/strong><br \/>\n\u00ab Il y a \u00e9norm\u00e9ment d\u2019amalgames qui sont faits. \u00bb<br \/>\n\u00ab On avait essay\u00e9 de montrer qu\u2019elle avait une vison plus sociale, plus \u00e9quilibr\u00e9e de la r\u00e9alit\u00e9 de nos territoires, apparemment non. \u00bb<br \/>\n\u00ab Dans les quartiers populaires, l\u2019Etat ne joue pas son r\u00f4le. \u00bb<br \/>\n\u00ab La mission d\u2019\u00e9valuation parlementaire a montr\u00e9 qu\u2019on avait un Etat qui n\u2019agit pas en Seine-Saint-Denis de mani\u00e8re \u00e9galitaire avec l\u2019ensemble des autres d\u00e9partements de la r\u00e9gion parisienne ou du territoire fran\u00e7ais. \u00bb<br \/>\n\u00ab Il y a des endroits o\u00f9 il faut continuer \u00e0 construire du logement HLM. \u00bb<br \/>\n\u00ab On n\u2019est pas oppos\u00e9 aux d\u00e9molitions quand elles se justifient d\u2019un point de vue dysfonctionnement urbain et si c\u2019est travaill\u00e9 avec les habitants. \u00bb<br \/>\n\u00ab O\u00f9 est le plus grand des ghettos ? L\u00e0-dessus, Val\u00e9rie P\u00e9cresse ne dit rien : ce sont les \u00e9lus de droite, qui sont dans des \u00e9go\u00efsmes locaux, et qui ne sont en rien contrari\u00e9s par le fait de ne construire aucun HLM. \u00bb<br \/>\n\u00ab Cette tribune sort trois jours apr\u00e8s l\u2019annonce du d\u00e9passement du 10.000\u20ac\/m2 \u00e0 Paris avec l\u2019effet contagieux sur l\u2019ensemble de la r\u00e9gion parisienne. \u00bb<br \/>\n\u00ab Cette m\u00e9tropole devient de plus en plus s\u00e9gr\u00e9gative. \u00bb<\/p>\n<p><em>\u00a0<strong>Sur le film \u201cLa Vie Scolaire\u201d de Grand Corps Malade<\/em>\u00a0<\/strong><br \/>\n\u00ab Ce film rencontre un succ\u00e8s parce qu\u2019il montre une r\u00e9alit\u00e9 complexe et fine de la vie quotidienne des quartiers. \u00bb<\/p>\n<p><em>\u00a0<strong>Sur le recours des maires de la Seine-Saint-Denis contre l\u2019Etat<\/em>\u00a0<\/strong><br \/>\n\u00ab Les dotations globales de fonctionnement, qui sont vers\u00e9es aux collectivit\u00e9s, sont in\u00e9galement r\u00e9parties. \u00bb<br \/>\n\u00ab Sur l\u2019\u00e9ducation, on n\u2019a pas les m\u00eames moyens dans nos quartiers : des enseignants moins form\u00e9s, plus jeunes, un turnover tr\u00e8s important et une m\u00e9decine scolaire indigne d\u2019un pays comme le notre. \u00bb<br \/>\n\u00ab On demande l\u2019\u00e9galit\u00e9 et \u00e7a sera \u00e0 la justice de trancher. \u00bb<br \/>\n\u00ab On veut juste \u00eatre trait\u00e9 \u00e0 \u00e9galit\u00e9 : \u00e7a s\u2019appelle la dignit\u00e9. \u00bb<br \/>\n\u00ab Quand Saint-Denis gagne 25.000 habitants en 15 ans, on n\u2019a pas un seul policier suppl\u00e9mentaire. C\u2019est vrai aussi sur les autres grands services publics : l\u2019\u00e9ducation, sant\u00e9, transports. \u00bb<\/p>\n<p><em>\u00a0<strong>Sur l\u2019accueil des migrants et l\u2019expulsion des familles syriennes<\/em>\u00a0<\/strong><br \/>\n\u00ab La Ville de Saint-Denis est reconnue pour sa tradition d\u2019accueil. \u00bb<br \/>\n\u00ab Saint-Denis est la ville qui a mis le plus de locaux \u00e0 disposition de l\u2019Etat pour les sans-abris. \u00bb<br \/>\n\u00ab Dire que la ville de Saint-Denis ne peut rien, c\u2019est totalement \u00e0 c\u00f4t\u00e9 de la plaque parce qu\u2019on fait beaucoup. \u00bb<br \/>\n\u00ab C\u2019est le r\u00f4le de l\u2019Etat d\u2019assurer un bon accueil des migrants. \u00bb<br \/>\n\u00ab On ne peut pas faire des le\u00e7ons \u00e0 Salvini en Italie et d\u2019un autre c\u00f4t\u00e9 ne pas \u00eatre capable de g\u00e9rer la situation pour une petite dizaine de milliers de migrants sur une r\u00e9gion de onze millions d\u2019habitants. \u00bb<br \/>\n\u00ab Le probl\u00e8me, ce n\u2019est pas qu\u2019on manque d\u2019h\u00e9bergements d\u2019urgence : la Seine-Saint-Denis est le d\u00e9partement qui a le plus important syst\u00e8me d\u2019h\u00e9bergement d\u2019urgence. \u00bb<br \/>\n\u00ab Le probl\u00e8me, c\u2019est que les possibilit\u00e9s sont totalement satur\u00e9es : il y a tellement un d\u00e9ficit \u00e0 Paris, dans les Hauts-de-Seine et dans d\u2019autres d\u00e9partements, que beaucoup d\u2019habitants trouvent refuge en Seine-Saint-Denis. \u00bb<br \/>\n\u00ab On n\u2019est pas en capacit\u00e9 d\u2019h\u00e9berger tout le monde \u00e0 Saint-Denis. \u00bb<br \/>\n\u00ab Je n\u2019ai eu aucune proposition &#8211; y compris des membres de ma majorit\u00e9 &#8211; pour me dire quel local on pourrait r\u00e9quisitionner. \u00bb<\/p>\n<p><em>\u00a0<strong>Sur les \u00e9lections municipales<\/em>\u00a0<\/strong><br \/>\n\u00ab On veut tout faire pour se mettre d\u2019accord. \u00bb<br \/>\n\u00ab Par rapport aux dangers du Rassemblement national, des discours comme ceux de Val\u00e9rie P\u00e9cresse ou de La R\u00e9publique En Marche, je ne veux pas que, demain, \u00e0 Saint-Denis, il se passe la m\u00eame chose qu\u2019\u00e0 Pantin ou certains arrondissements parisiens : 20, 30 voire 40% d\u2019augmentation de l\u2019immobilier en cinq ans. \u00bb<br \/>\n\u00ab Cet appel \u00e0 l\u2019unit\u00e9, c\u2019est l\u2019appel que font les Dionysiens. \u00bb<br \/>\n\u00ab \u00c7a serait une premi\u00e8re qu\u2019un maire sortant qui a r\u00e9ussi \u00e0 faire vivre une majorit\u00e9, ne soit pas \u00e0 nouveau candidat. \u00bb<br \/>\n\u00ab Qu\u2019on me montre \u00e0 quel endroit la division a permis de rassembler plus. \u00bb<\/p>\n<p><em>\u00a0<strong>Sur le projet m\u00e9tropolitain du Grand Paris<\/em>\u00a0<\/strong><br \/>\n\u00ab On a d\u00e9j\u00e0 tellement \u00e0 faire dans nos communes mais nous devons aller plus loin. \u00bb<br \/>\n\u00ab Sur le logement, si on n\u2019est pas unis : les lois du march\u00e9 sont plus fortes. \u00bb<br \/>\n\u00ab Sur au moins trois enjeux, on a besoin de travailler ensemble et je demande \u00e0 Paris de travailler avec nous : le logement, l\u2019\u00e9cologie, l\u2019emploi et l\u2019insertion. \u00bb <div id='gallery-1' class='gallery galleryid-11754 gallery-columns-3 gallery-size-thumbnail'><figure class='gallery-item'>\n\t\t\t<div class='gallery-icon landscape'>\n\t\t\t\t<a href='https:\/\/archives.regards.fr\/wp-content\/uploads\/2019\/09\/capture_d_e_cran_2019-09-11_a_11-a98.21.18.png'><img loading=\"lazy\" decoding=\"async\" width=\"150\" height=\"150\" src=\"https:\/\/archives.regards.fr\/wp-content\/uploads\/2019\/09\/capture_d_e_cran_2019-09-11_a_11-a98.21.18-150x150.png\" class=\"attachment-thumbnail size-thumbnail\" alt=\"capture_d_e_cran_2019-09-11_a_11.21.18.png\" \/><\/a>\n\t\t\t<\/div><\/figure>\n\t\t<\/div>\n<\/p>\n","protected":false},"excerpt":{"rendered":"<p>Les maires de Saint-Denis, de Stains, de l\u2019Ile-Saint-Denis, d&#8217;Aubervilliers et de Bondy s\u2019appr\u00eatent \u00e0 d\u00e9poser un recours contre l\u2019Etat pour rupture d\u2019\u00e9galit\u00e9. Une premi\u00e8re. Laurent Russier, maire de Saint-Denis, est l\u2019invit\u00e9 de #LaMidinale.<\/p>\n","protected":false},"author":1039,"featured_media":27914,"comment_status":"open","ping_status":"open","sticky":false,"template":"","format":"standard","meta":{"_themeisle_gutenberg_block_has_review":false,"footnotes":""},"categories":[238],"tags":[293,513],"class_list":["post-11754","post","type-post","status-publish","format-standard","has-post-thumbnail","hentry","category-la-midinale","tag-entretien","tag-municipales-2020"],"_links":{"self":[{"href":"https:\/\/archives.regards.fr\/index.php?rest_route=\/wp\/v2\/posts\/11754","targetHints":{"allow":["GET"]}}],"collection":[{"href":"https:\/\/archives.regards.fr\/index.php?rest_route=\/wp\/v2\/posts"}],"about":[{"href":"https:\/\/archives.regards.fr\/index.php?rest_route=\/wp\/v2\/types\/post"}],"author":[{"embeddable":true,"href":"https:\/\/archives.regards.fr\/index.php?rest_route=\/wp\/v2\/users\/1039"}],"replies":[{"embeddable":true,"href":"https:\/\/archives.regards.fr\/index.php?rest_route=%2Fwp%2Fv2%2Fcomments&post=11754"}],"version-history":[{"count":0,"href":"https:\/\/archives.regards.fr\/index.php?rest_route=\/wp\/v2\/posts\/11754\/revisions"}],"wp:featuredmedia":[{"embeddable":true,"href":"https:\/\/archives.regards.fr\/index.php?rest_route=\/wp\/v2\/media\/27914"}],"wp:attachment":[{"href":"https:\/\/archives.regards.fr\/index.php?rest_route=%2Fwp%2Fv2%2Fmedia&parent=11754"}],"wp:term":[{"taxonomy":"category","embeddable":true,"href":"https:\/\/archives.regards.fr\/index.php?rest_route=%2Fwp%2Fv2%2Fcategories&post=11754"},{"taxonomy":"post_tag","embeddable":true,"href":"https:\/\/archives.regards.fr\/index.php?rest_route=%2Fwp%2Fv2%2Ftags&post=11754"}],"curies":[{"name":"wp","href":"https:\/\/api.w.org\/{rel}","templated":true}]}}