{"id":11751,"date":"2019-09-10T11:57:09","date_gmt":"2019-09-10T09:57:09","guid":{"rendered":"https:\/\/wp.muchomaas.com\/article-droits-humains-et-libertes-la-france-manque-tragiquement-a-son-destin\/"},"modified":"2023-06-23T23:43:15","modified_gmt":"2023-06-23T21:43:15","slug":"article-droits-humains-et-libertes-la-france-manque-tragiquement-a-son-destin","status":"publish","type":"post","link":"https:\/\/archives.regards.fr\/?p=11751","title":{"rendered":"Droits humains et libert\u00e9s : \u00ab La France manque tragiquement \u00e0 son destin \u00bb"},"content":{"rendered":"<p class=\"post_excerpt\">Demain s&#8217;ouvre le proc\u00e8s des \u00ab d\u00e9crocheurs de portraits \u00bb. Quelle justice pour ces lanceurs d&#8217;alerte ? Y a-t-il une justice politique ? William Bourdon et Vincent Brengarth, avocats au barreau de Paris (d\u00e9fenseurs de Lula, des Sept de Brian\u00e7on ou encore des militants de Extinction Rebellion), sont les invit\u00e9s de #LaMidinale.<\/p>\n<p><iframe loading=\"lazy\" width=\"490\" height=\"276\" src=\"https:\/\/www.youtube.com\/embed\/vUMJh8KUess\" frameborder=\"0\" allow=\"accelerometer; autoplay; encrypted-media; gyroscope; picture-in-picture\" allowfullscreen><\/iframe><\/p>\n<p>&nbsp;<\/p>\n<p><h2>VERBATIM<\/h2>\n<p>&nbsp;<\/p>\n<p>\n<em>\u00a0<strong>Sur le proc\u00e8s des d\u00e9crocheurs de portraits<\/em>\u00a0<\/strong><br \/>\n\u00ab Il y a un mouvement dynamique (\u2026) d\u2019une criminalisation, d\u2019une pers\u00e9cution de ceux qui disent leur col\u00e8re et leur exasp\u00e9ration devant le fait que les grands int\u00e9r\u00eats publics &#8211; la sant\u00e9, l\u2019environnement &#8211; sont menac\u00e9s et que, de fa\u00e7on paradoxale, les dirigeants de la plan\u00e8te sont per\u00e7us comme ne se donnant pas ni la volont\u00e9 ni les moyens de r\u00e9pondre \u00e0 cette menace. \u00bb<br \/>\n\u00ab Il y a une forme d\u2019instrumentalisation de la justice par le pouvoir politique avec des d\u00e9cisions extr\u00eamement lourdes. \u00bb<br \/>\n\u00ab Il y a une volont\u00e9 du gouvernement de d\u00e9l\u00e9guer au pouvoir judiciaire ce qui normalement devrait connaitre une r\u00e9ponse politique. \u00bb<\/p>\n<p><em>\u00a0<strong>Sur les droits et libert\u00e9s en France<\/em>\u00a0<\/strong><br \/>\n\u00ab Il y a une r\u00e9duction, une \u00e9rosion \u00e0 bas bruit, souterraine, sournoise des libert\u00e9s. On l\u2019a d\u00e9nonc\u00e9 au moment de la mise en \u0153uvre de l\u2019Etat d\u2019urgence. \u00bb<br \/>\n\u00ab Il y a une d\u00e9shumanisation et une perte de contact avec les id\u00e9aux de solidarit\u00e9 et de fraternit\u00e9 : la France manque tragiquement \u00e0 son destin et ses obligations historiques s\u2019agissant de la situation des migrants. \u00bb<br \/>\n\u00ab Il y a une soci\u00e9t\u00e9 civile qui ne peut que se radicaliser proportionnellement au sentiment de ne recevoir que des crachats ou des portes ferm\u00e9es. \u00bb<br \/>\n\u00ab Pour disqualifier les voix dissidentes, on les pousse \u00e0 la radicalit\u00e9 : effet d\u2019aubaine pour une criminalisation. \u00bb<\/p>\n<p><em>\u00a0<strong>Sur la justice envers les lanceurs d\u2019alerte<\/em>\u00a0<\/strong><br \/>\n\u00ab Le recours \u00e0 la justice est impos\u00e9 : \u00e7a permet de porter une parole tout en \u00e9tant menac\u00e9 et expos\u00e9 par un risque d\u2019emprisonnement. \u00bb<br \/>\n\u00ab Il y a une balance d\u2019int\u00e9r\u00eat, un \u00e9quilibre \u00e0 trouver entre la sanction p\u00e9nale et la motivation politique. \u00bb<br \/>\n\u00ab Il y a des juges qui r\u00e9sistent et qui voient bien l\u2019\u00e9mergence de la col\u00e8re citoyenne. \u00bb<br \/>\n\u00ab Il y a une autorit\u00e9 politique relay\u00e9e par les procureurs &#8211; m\u00eame s\u2019il y a aussi des r\u00e9sistances ces les procureurs &#8211; qui essaient d\u2019imposer cette logique de criminalisation et il y a les juges du si\u00e8ge qui sont \u00e0 l\u2019\u00e9coute de cette inqui\u00e9tude de col\u00e8re citoyennes qui sont capables de rendre des d\u00e9cisions de relaxes ou des d\u00e9cisions bienveillantes. \u00bb<\/p>\n<p><em>\u00a0<strong>Sur la \u00ab justice politique \u00bb et la tribune dans le JDD sign\u00e9e par 6.000 personnalit\u00e9s<\/em>\u00a0<\/strong><br \/>\n\u00ab Toute l\u2019histoire de la justice fran\u00e7aise est \u00e9maill\u00e9e de tr\u00e8s grands scandales o\u00f9 le politique \u00e9tait terriblement intrusif : sous Nicolas Sarkozy, c\u2019\u00e9tait au-del\u00e0 de la caricature. \u00bb<br \/>\n\u00ab Un des bilans positifs de Hollande &#8211; il y en a pas 36.000 donc on peut s\u2019en r\u00e9jouir -, c\u2019est le fait qu\u2019il y a eu une forme de restauration de l\u2019ind\u00e9pendance du juge. Sous Macron, on fait des pas en arri\u00e8re. \u00bb<br \/>\n\u00ab Est-ce qu\u2019on peut consid\u00e9rer que ce que dit Jean-Luc M\u00e9lenchon est parole d\u2019\u00e9vangile quand il dit qu\u2019il a fait l\u2019objet d\u2019une pers\u00e9cution politique ? De mon point de vue, non. \u00bb<br \/>\n\u00ab La lutte contre la corruption est instrumentalis\u00e9e dans certains pays pour abattre un certain nombre d\u2019opposants ou de voix dissidentes : c\u2019est devenu l\u2019arme l\u00e9tale pour tuer politiquement. \u00bb<br \/>\n\u00ab La comparaison avec M\u00e9lenchon me parait opportuniste. \u00bb<\/p>\n<p><em>\u00a0<strong>Sur l\u2019ind\u00e9pendance de la justice<\/em>\u00a0<\/strong><br \/>\n\u00ab M\u00e9lenchon pointe une v\u00e9rit\u00e9 objective : le Parquet, constitutionnellement, est sous la hi\u00e9rarchie de la Garde des Sceaux. Donc du gouvernement. \u00bb<br \/>\n\u00ab Il faut absolument que la r\u00e9forme constitutionnelle l\u00e8ve compl\u00e8tement les soup\u00e7ons sur l\u2019absence d\u2019ind\u00e9pendance du Parquet. \u00bb<br \/>\n\u00ab Tant que le Parquet ne sera pas lib\u00e9r\u00e9 de sa d\u00e9pendance vis-\u00e0-vis du pouvoir politique, vous aurez syst\u00e9matiquement une suspicion. \u00bb<br \/>\n\u00ab C\u2019est une telle saga depuis 50 ans cette histoire d\u2019ind\u00e9pendance de la justice (\u2026). On a quelques raisons d\u2019\u00eatre sceptiques [sur le projet de r\u00e9forme constitutionnelle]. \u00bb<br \/>\n\u00ab Il y a une plaie, un poison derri\u00e8re tout \u00e7a : les effets pervers de la lutte contre le terrorisme. \u00bb<br \/>\n\u00ab Il y a une instrumentalisation de la lutte contre le terrorisme \u00e0 des fins qui ne sont pas la lutte contre le terrorisme : que \u00e7a soit contre les migrants ou les voix dissidentes. \u00bb<br \/>\n\u00ab Ce que nous vivons en ce moment, c\u2019est exactement la duplication de ce que d\u00e9non\u00e7aient les grandes consciences dans la deuxi\u00e8me moiti\u00e9 du 19\u00e8me si\u00e8cle, qui d\u00e9noncent les lois sc\u00e9l\u00e9rates utilis\u00e9es contre les voix dissidentes : c\u2019est un peu ce qui est en train de se passer. \u00bb<\/p>\n<p><em>\u00a0<strong>Sur la judiciarisation du d\u00e9bat public<\/em>\u00a0<\/strong><br \/>\n\u00ab Les juridictions sont pr\u00e9cis\u00e9ment l\u00e0 pour pallier les carences des pouvoirs publics. \u00bb<br \/>\n\u00ab La seule possibilit\u00e9 aujourd\u2019hui &#8211; face \u00e0 l\u2019urgence climatique par exemple -, c\u2019est de faire appel au juge pour mettre le l\u00e9gislateur face \u00e0 ses propres engagements. \u00bb<br \/>\n\u00ab Il y a une crise de la d\u00e9mocratie avec une perte de confiance dans la parole et l\u2019action publiques. Il y a une d\u00e9mon\u00e9tisation des corps interm\u00e9diaires. Toutes ces cr\u00e9ances d\u2019action ou de protection, sur tous les domaines de la vie sociale, s\u2019exercent de mani\u00e8re de plus en plus radicale (\u2026) et se d\u00e9versent partout : dans l\u2019enceinte scolaire, dans l\u2019enceinte hospitali\u00e8re, dans l\u2019enceinte judiciaire. \u00bb<br \/>\n\u00ab Dans la radicalit\u00e9, il y a un \u00e9puisement de la cause qui fait que vous allez perdre le contact avec ceux l\u00e0 m\u00eames que vous voulez rassembler et f\u00e9d\u00e9rer autour de vous, c\u2019est-\u00e0-dire le plus grand nombre de citoyens. \u00bb<div id='gallery-1' class='gallery galleryid-11751 gallery-columns-3 gallery-size-thumbnail'><figure class='gallery-item'>\n\t\t\t<div class='gallery-icon landscape'>\n\t\t\t\t<a href='https:\/\/archives.regards.fr\/wp-content\/uploads\/2019\/09\/capture_d_e_cran_2019-09-10_a_11-b0c.22.26.png'><img loading=\"lazy\" decoding=\"async\" width=\"150\" height=\"150\" src=\"https:\/\/archives.regards.fr\/wp-content\/uploads\/2019\/09\/capture_d_e_cran_2019-09-10_a_11-b0c.22.26-150x150.png\" class=\"attachment-thumbnail size-thumbnail\" alt=\"capture_d_e_cran_2019-09-10_a_11.22.26.png\" \/><\/a>\n\t\t\t<\/div><\/figure>\n\t\t<\/div>\n<\/p>\n","protected":false},"excerpt":{"rendered":"<p>Demain s&#8217;ouvre le proc\u00e8s des \u00ab d\u00e9crocheurs de portraits \u00bb. Quelle justice pour ces lanceurs d&#8217;alerte ? Y a-t-il une justice politique ? William Bourdon et Vincent Brengarth, avocats au barreau de Paris (d\u00e9fenseurs de Lula, des Sept de Brian\u00e7on ou encore des militants de Extinction Rebellion), sont les invit\u00e9s de #LaMidinale.<\/p>\n","protected":false},"author":1039,"featured_media":27908,"comment_status":"open","ping_status":"open","sticky":false,"template":"","format":"standard","meta":{"_themeisle_gutenberg_block_has_review":false,"footnotes":""},"categories":[238],"tags":[293],"class_list":["post-11751","post","type-post","status-publish","format-standard","has-post-thumbnail","hentry","category-la-midinale","tag-entretien"],"_links":{"self":[{"href":"https:\/\/archives.regards.fr\/index.php?rest_route=\/wp\/v2\/posts\/11751","targetHints":{"allow":["GET"]}}],"collection":[{"href":"https:\/\/archives.regards.fr\/index.php?rest_route=\/wp\/v2\/posts"}],"about":[{"href":"https:\/\/archives.regards.fr\/index.php?rest_route=\/wp\/v2\/types\/post"}],"author":[{"embeddable":true,"href":"https:\/\/archives.regards.fr\/index.php?rest_route=\/wp\/v2\/users\/1039"}],"replies":[{"embeddable":true,"href":"https:\/\/archives.regards.fr\/index.php?rest_route=%2Fwp%2Fv2%2Fcomments&post=11751"}],"version-history":[{"count":0,"href":"https:\/\/archives.regards.fr\/index.php?rest_route=\/wp\/v2\/posts\/11751\/revisions"}],"wp:featuredmedia":[{"embeddable":true,"href":"https:\/\/archives.regards.fr\/index.php?rest_route=\/wp\/v2\/media\/27908"}],"wp:attachment":[{"href":"https:\/\/archives.regards.fr\/index.php?rest_route=%2Fwp%2Fv2%2Fmedia&parent=11751"}],"wp:term":[{"taxonomy":"category","embeddable":true,"href":"https:\/\/archives.regards.fr\/index.php?rest_route=%2Fwp%2Fv2%2Fcategories&post=11751"},{"taxonomy":"post_tag","embeddable":true,"href":"https:\/\/archives.regards.fr\/index.php?rest_route=%2Fwp%2Fv2%2Ftags&post=11751"}],"curies":[{"name":"wp","href":"https:\/\/api.w.org\/{rel}","templated":true}]}}