{"id":11750,"date":"2019-09-09T12:05:59","date_gmt":"2019-09-09T10:05:59","guid":{"rendered":"https:\/\/wp.muchomaas.com\/article-jerome-latta-les-propos-homophobes-sont-de-plus-en-plus-ringardises-y-compris\/"},"modified":"2023-06-23T23:43:14","modified_gmt":"2023-06-23T21:43:14","slug":"article-jerome-latta-les-propos-homophobes-sont-de-plus-en-plus-ringardises-y-compris","status":"publish","type":"post","link":"https:\/\/archives.regards.fr\/?p=11750","title":{"rendered":"\u00ab Les propos homophobes sont de plus en plus ringardis\u00e9s, y compris dans les stades \u00bb"},"content":{"rendered":"<p class=\"post_excerpt\">Homophobie dans le sport : comment agir, comment pr\u00e9venir ? J\u00e9r\u00f4me Latta, journaliste et r\u00e9dacteur en chef des <em>Cahiers du football<\/em>, a publi\u00e9 un article sur son blog du <em>Monde<\/em> \u00ab Une balle dans le pied \u00bb dans lequel il d\u00e9nonce les strat\u00e9gies de communication du gouvernement. Il est l\u2019invit\u00e9 de #LaMidinale.<\/p>\n<p><iframe loading=\"lazy\" width=\"490\" height=\"276\" src=\"https:\/\/www.youtube.com\/embed\/2TAMj-roy-8\" frameborder=\"0\" allow=\"accelerometer; autoplay; encrypted-media; gyroscope; picture-in-picture\" allowfullscreen><\/iframe><\/p>\n<p>&nbsp;<\/p>\n<p><h2>VERBATIM<\/h2>\n<p>&nbsp;<\/p>\n<p>\n<em>\u00a0<strong>Sur l\u2019homophobie dans le sport<\/em>\u00a0<\/strong><br \/>\n\u00ab Il y a une part de surexposition du football parce qu\u2019il n\u2019est pas vraiment \u00e9tabli qu\u2019il y a plus d\u2019homophobie dans le football que dans les autres sports. \u00bb<br \/>\n\u00ab Les propos \u00e0 caract\u00e8re homophobe dans le football sont beaucoup plus visibles et m\u00e9diatis\u00e9s. \u00bb<\/p>\n<p><em>\u00a0<strong>Sur le caract\u00e8re ordinaire de l\u2019homophobie<\/em>\u00a0<\/strong><br \/>\n\u00ab On fait beaucoup de parall\u00e8les avec le racisme (\u2026) mais \u00e0 la diff\u00e9rence des propos racistes qui s\u2019expriment dans un terrain de foot et qui se font \u00e0 l\u2019encontre d\u2019un joueur noir &#8211; donc il y a un acte raciste directement dirig\u00e9 vers sa victime -, l\u2019usage de propos homophobes est indirect, c\u2019est-\u00e0-dire qu\u2019on ne vise pas les homosexuels, on essaye de disqualifier l\u2019adversaire en mobilisant ces repr\u00e9sentations-l\u00e0. \u00bb<br \/>\n\u00ab L\u2019homophobie est partiellement consciente quand elle se d\u00e9ploie comme c\u2019est le cas en ce moment et un des enjeux, c\u2019est de faire \u00e9merger la conscience que ces propos et ces stigmatisations sont probl\u00e9matiques. \u00bb<br \/>\n\u00ab Il y a un caract\u00e8re inconscient de l\u2019homophobie que l\u2019on justifie par le folklore ou la tradition qu\u2019il faut arriver \u00e0 remettre en cause. \u00bb<br \/>\n\u00ab Il faut \u00e9tablir un dialogue avec les associations de supporters et notamment les supporters ultras. \u00bb<\/p>\n<p><em>\u00a0<strong>Sur l\u2019action du gouvernement<\/em>\u00a0<\/strong><br \/>\n\u00ab Ce qui est surprenant, c\u2019est que le gouvernement semble d\u00e9couvrir ces chants [homophobes] qui ne sont pas nouveaux. \u00bb<br \/>\n\u00ab Le gouvernement a une m\u00e9thode \u00e0 la hussarde qui a consist\u00e9 \u00e0 stigmatiser syst\u00e9matiquement les ultras alors qu\u2019il faut souligner que le probl\u00e8me de l\u2019homophobie en France et de sa banalisation n\u2019est pas propre aux ultras, il est transversal. \u00bb<br \/>\n\u00ab Les ultras ont \u00e0 juste titre le sentiment d\u2019\u00eatre stigmatis\u00e9s depuis longtemps et d\u2019\u00eatre victimes de privation de libert\u00e9s avec des interdictions administratives de stade, des interdictions de d\u00e9placements ou des fichages ill\u00e9gaux. \u00bb<br \/>\n\u00ab Les supporters ont \u00e9t\u00e9 les cobayes de ces politiques de surveillance et de privation de droits \u00e9l\u00e9mentaires. \u00bb<\/p>\n<p><em>\u00a0<strong>Sur les suspensions de match<\/em>\u00a0<\/strong><br \/>\n\u00ab Pourquoi pas mais il faut expliquer la d\u00e9marche et clarifier la sanction. \u00bb<br \/>\n\u00ab Il faut clarifier les propos probl\u00e9matiques et sanctionnables pour que les choses soient claires et que le terrain ait \u00e9t\u00e9 pr\u00e9par\u00e9 en amont mais surtout pour qu\u2019\u00e0 la fin, il y ait des r\u00e9sultats. \u00bb<br \/>\n\u00ab Les propos homophobes sont de plus en plus ringardis\u00e9s, y compris dans les stades. \u00bb<\/p>\n<p><em>\u00a0<strong>Sur le racisme<\/em>\u00a0<\/strong><br \/>\n\u00ab C\u2019est comme pour l\u2019homophobie, \u00e7a renvoie \u00e0 un probl\u00e8me qui est pos\u00e9 dans l\u2019espace public g\u00e9n\u00e9ral en France et qui s\u2019exprime avec une certaine vacuit\u00e9 dans le football. \u00bb<br \/>\n\u00ab \u00c7a n\u2019est pas qu\u2019une question d\u2019\u00e9lite. \u00c7a illustre le rapport tr\u00e8s complexe du football avec ce qu\u2019on appelle la diversit\u00e9. \u00c7a remonte \u00e0 1998 avec la France Black-Blanc-Beur dont on faisait l\u2019\u00e9loge, sans se rendre compte que les symboles c\u2019est bien mais qu\u2019il faut derri\u00e8re une soci\u00e9t\u00e9 juste et qui repr\u00e9sente les blancs, les blacks, les beurs, de mani\u00e8re \u00e9quitable sans leur faire subir les discriminations. \u00bb<br \/>\n\u00ab On voit que dans le football, dans le sport d\u2019\u00e9lite &#8211; pas seulement le football -, il y a une surrepr\u00e9sentation des noirs mais qui tient \u00e0 la composition sociologique des milieux sociaux, g\u00e9ographiques, o\u00f9 se trouvent les futurs footballeurs. \u00bb<div id='gallery-1' class='gallery galleryid-11750 gallery-columns-3 gallery-size-thumbnail'><figure class='gallery-item'>\n\t\t\t<div class='gallery-icon landscape'>\n\t\t\t\t<a href='https:\/\/archives.regards.fr\/wp-content\/uploads\/2019\/09\/capture_d_e_cran_2019-09-09_a_12-576.02.05.png'><img loading=\"lazy\" decoding=\"async\" width=\"150\" height=\"150\" src=\"https:\/\/archives.regards.fr\/wp-content\/uploads\/2019\/09\/capture_d_e_cran_2019-09-09_a_12-576.02.05-150x150.png\" class=\"attachment-thumbnail size-thumbnail\" alt=\"capture_d_e_cran_2019-09-09_a_12.02.05.png\" \/><\/a>\n\t\t\t<\/div><\/figure>\n\t\t<\/div>\n<\/p>\n","protected":false},"excerpt":{"rendered":"<p>Homophobie dans le sport : comment agir, comment pr\u00e9venir ? J\u00e9r\u00f4me Latta, journaliste et r\u00e9dacteur en chef des <em>Cahiers du football<\/em>, a publi\u00e9 un article sur son blog du <em>Monde<\/em> \u00ab Une balle dans le pied \u00bb dans lequel il d\u00e9nonce les strat\u00e9gies de communication du gouvernement. Il est l\u2019invit\u00e9 de #LaMidinale.<\/p>\n","protected":false},"author":1039,"featured_media":27906,"comment_status":"open","ping_status":"open","sticky":false,"template":"","format":"standard","meta":{"_themeisle_gutenberg_block_has_review":false,"footnotes":""},"categories":[238],"tags":[293],"class_list":["post-11750","post","type-post","status-publish","format-standard","has-post-thumbnail","hentry","category-la-midinale","tag-entretien"],"_links":{"self":[{"href":"https:\/\/archives.regards.fr\/index.php?rest_route=\/wp\/v2\/posts\/11750","targetHints":{"allow":["GET"]}}],"collection":[{"href":"https:\/\/archives.regards.fr\/index.php?rest_route=\/wp\/v2\/posts"}],"about":[{"href":"https:\/\/archives.regards.fr\/index.php?rest_route=\/wp\/v2\/types\/post"}],"author":[{"embeddable":true,"href":"https:\/\/archives.regards.fr\/index.php?rest_route=\/wp\/v2\/users\/1039"}],"replies":[{"embeddable":true,"href":"https:\/\/archives.regards.fr\/index.php?rest_route=%2Fwp%2Fv2%2Fcomments&post=11750"}],"version-history":[{"count":0,"href":"https:\/\/archives.regards.fr\/index.php?rest_route=\/wp\/v2\/posts\/11750\/revisions"}],"wp:featuredmedia":[{"embeddable":true,"href":"https:\/\/archives.regards.fr\/index.php?rest_route=\/wp\/v2\/media\/27906"}],"wp:attachment":[{"href":"https:\/\/archives.regards.fr\/index.php?rest_route=%2Fwp%2Fv2%2Fmedia&parent=11750"}],"wp:term":[{"taxonomy":"category","embeddable":true,"href":"https:\/\/archives.regards.fr\/index.php?rest_route=%2Fwp%2Fv2%2Fcategories&post=11750"},{"taxonomy":"post_tag","embeddable":true,"href":"https:\/\/archives.regards.fr\/index.php?rest_route=%2Fwp%2Fv2%2Ftags&post=11750"}],"curies":[{"name":"wp","href":"https:\/\/api.w.org\/{rel}","templated":true}]}}