{"id":11749,"date":"2019-09-09T09:08:00","date_gmt":"2019-09-09T07:08:00","guid":{"rendered":"https:\/\/wp.muchomaas.com\/article-l-extreme-droite-peaufine-sa-rentree-et\/"},"modified":"2023-06-23T23:43:13","modified_gmt":"2023-06-23T21:43:13","slug":"article-l-extreme-droite-peaufine-sa-rentree-et","status":"publish","type":"post","link":"https:\/\/archives.regards.fr\/?p=11749","title":{"rendered":"\u00c9DITO. Le Pen va bien, merci pour elle"},"content":{"rendered":"<p class=\"post_excerpt\">L\u2019extr\u00eame droite peaufine sa rentr\u00e9e. Et s\u2019assure de faire parler d\u2019elle tout au long du mois de septembre et plus loin encore : municipales en ligne de mire.<\/p>\n<p>Ce week-end, alors qu\u2019on ne l\u2019entendait plus, Marine Le Pen paradait dans les rues d\u2019H\u00e9nin-Beaumont \u00e0 l\u2019occasion de la traditionnelle braderie. \u00c0 la fin de la semaine, les 14 et 15 septembre, le rassemblement national r\u00e9unira ses militants \u00e0 Fr\u00e9jus pour ses universit\u00e9s d\u2019\u00e9t\u00e9. Enfin, le magazine <em>L\u2019Incorrect<\/em> (ligne conservatrice et identitaire), organisera une grande convention de la droite le 28 septembre et r\u00e9unira autour de Marion Mar\u00e9chal tout ce qui se fait de plus tendance en mati\u00e8re de n\u00e9or\u00e9acs, anti-immigr\u00e9, antisocial, anti-PMA (naturellement), bref anti-beaucoup-de-choses, parmi lesquels une bonne dose de testost\u00e9rone : Laurent Alexandre, Eric Zemmour ou encore Ivan Rioufol. M\u00eame Rapha\u00ebl Enthoven est annonc\u00e9 pour ce premier rendez-vous <em>\u00ab qui a vocation \u00e0 devenir le lieu incontournable des d\u00e9bats philosophiques et politiques de demain \u00bb<\/em>. Rien que \u00e7a. Le philosophe <em>\u00ab viendra en adversaire loyal \u00bb<\/em>, pr\u00e9cise-t-il au <em>Monde<\/em>.<\/p>\n<p>Si cette rentr\u00e9e de l\u2019extr\u00eame semble si bien soign\u00e9e et organis\u00e9e au millim\u00e8tre pr\u00e8s, c\u2019est que le parti de Marine Le Pen esp\u00e8re bien mettre toutes les chances de son c\u00f4t\u00e9 pour aborder l\u2019\u00e9ch\u00e9ance de l\u2019ann\u00e9e qui vient : les municipales. Le RN est d\u00e9j\u00e0 solidement implant\u00e9 dans de nombreux territoires (PACA, Occitanie, Hauts-de-France) et esp\u00e8re a minima sauver ses mairies \u2013 dont il ne cesse de vanter les bilans \u2013 comme \u00e0 H\u00e9nin-Beaumont, Fr\u00e9jus, Beaucaire, Mantes-la-Ville, Camaret-sur-Aigues, Cogolin, Hayange, B\u00e9ziers, Villers-Cotter\u00eats ou le Pontet. Certains discrets sondages donnent le RN en bonne position dans pr\u00e8s de 150 villes de France, dont des villes de plus de 100.000 habitants, \u00e0 l\u2019instar de Perpignan qui pourrait tomber dans l\u2019escarcelle de l\u2019extr\u00eame droite, \u00e0 la faveur d\u2019une quadrangulaire \u2013 comme \u00e7a risque d\u2019\u00eatre le cas dans de tr\u00e8s nombreuses communes. Marine Le Pen a pr\u00e9venu : elle veut \u00eatre l\u2019alternative \u00e0 Emmanuel Macron. Et pour elle, \u00e7a commence par l\u2019ancrage local.<\/p>\n<h2>Ne pas laisser l&#8217;extr\u00eame droite \u00e0 Macron<\/h2>\n<p>De son c\u00f4t\u00e9 Emmanuel Macron joue de ce duo politique infernal. Il joue avec le feu. Pour lui, c\u2019est \u00ab moi ou le chaos \u00bb. Donc vous n\u2019avez pas le choix : \u00ab Votez pour moi \u00bb. \u00c7a vaut \u00e0 la pr\u00e9sidentielle comme aux europ\u00e9ennes et \u00e7a vaut d\u00e9sormais pour les municipales. Macron devait \u00eatre le rempart \u00e0 l\u2019extr\u00eame droite : on se retrouve aujourd\u2019hui avec une Marine Le Pen quasi-imp\u00e9riale. Et un succ\u00e8s du RN aux \u00e9lections municipales remettrait in\u00e9vitablement Marine Le Pen en selle pour l\u2019\u00e9ch\u00e9ance pr\u00e9sidentielle de 2022. Or comme le rappelle Eric Fassin : <em>\u00ab Qui peut \u00eatre certain que dans la prochaine \u00e9lection pr\u00e9sidentielle, voter Macron contre Le Pen ce sera voter pour la d\u00e9mocratie ? C\u2019est bien \u00e7a le probl\u00e8me aujourd\u2019hui. Quels arguments va-t-on trouver pour s\u2019opposer au Front national quand on a l\u2019impression qu\u2019en mati\u00e8re d\u2019immigration, en mati\u00e8re de violences polici\u00e8res et en mati\u00e8re \u00e9conomique, finalement, les diff\u00e9rences ne sont pas si grandes ? \u00bb<\/em> Fort juste. Et \u00e7a fait froid dans le dos\u2026<\/p>\n<p>Macron a une responsabilit\u00e9 immense dans la progression de l\u2019extr\u00eame droite. Mais la gauche n\u2019est pas en reste. Parce qu\u2019il ne suffit plus de d\u00e9noncer que le Front national, m\u00eame dans sa version relook\u00e9e en Rassemblement national, est un parti raciste, pour lutter contre sa progression. C\u2019est toujours utile et n\u00e9cessaire de le rappeler mais \u00e7a n\u2019est plus suffisant. Le mouvement d\u2019extr\u00eame droite a chang\u00e9 : sur l\u2019Europe, sur la la\u00efcit\u00e9, sur l\u2019\u00e9cologie. Il ne s\u2019agit pas de lui donner raison, il s\u2019agit de viser juste. Il suffit de lire l\u2019article de Cyril Lecerf-Maulpois dans <a href=\"https:\/\/wp.muchomaas.com\/acces-payant\/trimestriel\/51-ete-2019\/article\/regards-ete-2019\">le dernier num\u00e9ro de <em>Regards<\/em><\/a> o\u00f9 il d\u00e9nonce l\u2019imposture \u00e9cologique. Ou encore d\u2019y lire l\u2019analyse du sociologue Ugo Palheta qui rappelle que sur bien des sujets, le RN <em>\u00ab op\u00e8re un va-et-vient qui renvoie \u00e0 des choix tactiques selon la conjoncture politique et les objectifs du moment \u00bb<\/em>. Et si son fonds de commerce reste \u00ab l\u2019immigration \u00bb et \u00ab l\u2019islamisme \u00bb, il faut bien reconna\u00eetre que le parti de Marine Le Pen a d\u00e9sormais investit tous les champs.<\/p>\n<p>Viser juste, \u00e7a commence sans doute par s\u2019appuyer sur les attentes populaires et sur le mouvement critique existant pour redonner sens \u00e0 des majorit\u00e9s populaires de gauche centr\u00e9es non sur le combat contre \u00ab l\u2019\u00e9lite \u00bb mais contre un \u00ab syst\u00e8me \u00bb social qui produit la division entre dominants et domin\u00e9s. Enfin, il s\u2019agirait \u00e9galement pour la gauche de ne pas s\u2019\u00e9garer sur les th\u00e8mes et terres de pr\u00e9dilection de l\u2019extr\u00eame droite. Comme la question migratoire. Ou celle de l&#8217;islam par exemple\u2026<\/p>\n<p>&nbsp;<\/p>\n<p><a href=\"https:\/\/wp.muchomaas.com\/auteur\/pierre-jacquemain\"><strong>Pierre Jacquemain<\/strong><\/a><div id='gallery-1' class='gallery galleryid-11749 gallery-columns-3 gallery-size-thumbnail'><figure class='gallery-item'>\n\t\t\t<div class='gallery-icon landscape'>\n\t\t\t\t<a href='https:\/\/archives.regards.fr\/wp-content\/uploads\/2019\/09\/cc_tv_patriotes-99a-scaled.jpg'><img loading=\"lazy\" decoding=\"async\" width=\"150\" height=\"150\" src=\"https:\/\/archives.regards.fr\/wp-content\/uploads\/2019\/09\/cc_tv_patriotes-99a-150x150.jpg\" class=\"attachment-thumbnail size-thumbnail\" alt=\"cc_tv_patriotes.jpg\" \/><\/a>\n\t\t\t<\/div><\/figure>\n\t\t<\/div>\n<\/p>\n","protected":false},"excerpt":{"rendered":"<p>L\u2019extr\u00eame droite peaufine sa rentr\u00e9e. Et s\u2019assure de faire parler d\u2019elle tout au long du mois de septembre et plus loin encore : municipales en ligne de mire.<\/p>\n","protected":false},"author":1039,"featured_media":27904,"comment_status":"open","ping_status":"open","sticky":false,"template":"","format":"standard","meta":{"_themeisle_gutenberg_block_has_review":false,"footnotes":""},"categories":[6],"tags":[328,355],"class_list":["post-11749","post","type-post","status-publish","format-standard","has-post-thumbnail","hentry","category-actu","tag-editorial","tag-extreme-droite"],"_links":{"self":[{"href":"https:\/\/archives.regards.fr\/index.php?rest_route=\/wp\/v2\/posts\/11749","targetHints":{"allow":["GET"]}}],"collection":[{"href":"https:\/\/archives.regards.fr\/index.php?rest_route=\/wp\/v2\/posts"}],"about":[{"href":"https:\/\/archives.regards.fr\/index.php?rest_route=\/wp\/v2\/types\/post"}],"author":[{"embeddable":true,"href":"https:\/\/archives.regards.fr\/index.php?rest_route=\/wp\/v2\/users\/1039"}],"replies":[{"embeddable":true,"href":"https:\/\/archives.regards.fr\/index.php?rest_route=%2Fwp%2Fv2%2Fcomments&post=11749"}],"version-history":[{"count":0,"href":"https:\/\/archives.regards.fr\/index.php?rest_route=\/wp\/v2\/posts\/11749\/revisions"}],"wp:featuredmedia":[{"embeddable":true,"href":"https:\/\/archives.regards.fr\/index.php?rest_route=\/wp\/v2\/media\/27904"}],"wp:attachment":[{"href":"https:\/\/archives.regards.fr\/index.php?rest_route=%2Fwp%2Fv2%2Fmedia&parent=11749"}],"wp:term":[{"taxonomy":"category","embeddable":true,"href":"https:\/\/archives.regards.fr\/index.php?rest_route=%2Fwp%2Fv2%2Fcategories&post=11749"},{"taxonomy":"post_tag","embeddable":true,"href":"https:\/\/archives.regards.fr\/index.php?rest_route=%2Fwp%2Fv2%2Ftags&post=11749"}],"curies":[{"name":"wp","href":"https:\/\/api.w.org\/{rel}","templated":true}]}}