{"id":11746,"date":"2019-09-06T12:06:34","date_gmt":"2019-09-06T10:06:34","guid":{"rendered":"https:\/\/wp.muchomaas.com\/article-david-belliard-eelv-danielle-simonnet-lfi-a-copie-colle-une-grande-partie-de\/"},"modified":"2023-06-23T23:43:08","modified_gmt":"2023-06-23T21:43:08","slug":"article-david-belliard-eelv-danielle-simonnet-lfi-a-copie-colle-une-grande-partie-de","status":"publish","type":"post","link":"https:\/\/archives.regards.fr\/?p=11746","title":{"rendered":"David Belliard (EELV) : \u00ab Danielle Simonnet (LFI) a copi\u00e9\/coll\u00e9 une grande partie de notre programme \u00bb"},"content":{"rendered":"<p class=\"post_excerpt\">David Belliard a \u00e9t\u00e9 d\u00e9sign\u00e9 t\u00eate de liste EELV pour la mairie de Paris. Quel projet ? Qui donne le ton \u00e0 EELV ? Quelles alliances ? Quel bilan pour la majorit\u00e9 sortante ? Il est l\u2019invit\u00e9 de #LaMidinale.<\/p>\n<p><iframe loading=\"lazy\" width=\"490\" height=\"276\" src=\"https:\/\/www.youtube.com\/embed\/4475HyZqLIw\" frameborder=\"0\" allow=\"accelerometer; autoplay; encrypted-media; gyroscope; picture-in-picture\" allowfullscreen><\/iframe><\/p>\n<p>&nbsp;<\/p>\n<p><h2>VERBATIM<\/h2>\n<p>&nbsp;<\/p>\n<p>\n<em>\u00a0<strong>Sur la ligne de EELV<\/em>\u00a0<\/strong><br \/>\n\u00ab C\u2019est l\u2019ensemble des adh\u00e9rents qui donnent le ton \u00e0 EELV. \u00bb<br \/>\n\u00ab Aujourd\u2019hui, on est tr\u00e8s clair sur le plan id\u00e9ologique. On est rassembl\u00e9 autour d\u2019une volont\u00e9 de transformation radicale de la soci\u00e9t\u00e9 : \u00e9cologique, sociale et d\u00e9mocratique. \u00bb<br \/>\n\u00ab Il peut y avoir des nuances sur les questions de tactiques mais c\u2019est tr\u00e8s marginal. \u00bb<\/p>\n<p><em>\u00a0<strong>Sur sa candidature \u00e0 Paris<\/em>\u00a0<\/strong><br \/>\n\u00ab Je veux \u00eatre un candidat \u00e9cologiste pour Paris. \u00bb<br \/>\n\u00ab Il faut inventer un nouveau rapport aux \u00eatres vivants (\u2026). Il faut rompre avec un mod\u00e8le de surconsommation et de surproduction. \u00bb<br \/>\n\u00ab On ne gagnera pas la bataille du climat si nous ne gagnons pas aussi celle de la justice sociale. \u00bb<\/p>\n<p><em>\u00a0<strong>Sur le bilan d\u2019Anne Hidalgo<\/em>\u00a0<\/strong><br \/>\n\u00ab Nous sommes en grande partie les acteurs du bilan \u00e9cologique d\u2019Anne Hidalgo. \u00bb<br \/>\n\u00ab Nous avons deux visions de la ville diff\u00e9rentes avec Anne Hidalgo notamment sur la question de l\u2019urbanisation et de la densification de la ville. \u00bb<br \/>\n\u00ab Ceux qui veulent construire des tours \u00e0 Paris et qui n\u2019ont pas r\u00e9duit significativement la place de la voiture, ce n\u2019est pas nous, ce sont les socialistes. \u00bb<br \/>\n\u00ab Nous sommes oppos\u00e9s aux Jeux olympiques \u00e0 Paris. \u00bb<\/p>\n<p><em>\u00a0<strong>Sur la strat\u00e9gie \u00e9lectorale et les alli\u00e9s potentiels<\/em>\u00a0<\/strong><br \/>\n\u00ab Je serai en capacit\u00e9 de faire un rassemblement plus large avec notamment Urgence \u00e9cologiste et Delphine Batho, le Parti animaliste, le Parti pirate ou CAP21 (\u2026), il faut aussi aller chercher la soci\u00e9t\u00e9 civile. \u00bb<br \/>\n\u00ab Aujourd\u2019hui, je ne vois de possibilit\u00e9 d\u2019accord au premier tour avec Gaspard Gantzer et Isabelle Saporta. \u00bb<br \/>\n\u00ab Il va de soi que je me rassemblerai [au second tour] avec ceux qui portent des projets et des valeurs qui sont proches des n\u00f4tres donc aujourd\u2019hui les choses sont ouvertes. \u00bb<br \/>\n\u00ab Danielle Simonnet et la France insoumise ont fait un copier\/coller d\u2019une grande partie de notre programme. \u00bb<br \/>\n\u00ab Nous avons un certain nombre de convergences avec le projet de Danielle Simonnet. \u00bb<br \/>\n\u00ab J\u2019ai une diff\u00e9rence majeure avec Danielle Simonnet : c\u2019est la volont\u00e9 de gouverner. \u00bb<br \/>\n\u00ab Danielle Simonnet refuse les alliances et n\u2019a pas la volont\u00e9 de gouverner. Donc il n\u2019y a pas de possibilit\u00e9 d\u2019alliance. \u00bb<br \/>\n\u00ab Je ne souhaite pas que nous ayons une alliance au second tour avec En Marche : Villani, Griveaux c\u2019est La R\u00e9publique En Marche, les m\u00eames contre lesquels nous nous opposons sur le glyphosate, le projet de loi alimentation, le bien-\u00eatre animal, la chasse, l\u2019accueil des migrants ou la r\u00e9gulation du march\u00e9 immobilier. \u00bb<br \/>\n\u00ab Nous ne ferons pas d\u2019accord avec La R\u00e9publique En Marche, nous avons trop de divergences. \u00bb<\/p>\n<p><em>\u00a0<strong>Sur les concurrents qui se revendiquent de l\u2019\u00e9cologie<\/em>\u00a0<\/strong><br \/>\n\u00ab On est \u00e9cologistes dans toutes ses dimensions. \u00bb<br \/>\n\u00ab On a une vision, une histoire pour Paris qui n\u2019est pas celle propos\u00e9e par toutes celles et ceux qui se mettent un \u00e9tiquette \u00e9colo parce que \u00e7a fait vendre et \u00e7a rapporte des voix. \u00bb<br \/>\n\u00ab On manque cruellement de parcs et d\u2019espaces verts. \u00bb<\/p>\n<p><em>\u00a0<strong>Sur le logement social<\/em>\u00a0<\/strong><br \/>\n\u00ab Je suis pour cr\u00e9er du logement social. \u00bb<br \/>\n\u00ab La diff\u00e9rence que nous avons avec les socialistes et les communistes, c\u2019est que nous pensons que le logement social doit \u00eatre prioritairement donn\u00e9 \u00e0 celles et ceux qui en ont vraiment besoin. \u00bb<br \/>\n\u00ab Je suis pour la r\u00e9quisition : il faut avoir une politique active qui permettre l\u2019acc\u00e8s social au logement. Il faut utiliser les moyens et notamment les moyens financiers pour cr\u00e9er du logement social. \u00bb<br \/>\n\u00ab Il faut bloquer l\u2019int\u00e9gralit\u00e9 des loyers dans Paris et sa m\u00e9tropole. \u00bb<br \/>\n\u00ab Dans chaque ville o\u00f9 les Jeux olympiques ont \u00e9t\u00e9 organis\u00e9s, les prix de l\u2019immobilier ont augment\u00e9 : il faut se pr\u00e9server de \u00e7a. \u00bb<\/p>\n<p><em>\u00a0<strong>Sur l\u2019accueil des migrants<\/em>\u00a0<\/strong><br \/>\n\u00ab En 2015, lorsqu\u2019on virait des migrants dans le 18\u00e8me, nos \u00e9lu.e.s \u2013 avec d\u2019autres \u2013 \u00e9taient extr\u00eamement mobilis\u00e9.e.s et nous les sommes aujourd\u2019hui encore au Conseil de Paris pour changer la strat\u00e9gie de non-accueil des migrants. \u00bb<br \/>\n\u00ab Je propose qu\u2019il y ait un camp humanitaire qui soit g\u00e9r\u00e9 par des associations pour permettre de pallier l\u2019urgence. \u00bb<br \/>\n\u00ab La confrontation entre la Ville et l\u2019Etat est une confrontation st\u00e9rile. Les premi\u00e8res victimes de cette situation sont les migrants et les habitants. \u00bb<br \/>\n\u00ab Il va y avoir des r\u00e9fugi\u00e9s climatiques et nous devons \u00eatre pr\u00eats pour permettre l\u2019inclusion et l\u2019h\u00e9bergement. \u00bb<\/p>\n<p><em>\u00a0<strong>Sur la police municipale<\/em>\u00a0<\/strong><br \/>\n\u00ab J\u2019ai un probl\u00e8me avec la police municipale : c\u2019est de l\u2019esbroufe politique. \u00c7a ne sert \u00e0 rien et c\u2019est dangereux sur un plan politique. \u00bb<br \/>\n\u00ab Il y a un probl\u00e8me d\u2019incivilit\u00e9 et de tranquillit\u00e9 quotidienne \u00e0 Paris, notamment sur le harc\u00e8lement de rue. Je pr\u00e9f\u00e8re la pr\u00e9sence humaine \u00e0 la vid\u00e9osurveillance. La police municipale n\u2019est pas le bon outil. \u00bb<\/p>\n<p><em>\u00a0<strong>Sur le Grand Paris<\/em>\u00a0<\/strong><br \/>\n\u00ab C\u2019est la derni\u00e8re \u00e9lection municipale o\u00f9 l\u2019on sera dans cette configuration : la prochaine \u00e9lection sera une \u00e9lection m\u00e9tropolitaine. \u00bb<br \/>\n\u00ab Les grands sujets, notamment la pollution de l\u2019air, ne s\u2019arr\u00eatent pas aux portes du p\u00e9riph\u00e9rique. \u00bb<div id='gallery-1' class='gallery galleryid-11746 gallery-columns-3 gallery-size-thumbnail'><figure class='gallery-item'>\n\t\t\t<div class='gallery-icon landscape'>\n\t\t\t\t<a href='https:\/\/archives.regards.fr\/wp-content\/uploads\/2019\/09\/capture_d_e_cran_2019-09-06_a_11-f4d.51.24.png'><img loading=\"lazy\" decoding=\"async\" width=\"150\" height=\"150\" src=\"https:\/\/archives.regards.fr\/wp-content\/uploads\/2019\/09\/capture_d_e_cran_2019-09-06_a_11-f4d.51.24-150x150.png\" class=\"attachment-thumbnail size-thumbnail\" alt=\"capture_d_e_cran_2019-09-06_a_11.51.24.png\" \/><\/a>\n\t\t\t<\/div><\/figure>\n\t\t<\/div>\n<\/p>\n","protected":false},"excerpt":{"rendered":"<p>David Belliard a \u00e9t\u00e9 d\u00e9sign\u00e9 t\u00eate de liste EELV pour la mairie de Paris. Quel projet ? Qui donne le ton \u00e0 EELV ? Quelles alliances ? Quel bilan pour la majorit\u00e9 sortante ? Il est l\u2019invit\u00e9 de #LaMidinale.<\/p>\n","protected":false},"author":1039,"featured_media":27897,"comment_status":"open","ping_status":"open","sticky":false,"template":"","format":"standard","meta":{"_themeisle_gutenberg_block_has_review":false,"footnotes":""},"categories":[238],"tags":[293],"class_list":["post-11746","post","type-post","status-publish","format-standard","has-post-thumbnail","hentry","category-la-midinale","tag-entretien"],"_links":{"self":[{"href":"https:\/\/archives.regards.fr\/index.php?rest_route=\/wp\/v2\/posts\/11746","targetHints":{"allow":["GET"]}}],"collection":[{"href":"https:\/\/archives.regards.fr\/index.php?rest_route=\/wp\/v2\/posts"}],"about":[{"href":"https:\/\/archives.regards.fr\/index.php?rest_route=\/wp\/v2\/types\/post"}],"author":[{"embeddable":true,"href":"https:\/\/archives.regards.fr\/index.php?rest_route=\/wp\/v2\/users\/1039"}],"replies":[{"embeddable":true,"href":"https:\/\/archives.regards.fr\/index.php?rest_route=%2Fwp%2Fv2%2Fcomments&post=11746"}],"version-history":[{"count":0,"href":"https:\/\/archives.regards.fr\/index.php?rest_route=\/wp\/v2\/posts\/11746\/revisions"}],"wp:featuredmedia":[{"embeddable":true,"href":"https:\/\/archives.regards.fr\/index.php?rest_route=\/wp\/v2\/media\/27897"}],"wp:attachment":[{"href":"https:\/\/archives.regards.fr\/index.php?rest_route=%2Fwp%2Fv2%2Fmedia&parent=11746"}],"wp:term":[{"taxonomy":"category","embeddable":true,"href":"https:\/\/archives.regards.fr\/index.php?rest_route=%2Fwp%2Fv2%2Fcategories&post=11746"},{"taxonomy":"post_tag","embeddable":true,"href":"https:\/\/archives.regards.fr\/index.php?rest_route=%2Fwp%2Fv2%2Ftags&post=11746"}],"curies":[{"name":"wp","href":"https:\/\/api.w.org\/{rel}","templated":true}]}}