{"id":11744,"date":"2019-09-05T12:21:53","date_gmt":"2019-09-05T10:21:53","guid":{"rendered":"https:\/\/wp.muchomaas.com\/article-thierry-labica-le-31-octobre-il-me-parait-evident-qu-il-y-aura-un-report-du\/"},"modified":"2023-06-23T23:43:07","modified_gmt":"2023-06-23T21:43:07","slug":"article-thierry-labica-le-31-octobre-il-me-parait-evident-qu-il-y-aura-un-report-du","status":"publish","type":"post","link":"https:\/\/archives.regards.fr\/?p=11744","title":{"rendered":"Thierry Labica : \u00ab Le 31 octobre, il me para\u00eet \u00e9vident qu\u2019il y aura un report du Brexit \u00bb"},"content":{"rendered":"<p class=\"post_excerpt\">Rien ne va plus au Royaume-Uni : alors que le Premier ministre Boris Johnson a perdu sa majorit\u00e9, les incertitudes sur la sortie de l&#8217;Union europ\u00e9enne pr\u00e9vue le 31 octobre sont plus fortes que jamais&#8230; Pour en parler, Thierry Labica, ma\u00eetre de conf\u00e9rence en \u00e9tudes britanniques \u00e0 l&#8217;universit\u00e9 Paris-Nanterre, est l&#8217;invit\u00e9 de la Midinale.<\/p>\n<p><iframe loading=\"lazy\" width=\"490\" height=\"276\" src=\"https:\/\/www.youtube.com\/embed\/RrmUgTt6oQs\" frameborder=\"0\" allow=\"accelerometer; autoplay; encrypted-media; gyroscope; picture-in-picture\" allowfullscreen><\/iframe><\/p>\n<p>&nbsp;<\/p>\n<p><h2>VERBATIM<\/h2>\n<p>&nbsp;<\/p>\n<p>\n<em>\u00a0<strong>Sur le Parti conservateur<\/em>\u00a0<\/strong><br \/>\n\u00ab Le fait que Boris Johnson ait p\u00e9t\u00e9 les plombs para\u00eet dans la norme du personnage. \u00bb<br \/>\n\u00ab Il y a une recomposition du Brexit Party autour de Nigel Farage qui a quitt\u00e9 UKIP il y a quelques ann\u00e9es et du Parti conservateur autour d\u2019une ligne tr\u00e8s dure qui va aller capter les voix de la droite extr\u00eame et des nationalistes anglais (et non britanniques). \u00bb<br \/>\n \u00ab Certains \u00e9l\u00e9phants du Parti conservateur ont dit, en s\u00e9ance, de mani\u00e8re tr\u00e8s virulente, qu\u2019ils ne reconnaissaient plus le parti dans lequel ils \u00e9taient depuis parfois 40 ans et que c\u2019\u00e9tait maintenant un parti d\u2019extr\u00eame droite nationaliste. \u00bb<\/p>\n<p><em>\u00a0<strong>Sur le Parti travailliste<\/em>\u00a0<\/strong><br \/>\n\u00ab Le Parti travailliste qui est sens\u00e9 \u00eatre dirig\u00e9 par la gauche dure vient occuper une esp\u00e8ce de centre ou de norme politique dans laquelle il faut un terrain de compromis entre ceux qui voulaient sortir de l\u2019Union europ\u00e9enne et ceux qui voulaient y rester, qui propose un Brexit n\u00e9goci\u00e9 pour le monde des entreprises&#8230; \u00bb<br \/>\n\u00ab Beaucoup de gens, y compris au sein du Parti travailliste, pensent qu\u2019ignorer le r\u00e9sultat du r\u00e9f\u00e9rendum [sur le Brexit] serait catastrophique socialement. \u00bb<\/p>\n<p><em>\u00a0<strong>Sur la strat\u00e9gie de Boris Johnson<\/em>\u00a0<\/strong><br \/>\n\u00ab L\u2019autre stratag\u00e8me de Boris Johnson pour emp\u00eacher tout blocage d\u2019une sortie de l\u2019Union europ\u00e9enne sans accord, c\u2019est de proposer une \u00e9lection l\u00e9gislative (\u2026). Mais si le processus \u00e9lectoral s\u2019enclenche, l\u2019activit\u00e9 parlementaire sera suspendue \u2013 et tout le monde redoute que Boris Johnson profite de ce d\u00e9lai pour cr\u00e9er une situation de fait accompli pour faire passer une sortie en no deal. \u00bb<br \/>\n\u00ab Contrairement \u00e0 ce que dit Boris Johnson, les n\u00e9gociateurs europ\u00e9ens disent qu\u2019il n\u2019y a absolument rien de nouveau dans sa proposition. \u00bb<br \/>\n\u00ab Un \u00e9l\u00e9ment de blocage depuis le d\u00e9part, c\u2019est le back stop, c\u2019est-\u00e0-dire la fronti\u00e8re entre la fronti\u00e8re nord-irlandaise et la R\u00e9publique d\u2019Irlande ; et Boris Johnson n\u2019est jamais encore all\u00e9 voir le Premier ministre nord-irlandais ! \u00bb<\/p>\n<p><em>\u00a0<strong>Sur l\u2019aust\u00e9rit\u00e9 en Grande-Bretagne<\/em>\u00a0<\/strong><br \/>\n\u00ab La Grande-Bretagne est le pays qui a les plus grands \u00e9carts de richesses interr\u00e9gionaux en Europe. Et l\u2019aust\u00e9rit\u00e9 a fait un mal terrible. \u00bb<br \/>\n\u00ab Si on regarde les annonces budg\u00e9taires qui sont faites (qui ne disent d\u2019ailleurs rien de la mani\u00e8re dont elles seraient financ\u00e9es), elles ne corrigent que tr\u00e8s marginalement les coupes qui ont \u00e9t\u00e9 faites depuis 2010. \u00bb<\/p>\n<p><em>\u00a0<strong>Sur la position des travaillistes aujourd\u2019hui<\/em>\u00a0<\/strong><br \/>\n\u00ab La position des travaillistes consiste \u00e0 dire qu\u2019ils se sont engag\u00e9s en 2017 \u00e0 honorer le r\u00e9sultat du r\u00e9f\u00e9rendum et sortir de l\u2019Europe avec un accord. \u00bb<br \/>\n \u00ab Le Parti travailliste essaie de recentrer la ligne de fracture de la soci\u00e9t\u00e9 britannique autour de la question sociale car la question du Brexit devient l\u2019arbre qui cache la for\u00eat. \u00bb<\/p>\n<p><em>\u00a0<strong>Sur l\u2019in\u00e9luctabilit\u00e9 du Brexit<\/em>\u00a0<\/strong><br \/>\n\u00ab M\u00eame si Boris Johnson convoque des \u00e9lections le 15 octobre, il ne resterait que 15 jours pour n\u00e9gocier un accord et le temps l\u00e9gislatif serait insuffisant. \u00bb<br \/>\n\u00ab Le 31 octobre, il me para\u00eet \u00e9vident qu\u2019il y aura un report. \u00bb<br \/>\n\u00ab Si la Grande-Bretagne sortait le 31 octobre sans accord, il y aurait quand m\u00eame pour des mois et des ann\u00e9es de n\u00e9gociations car plein de choses resteraient \u00e0 r\u00e9gler. \u00bb<br \/>\n\u00ab Le temps d\u2019organisation d\u2019un r\u00e9f\u00e9rendum est plus long que celui d\u2019organisation d\u2019une \u00e9lection l\u00e9gislative. \u00bb<br \/>\n\u00ab Personne n\u2019a vot\u00e9 pour un Brexit non n\u00e9goci\u00e9. \u00bb<br \/>\n\u00ab Ce qu\u2019annoncent les travaillistes, notamment Jeremy Corbyn qui essaie de n\u00e9gocier avec sa base de parti et l\u2019opinion publique, c\u2019est de n\u00e9gocier une sortie de l\u2019Europe avec un cadre pr\u00e9cis. \u00bb<\/p>\n<p><em>\u00a0<strong>Sur la question sociale au Royaume-Uni<\/em>\u00a0<\/strong><br \/>\n\u00ab La confusion autour du Brexit a siphonn\u00e9 les questions d\u2019urgence qui \u00e9taient encore audibles il y a encore quelques mois. \u00bb<br \/>\n\u00ab Sur la sant\u00e9, vous avez une vingtaine d\u2019h\u00f4pitaux en alerte noire \u00e7a veut dire qu\u2019il est plus dangereux d\u2019aller \u00e0 l\u2019h\u00f4pital que de rester chez soi. \u00bb<br \/>\n\u00ab Il y a une augmentation ininterrompue des banques alimentaires o\u00f9 vont des gens qui travaillent. \u00bb<br \/>\n\u00ab On pourrait comparer aux d\u00e9buts des ann\u00e9es 2010-2015 o\u00f9 on a vu de tr\u00e8s grandes mobilisations populaires, anti-aust\u00e9rit\u00e9, et l\u00e0 on voit moins cette activit\u00e9 de masse. \u00bb<br \/>\n\u00ab Un gouvernement travailliste a vitalement besoin d\u2019un mouvement social qui ne concentrerait pas le projet de r\u00e9formes travaillistes sur un travaillisme reparlementaris\u00e9. \u00bb<br \/>\n\u00ab S\u2019il y a un repli du projet travailliste sur la seule activit\u00e9 parlementaire, on va dans le mur. \u00bb<br \/>\n\u00ab Le parti travailliste apparait comme posant une norme presque rassurante dans le champ politique et institutionnel britannique, mais pour la gauche du parti, les choses se compliquent. \u00bb<div id='gallery-1' class='gallery galleryid-11744 gallery-columns-3 gallery-size-thumbnail'><figure class='gallery-item'>\n\t\t\t<div class='gallery-icon landscape'>\n\t\t\t\t<a href='https:\/\/archives.regards.fr\/wp-content\/uploads\/2019\/09\/capture_d_e_cran_2019-09-05_a_11-1c2.51.17.png'><img loading=\"lazy\" decoding=\"async\" width=\"150\" height=\"150\" src=\"https:\/\/archives.regards.fr\/wp-content\/uploads\/2019\/09\/capture_d_e_cran_2019-09-05_a_11-1c2.51.17-150x150.png\" class=\"attachment-thumbnail size-thumbnail\" alt=\"capture_d_e_cran_2019-09-05_a_11.51.17.png\" \/><\/a>\n\t\t\t<\/div><\/figure>\n\t\t<\/div>\n<\/p>\n","protected":false},"excerpt":{"rendered":"<p>Rien ne va plus au Royaume-Uni : alors que le Premier ministre Boris Johnson a perdu sa majorit\u00e9, les incertitudes sur la sortie de l&#8217;Union europ\u00e9enne pr\u00e9vue le 31 octobre sont plus fortes que jamais&#8230; Pour en parler, Thierry Labica, ma\u00eetre de conf\u00e9rence en \u00e9tudes britanniques \u00e0 l&#8217;universit\u00e9 Paris-Nanterre, est l&#8217;invit\u00e9 de la Midinale.<\/p>\n","protected":false},"author":1039,"featured_media":27892,"comment_status":"open","ping_status":"open","sticky":false,"template":"","format":"standard","meta":{"_themeisle_gutenberg_block_has_review":false,"footnotes":""},"categories":[238],"tags":[293],"class_list":["post-11744","post","type-post","status-publish","format-standard","has-post-thumbnail","hentry","category-la-midinale","tag-entretien"],"_links":{"self":[{"href":"https:\/\/archives.regards.fr\/index.php?rest_route=\/wp\/v2\/posts\/11744","targetHints":{"allow":["GET"]}}],"collection":[{"href":"https:\/\/archives.regards.fr\/index.php?rest_route=\/wp\/v2\/posts"}],"about":[{"href":"https:\/\/archives.regards.fr\/index.php?rest_route=\/wp\/v2\/types\/post"}],"author":[{"embeddable":true,"href":"https:\/\/archives.regards.fr\/index.php?rest_route=\/wp\/v2\/users\/1039"}],"replies":[{"embeddable":true,"href":"https:\/\/archives.regards.fr\/index.php?rest_route=%2Fwp%2Fv2%2Fcomments&post=11744"}],"version-history":[{"count":0,"href":"https:\/\/archives.regards.fr\/index.php?rest_route=\/wp\/v2\/posts\/11744\/revisions"}],"wp:featuredmedia":[{"embeddable":true,"href":"https:\/\/archives.regards.fr\/index.php?rest_route=\/wp\/v2\/media\/27892"}],"wp:attachment":[{"href":"https:\/\/archives.regards.fr\/index.php?rest_route=%2Fwp%2Fv2%2Fmedia&parent=11744"}],"wp:term":[{"taxonomy":"category","embeddable":true,"href":"https:\/\/archives.regards.fr\/index.php?rest_route=%2Fwp%2Fv2%2Fcategories&post=11744"},{"taxonomy":"post_tag","embeddable":true,"href":"https:\/\/archives.regards.fr\/index.php?rest_route=%2Fwp%2Fv2%2Ftags&post=11744"}],"curies":[{"name":"wp","href":"https:\/\/api.w.org\/{rel}","templated":true}]}}