{"id":11742,"date":"2019-09-04T12:33:27","date_gmt":"2019-09-04T10:33:27","guid":{"rendered":"https:\/\/wp.muchomaas.com\/article-fatima-benomar-noustoutes-ce-grenelle-des-violences-conjugales-est-une-perte-de\/"},"modified":"2023-06-23T23:43:05","modified_gmt":"2023-06-23T21:43:05","slug":"article-fatima-benomar-noustoutes-ce-grenelle-des-violences-conjugales-est-une-perte-de","status":"publish","type":"post","link":"https:\/\/archives.regards.fr\/?p=11742","title":{"rendered":"Fatima Benomar (#NousToutes) : \u00ab Ce Grenelle des violences conjugales est une perte de temps \u00bb"},"content":{"rendered":"<p class=\"post_excerpt\">Hier, le Premier ministre et sa ministre des Droits des femmes lan\u00e7aient le Grenelle des violences conjugales. On fait le point sur les mesures annonc\u00e9es avec Fatima Benomar, f\u00e9ministe et co-fondatrice du collectif #NousToutes.<\/p>\n<p><iframe loading=\"lazy\" width=\"490\" height=\"276\" src=\"https:\/\/www.youtube.com\/embed\/bDaLPJ7iiZ0\" frameborder=\"0\" allow=\"accelerometer; autoplay; encrypted-media; gyroscope; picture-in-picture\" allowfullscreen><\/iframe><\/p>\n<p>&nbsp;<\/p>\n<p><h2>VERBATIM<\/h2>\n<p>&nbsp;<\/p>\n<p>\n<em>\u00a0<strong>Sur la d\u00e9finition du f\u00e9minicide<\/em>\u00a0<\/strong><br \/>\n\u00ab On sort de plusieurs g\u00e9n\u00e9rations o\u00f9 on parlait de \u2018crimes passionnels\u2019 : on \u00e9tait dans l\u2019euph\u00e9misation. \u00bb<br \/>\n\u00ab C\u2019est important de parler de ce terrorisme qu\u2019est le f\u00e9minicide. \u00bb<br \/>\n\u00ab En amont du geste fatal, il y a un long chemin de calvaire, de terreur, de femmes qui disent avoir \u00e9t\u00e9 battues et qui expriment un stress post-traumatique. \u00bb<\/p>\n<p><em>\u00a0<strong>Sur le Grenelle des violences conjugales<\/em>\u00a0<\/strong><br \/>\n\u00ab Lors du pr\u00e9c\u00e9dent quinquennat, la ministre des Droits des femmes nous recevait une fois par mois pour nous entendre. On n\u2019a jamais eu \u00e7a sous l\u2019\u00e8re Macron avec Marl\u00e8ne Schiappa. \u00bb<br \/>\n\u00ab \u00c7a fait des ann\u00e9es que les f\u00e9ministes savent tr\u00e8s bien ce qu\u2019elles demandent donc aujourd\u2019hui, quand on nous parle de mettre en place des audits dans les commissariats, il faut que tout le monde sache que \u00e7a existe d\u00e9j\u00e0. \u00bb<br \/>\n\u00ab Ce Grenelle est une perte de temps. \u00bb<\/p>\n<p><em>\u00a0<strong>Sur les annonces du gouvernement<\/em>\u00a0<\/strong><br \/>\n\u00ab Ce qui est un difficile avec ce gouvernement, c\u2019est qu\u2019il nous force \u00e0 marchander. \u00bb<br \/>\n\u00ab Quand on pr\u00e9conise 2.200 places d\u2019h\u00e9bergement d\u2019urgence cr\u00e9\u00e9es en plus, ce n\u2019est pas un chiffre par hasard, c\u2019est un chiffre sur lequel la France est engag\u00e9e &#8211; dans le cadre de la Convention d\u2019Istanbul qui pr\u00e9voit qu\u2019il faut une place d\u2019h\u00e9bergement d\u2019urgence pour 10.000 habitants, ce qui fait 6.700 places en France. Or aujourd\u2019hui, le gouvernement n\u2019en propose que la moiti\u00e9. \u00bb<\/p>\n<p><em>\u00a0<strong>Sur l\u2019arsenal judiciaire<\/em>\u00a0<\/strong><br \/>\n\u00ab Il y a des lois mais il y a surtout une culture de la d\u00e9qualification. \u00bb<br \/>\n\u00ab On demande une vraie formation des agents de police. \u00bb<br \/>\n\u00ab Former les personnels de la police, de sant\u00e9, de justice\u2026 Ca demande un investissement : c\u2019est pour \u00e7a que, quand on demande de l\u2019argent, ce n\u2019est pas juste pour demander de l\u2019argent. \u00bb<br \/>\n\u00ab Il faut bien comprendre l\u2019environnement dans lequel on vit : la plupart des cas sont class\u00e9s sans suite. \u00bb<br \/>\n\u00ab La r\u00e9ponse r\u00e9pressive ne peut pas suffire : il faut miser sur l\u2019\u00e9ducation et la pr\u00e9vention. \u00bb<br \/>\n\u00ab Il y a un travail de suivi psychiatrique pour d\u00e9cortiquer les sch\u00e9mas machistes dans lesquels sont enferm\u00e9s ces hommes. \u00bb<\/p>\n<p><em>\u00a0<strong>Sur les moyens de cette politique<\/em>\u00a0<\/strong><br \/>\n\u00ab La politique, c\u2019est la question du budget : on investit dans quoi et pour quels r\u00e9sultats ? \u00bb<br \/>\n\u00ab Le gouvernement se contente de d\u00e9l\u00e9guer les missions de service public aux associations. \u00bb<br \/>\n\u00ab L\u2019argent, ce n\u2019est pas abstrait : c\u2019est pour former les personnels, aider les associations, mettre en place des campagnes d\u2019information et de sensibilisation p\u00e9rennes. \u00bb<\/p>\n<p><em>\u00a0<strong>Sur la question \u00e9conomique et la pr\u00e9carit\u00e9<\/em>\u00a0<\/strong><br \/>\n\u00ab Les violences \u00e9conomiques sont une r\u00e9alit\u00e9. \u00bb<br \/>\n\u00ab La pr\u00e9occupation majeure des femmes, m\u00eame si elles sont battues et maltrait\u00e9es, c\u2019est de ramener de l\u2019argent pour pouvoir subvenir aux besoins de la petite famille. \u00bb<br \/>\n\u00ab Il faut aussi responsabiliser les employeurs. \u00bb<div id='gallery-1' class='gallery galleryid-11742 gallery-columns-3 gallery-size-thumbnail'><figure class='gallery-item'>\n\t\t\t<div class='gallery-icon landscape'>\n\t\t\t\t<a href='https:\/\/archives.regards.fr\/wp-content\/uploads\/2019\/09\/capture_d_e_cran_2019-09-04_a_12-dd8.17.46.png'><img loading=\"lazy\" decoding=\"async\" width=\"150\" height=\"150\" src=\"https:\/\/archives.regards.fr\/wp-content\/uploads\/2019\/09\/capture_d_e_cran_2019-09-04_a_12-dd8.17.46-150x150.png\" class=\"attachment-thumbnail size-thumbnail\" alt=\"capture_d_e_cran_2019-09-04_a_12.17.46.png\" \/><\/a>\n\t\t\t<\/div><\/figure>\n\t\t<\/div>\n<\/p>\n","protected":false},"excerpt":{"rendered":"<p>Hier, le Premier ministre et sa ministre des Droits des femmes lan\u00e7aient le Grenelle des violences conjugales. On fait le point sur les mesures annonc\u00e9es avec Fatima Benomar, f\u00e9ministe et co-fondatrice du collectif #NousToutes.<\/p>\n","protected":false},"author":1039,"featured_media":27888,"comment_status":"open","ping_status":"open","sticky":false,"template":"","format":"standard","meta":{"_themeisle_gutenberg_block_has_review":false,"footnotes":""},"categories":[238],"tags":[293,306],"class_list":["post-11742","post","type-post","status-publish","format-standard","has-post-thumbnail","hentry","category-la-midinale","tag-entretien","tag-feminisme"],"_links":{"self":[{"href":"https:\/\/archives.regards.fr\/index.php?rest_route=\/wp\/v2\/posts\/11742","targetHints":{"allow":["GET"]}}],"collection":[{"href":"https:\/\/archives.regards.fr\/index.php?rest_route=\/wp\/v2\/posts"}],"about":[{"href":"https:\/\/archives.regards.fr\/index.php?rest_route=\/wp\/v2\/types\/post"}],"author":[{"embeddable":true,"href":"https:\/\/archives.regards.fr\/index.php?rest_route=\/wp\/v2\/users\/1039"}],"replies":[{"embeddable":true,"href":"https:\/\/archives.regards.fr\/index.php?rest_route=%2Fwp%2Fv2%2Fcomments&post=11742"}],"version-history":[{"count":0,"href":"https:\/\/archives.regards.fr\/index.php?rest_route=\/wp\/v2\/posts\/11742\/revisions"}],"wp:featuredmedia":[{"embeddable":true,"href":"https:\/\/archives.regards.fr\/index.php?rest_route=\/wp\/v2\/media\/27888"}],"wp:attachment":[{"href":"https:\/\/archives.regards.fr\/index.php?rest_route=%2Fwp%2Fv2%2Fmedia&parent=11742"}],"wp:term":[{"taxonomy":"category","embeddable":true,"href":"https:\/\/archives.regards.fr\/index.php?rest_route=%2Fwp%2Fv2%2Fcategories&post=11742"},{"taxonomy":"post_tag","embeddable":true,"href":"https:\/\/archives.regards.fr\/index.php?rest_route=%2Fwp%2Fv2%2Ftags&post=11742"}],"curies":[{"name":"wp","href":"https:\/\/api.w.org\/{rel}","templated":true}]}}