{"id":11736,"date":"2019-09-02T12:44:12","date_gmt":"2019-09-02T10:44:12","guid":{"rendered":"https:\/\/wp.muchomaas.com\/article-henri-sterdyniak-l-objectif-du-gouvernement-c-est-de-baisser-les-retraites-de\/"},"modified":"2023-06-23T23:42:57","modified_gmt":"2023-06-23T21:42:57","slug":"article-henri-sterdyniak-l-objectif-du-gouvernement-c-est-de-baisser-les-retraites-de","status":"publish","type":"post","link":"https:\/\/archives.regards.fr\/?p=11736","title":{"rendered":"Henri Sterdyniak : \u00ab L&#8217;objectif du gouvernement, c&#8217;est de baisser les retraites de 20 \u00e0 25% d\u2019ici 2050 \u00bb"},"content":{"rendered":"<p class=\"post_excerpt\">Apr\u00e8s la publication du rapport Delevoye, le gouvernement lance une consultation nationale en vue de sa future r\u00e9forme des retraites. Pour en parler, Henri Sterdyniak, \u00e9conomiste, est l&#8217;invit\u00e9 de la Midinale.<\/p>\n<p><iframe loading=\"lazy\" width=\"490\" height=\"276\" src=\"https:\/\/www.youtube.com\/embed\/VzVHiyPT-N0\" frameborder=\"0\" allow=\"accelerometer; autoplay; encrypted-media; gyroscope; picture-in-picture\" allowfullscreen><\/iframe><\/p>\n<p>&nbsp;<\/p>\n<p><h2>VERBATIM<\/h2>\n<p>&nbsp;<\/p>\n<p>\n<em>\u00a0<strong>Sur le fait que rien serait encore arbitr\u00e9 sur la r\u00e9forme des retraites<\/em>\u00a0<\/strong><br \/>\n\u00ab Le point essentiel de la r\u00e9forme, c\u2019est de passer \u00e0 un syst\u00e8me \u00e0 points, un syst\u00e8me o\u00f9 la valeur du point est d\u00e9cid\u00e9e par le gouvernement, de fa\u00e7on \u00e0 \u00e9quilibrer le syst\u00e8me sans augmenter les taux de cotisation. Et \u00e7a, de toute \u00e9vidence, ce n\u2019est pas n\u00e9gociable. \u00bb<br \/>\n\u00ab L\u2019objectif initial, c\u2019est de r\u00e9duire le poids des retraites publiques dans le PIB. \u00bb<\/p>\n<p><em>\u00a0<strong>Sur la consultation nationale<\/em>\u00a0<\/strong><br \/>\n\u00ab Il y a un principe, celui de la d\u00e9mocratie sociale qui est quand m\u00eame que les retraites comme le ch\u00f4mage sont des salaires diff\u00e9r\u00e9s et socialis\u00e9s qui donnent une l\u00e9gitimit\u00e9 aux syndicats et au patronat pour les g\u00e9rer. \u00bb<br \/>\n\u00ab Ce que fait Macron, ce qu\u2019il a fait pour l\u2019assurance ch\u00f4mage, c\u2019est d\u2019\u00e9tatiser le syst\u00e8me, c\u2019est-\u00e0-dire que le syst\u00e8me sera d\u00e9cid\u00e9 par le gouvernement et les cabinets financiers et non dans le cadre d\u2019une n\u00e9gociation avec le patronat et les syndicats. \u00bb<br \/>\n\u00ab La consultation nationale restera purement fictive. \u00bb<\/p>\n<p><em>\u00a0<strong>Sur l\u2019\u00e2ge effectif de d\u00e9part \u00e0 la retraite<\/em>\u00a0<\/strong><br \/>\n\u00ab Au final, on travaillera plus longtemps. \u00bb<br \/>\n\u00ab Comme beaucoup de jeunes en moyenne commencent \u00e0 cotiser \u00e0 23 ans, \u00e7a veut dire que 23+43 = 66 ans donc la plupart des gens partiront \u00e0 la retraite \u00e0 66 ans. \u00bb<br \/>\n\u00ab L\u2019id\u00e9e de la r\u00e9forme pr\u00e9conis\u00e9e par Delevoye, c\u2019est de brutalement passer \u00e0 44 annuit\u00e9s et progressivement arriver \u00e0 66 ans. \u00bb<br \/>\n\u00ab Depuis 2003, la CFDT est persuad\u00e9e que la dur\u00e9e de cotisation, c\u2019est mieux que l\u2019\u00e2ge. \u00bb<\/p>\n<p><em>\u00a0<strong>Sur la retraite par points<\/em>\u00a0<\/strong><br \/>\n\u00ab Dans le syst\u00e8me actuel, un euro cotis\u00e9 donne plus de droit \u00e0 un bas salaire qu\u2019\u00e0 un haut salaire. \u00bb<br \/>\n\u00ab Le fait qu\u2019un euro cotis\u00e9 doit donner les m\u00eames droits pour tous est contradictoire avec le principe de l\u2019assurance sociale qui est redistributif. \u00bb<br \/>\n\u00ab La retraite par points ne tient pas compte de l\u2019esp\u00e9rance de vie selon la profession : un ouvrier \u00e0 une esp\u00e9rance de vie plus faible qu\u2019un cadre, de 6,5 ann\u00e9es actuellement. \u00bb<br \/>\n\u00ab Le risque, c\u2019est de ne pas tenir compte de l\u2019esp\u00e9rance de vie et des capacit\u00e9s \u00e0 se maintenir dans l\u2019emploi. \u00bb<br \/>\n\u00ab Cette r\u00e9forme a pour premier axe de ne pas augmenter le poids des retraites : \u00e7a veut dire qu\u2019il faut baisser le niveau des retraites de chacun. Et nos classes dirigeantes sont indiff\u00e9rentes \u00e0 la situation des classes populaires\u2026 \u00bb<\/p>\n<p><em>\u00a0<strong>Sur le syst\u00e8me de retraite \u00e0 points propos\u00e9 par le gouvernement<\/em>\u00a0<\/strong><br \/>\n\u00ab Un syst\u00e8me social bien fait, c\u2019est un syst\u00e8me dans lequel on dit aux gens qu\u2019ils auront un certain taux de remplacement qui garantit que, pendant la retraite, ils auront \u00e0 peu pr\u00e8s le m\u00eame niveau de vie que les personnes en activit\u00e9. \u00bb<br \/>\n\u00ab Le syst\u00e8me [propos\u00e9 par le gouvernement] est compl\u00e8tement incompr\u00e9hensible : des points dont le prix d\u2019achat et la valeur sont fix\u00e9s par le gouvernement sans aucune garantie avec, dans le rapport Delevoye, des formulations extr\u00eamement vagues : \u00e0 aucun moment, il n\u2019est \u00e9crit que le pouvoir d\u2019achat des retraites suivra celui des salaires, que le taux de remplacement sera maintenu \u00e0 un certain niveau ou que le prix d\u2019achat des points suivra le salaire. \u00bb<br \/>\n\u00ab L\u2019objectif [de la r\u00e9forme], c\u2019est imposer aux gens de travailler plus longtemps (et tant pis pour ceux qui n\u2019y arrivent pas, ils auront une retraite plus faible) et assurer que les retraites baisseront bien de 20 \u00e0 25% d\u2019ici 2050. \u00bb<\/p>\n<p><em>\u00a0<strong>Que faut-il faire avec nos retraites ?<\/em>\u00a0<\/strong><br \/>\n\u00ab Il faut accepter une certaine hausse des taux de cotisation. \u00bb<br \/>\n\u00ab On vit plus longtemps et certaines personnes voudront travailler plus longtemps et c\u2019est tant mieux mais pour la masse des salari\u00e9s, il faut garantir un taux de remplacement satisfaisant (85% au niveau du SMIC, 75% pour les salaires au niveau du salaire m\u00e9dian) et garantir que l\u2019\u00e2ge de la retraite sera satisfaisant en tenant compte de la profession. \u00bb<br \/>\n\u00ab Il faut dire aux jeunes : vous cotisez un peu plus mais en contrepartie, votre retraite est garantie \u00e0 un niveau satisfaisant. \u00bb<br \/>\n\u00ab Il faut un loi organique disant que le syst\u00e8me [de retraite] est stable et garanti. \u00bb<br \/>\n\u00ab Un grande partie des gens qui partent \u00e0 la retraite plus t\u00f4t, ce sont des gens qui n\u2019ont pas le choix. \u00bb<br \/>\n\u00ab L\u2019objectif, ce doit \u00eatre d\u2019\u00e9tendre les r\u00e9gimes sp\u00e9ciaux aux branches. \u00bb<div id='gallery-1' class='gallery galleryid-11736 gallery-columns-3 gallery-size-thumbnail'><figure class='gallery-item'>\n\t\t\t<div class='gallery-icon landscape'>\n\t\t\t\t<a href='https:\/\/archives.regards.fr\/wp-content\/uploads\/2019\/09\/capture_d_e_cran_2019-09-02_a_12-975.40.20.png'><img loading=\"lazy\" decoding=\"async\" width=\"150\" height=\"150\" src=\"https:\/\/archives.regards.fr\/wp-content\/uploads\/2019\/09\/capture_d_e_cran_2019-09-02_a_12-975.40.20-150x150.png\" class=\"attachment-thumbnail size-thumbnail\" alt=\"capture_d_e_cran_2019-09-02_a_12.40.20.png\" \/><\/a>\n\t\t\t<\/div><\/figure>\n\t\t<\/div>\n<\/p>\n","protected":false},"excerpt":{"rendered":"<p>Apr\u00e8s la publication du rapport Delevoye, le gouvernement lance une consultation nationale en vue de sa future r\u00e9forme des retraites. Pour en parler, Henri Sterdyniak, \u00e9conomiste, est l&#8217;invit\u00e9 de la Midinale.<\/p>\n","protected":false},"author":1039,"featured_media":27872,"comment_status":"open","ping_status":"open","sticky":false,"template":"","format":"standard","meta":{"_themeisle_gutenberg_block_has_review":false,"footnotes":""},"categories":[238],"tags":[293],"class_list":["post-11736","post","type-post","status-publish","format-standard","has-post-thumbnail","hentry","category-la-midinale","tag-entretien"],"_links":{"self":[{"href":"https:\/\/archives.regards.fr\/index.php?rest_route=\/wp\/v2\/posts\/11736","targetHints":{"allow":["GET"]}}],"collection":[{"href":"https:\/\/archives.regards.fr\/index.php?rest_route=\/wp\/v2\/posts"}],"about":[{"href":"https:\/\/archives.regards.fr\/index.php?rest_route=\/wp\/v2\/types\/post"}],"author":[{"embeddable":true,"href":"https:\/\/archives.regards.fr\/index.php?rest_route=\/wp\/v2\/users\/1039"}],"replies":[{"embeddable":true,"href":"https:\/\/archives.regards.fr\/index.php?rest_route=%2Fwp%2Fv2%2Fcomments&post=11736"}],"version-history":[{"count":0,"href":"https:\/\/archives.regards.fr\/index.php?rest_route=\/wp\/v2\/posts\/11736\/revisions"}],"wp:featuredmedia":[{"embeddable":true,"href":"https:\/\/archives.regards.fr\/index.php?rest_route=\/wp\/v2\/media\/27872"}],"wp:attachment":[{"href":"https:\/\/archives.regards.fr\/index.php?rest_route=%2Fwp%2Fv2%2Fmedia&parent=11736"}],"wp:term":[{"taxonomy":"category","embeddable":true,"href":"https:\/\/archives.regards.fr\/index.php?rest_route=%2Fwp%2Fv2%2Fcategories&post=11736"},{"taxonomy":"post_tag","embeddable":true,"href":"https:\/\/archives.regards.fr\/index.php?rest_route=%2Fwp%2Fv2%2Ftags&post=11736"}],"curies":[{"name":"wp","href":"https:\/\/api.w.org\/{rel}","templated":true}]}}