{"id":11722,"date":"2019-07-19T11:55:00","date_gmt":"2019-07-19T09:55:00","guid":{"rendered":"https:\/\/wp.muchomaas.com\/article-face-au-g7-resistances-et-alternatives\/"},"modified":"2023-06-23T23:42:48","modified_gmt":"2023-06-23T21:42:48","slug":"article-face-au-g7-resistances-et-alternatives","status":"publish","type":"post","link":"https:\/\/archives.regards.fr\/?p=11722","title":{"rendered":"TRIBUNE. Face au G7 : r\u00e9sistances et alternatives !"},"content":{"rendered":"<p class=\"post_excerpt\">A Biarritz, du 24 au 26 ao\u00fbt, Emmanuel Macron accueille les grands de ce monde pour le sommet du G7. A cette occasion, <em>Regards<\/em> s&#8217;associe \u00e0 la publication de cette tribune pour appeler \u00e0 la mobilisation dans le cadre du Contre-G7 et d\u00e9noncer la r\u00e9quisition du CRA d&#8217;Hendaye pour en faire un centre de d\u00e9tention provisoire pendant le G7.<\/p>\n<p>Il est loin, le temps o\u00f9 les pays les plus riches, G7 ou G8, pouvaient dicter la marche du monde. Alors \u00e0 quoi sert cette grande rencontre de sept chefs des Etats parmi les plus riches, qu\u2019Emmanuel Macron s\u2019appr\u00eate \u00e0 accueillir du 24 au 26 ao\u00fbt \u00e0 Biarritz ? Pourquoi tenir ce G7, qui semble relever d\u2019un autre temps, \u00e0 l\u2019heure du bilat\u00e9ralisme triomphant ? Derri\u00e8re son charme surann\u00e9, le G7 est une arme de s\u00e9duction massive pour imposer id\u00e9ologiquement un capitalisme de plus en plus brutal.<\/p>\n<p>C\u2019est d\u2019abord une grande vitrine du capitalisme financier. Nul doute que sera mise en sc\u00e8ne la confrontation entre deux versions de ce capitalisme. La premi\u00e8re, celle de Mme Merkel, M. Trudeau ou M. Macron, sera pr\u00e9sent\u00e9e comme vertueuse, ouverte sur le monde, louant les vertus de la mondialisation n\u00e9olib\u00e9rale. La seconde, celle de M. Trump ou M. Salvini, sera, du moins en France, pr\u00e9sent\u00e9e comme protectionniste, populiste, x\u00e9nophobe et imp\u00e9rialiste. Les premiers seront pr\u00e9sent\u00e9s comme les remparts contre les seconds. Et on passera sous silence le fait que les premiers ont nourri l\u2019ascension des seconds et que tous s\u2019accordent sur l\u2019essentiel : perp\u00e9tuer un syst\u00e8me au service des plus riches et des multinationales, se nourrissant de l\u2019exploitation du travail et du vivant.<\/p>\n<p>De grands engagements seront pris, comme lors de tous les G5, G6, G7 ou G8 depuis 1975 : mettre fin \u00e0 la pauvret\u00e9, assurer la s\u00e9curit\u00e9 alimentaire ou encore r\u00e9duire drastiquement les \u00e9missions de gaz \u00e0 effet de serre. Autant d\u2019engagements pour laisser penser que le syst\u00e8me actuel doit nous rendre plein d\u2019espoirs. Autant d\u2019engagements qui n\u2019ont jamais \u00e9t\u00e9 atteints, bien au contraire. Ainsi, selon la Banque mondiale, plus de 700 millions de personnes, soit 10% de la population mondiale, vivent avec moins de 1,9 dollar par jour. Et ce nombre repart \u00e0 la hausse dans de grandes r\u00e9gions du monde, tandis que les personnes qui souffrent de la faim sont de plus en plus nombreuses. Les in\u00e9galit\u00e9s augmentent dans presque tous les pays depuis une quarantaine d\u2019ann\u00e9es, dont les pays du G7[[D\u2019apr\u00e8s le rapport d\u2019un groupe international de chercheurs, World Wealth and Income Database]]. Les \u00e9missions de gaz \u00e0 effet de serre repartent \u00e0 la hausse dans le monde, notamment dans des pays du G7, quand il faudrait les r\u00e9duire drastiquement pour esp\u00e9rer contenir le r\u00e9chauffement climatique \u00e0 1,5\u00b0C. Pauvret\u00e9 et changement climatique poussent alors des millions de personnes \u00e0 tenter de migrer vers les pays dits riches, pour se fracasser contre les murs \u00e9rig\u00e9s et voir leurs droits pi\u00e9tin\u00e9s.<\/p>\n<p>Malgr\u00e9 l\u2019\u00e9chec d\u00e9sastreux de ces politiques, le G7 n\u2019a aucun probl\u00e8me cette ann\u00e9e pour brandir un nouvel objectif : la lutte contre les in\u00e9galit\u00e9s. La pr\u00e9sidence fran\u00e7aise promet ni plus ni moins que le G7 va <em>\u00ab rendre le capitalisme plus juste \u00bb<\/em>, aller <em>\u00ab vers la r\u00e9duction des in\u00e9galit\u00e9s et la justice fiscale \u00bb<\/em> et m\u00eame <em>\u00ab mettre fin \u00e0 l&#8217;\u00e9vasion fiscale \u00bb<\/em>. C&#8217;est pourtant tout l&#8217;inverse de la politique men\u00e9e par E. Macron, qui a men\u00e9 une exceptionnelle redistribution fiscale vers les ultra-riches. Un pr\u00e9sident qui pense qu\u2019<em>\u00ab on met un pognon de dingue dans les minimas sociaux \u00bb<\/em> et qui s\u2019attelle \u00e0 affaiblir m\u00e9thodiquement la protection sociale, les services publics et le droit du travail.<\/p>\n<p>Ce syst\u00e8me de plus en plus injuste et destructeur du vivant ne peut \u00eatre poursuivi qu\u2019en faisant taire les voix qui s\u2019\u00e9l\u00e8vent contre lui. Raison pour laquelle les chefs d\u2019Etat du G7 associent au capitalisme financier des politiques de r\u00e9pression de plus en plus brutales et autoritaires, qui se sont traduites en France par des violences polici\u00e8res contre les gilets jaunes poussant les Nations unies \u00e0 demander une enqu\u00eate approfondie. Face aux sept chefs d\u2019Etat r\u00e9unis au G7 et \u00e0 la suite des contre-sommets qui ont forg\u00e9 le mouvement altermondialiste, de nombreuses associations, syndicats et citoyen\u00b7ne\u00b7s ont d\u00e9cid\u00e9 de ne pas se taire. Ils veulent \u00e9teindre l\u2019incendie de la plan\u00e8te perp\u00e9tr\u00e9 par ces politiques, dissimul\u00e9 par un \u00e9cran de fum\u00e9e de beaux discours. Ils ont d\u00e9cid\u00e9 de d\u00e9fendre un autre monde, plus juste et d\u00e9sirable et d\u2019exiger une coop\u00e9ration multilat\u00e9rale entre pays, fond\u00e9e sur la solidarit\u00e9 entre les peuples et une r\u00e9ponse \u00e0 l\u2019urgence \u00e9cologique. Ils se mobiliseront contre le G7, de fa\u00e7on pacifique mais d\u00e9termin\u00e9e.<\/p>\n<p>Ce contre-G7 se tiendra du 19 au 26 ao\u00fbt \u00e0 Hendaye, ville avec laquelle un long dialogue a \u00e9t\u00e9 instaur\u00e9 pour que tout se passe au mieux. Mais plusieurs d\u00e9cisions du gouvernement laissent penser que celui-ci s\u2019appr\u00eate \u00e0 nourrir les tensions. Ainsi, \u00e0 quelques centaines de m\u00e8tres des lieux du contre-sommet, le Centre de r\u00e9tention administrative (CRA) d\u2019Hendaye, symbole de la r\u00e9pression de l&#8217;Etat fran\u00e7ais contre les migrants, qui devrait \u00eatre ferm\u00e9 tout l\u2019\u00e9t\u00e9 sera en fait transform\u00e9 en centre de d\u00e9tention pour les personnes arr\u00eat\u00e9es dans le cadre du G7. Nous d\u00e9non\u00e7ons un pi\u00e8ge tendu par l\u2019Etat, qui risque de transformer Hendaye en point de fixation, bien loin de l\u2019ambiance feutr\u00e9e qui r\u00e9gnera lors des r\u00e9ceptions du G7 \u00e0 l&#8217;H\u00f4tel du Palais \u00e0 Biarritz. Le CRA doit \u00eatre ferm\u00e9, comme c\u2019\u00e9tait initialement pr\u00e9vu. Si tel n\u2019\u00e9tait pas le cas, le gouvernement porterait la responsabilit\u00e9 de ce qui appara\u00eetra n\u00e9cessairement comme une provocation vis-\u00e0-vis des participant.es qui seront l\u00e0 pour montrer que des alternatives existent face aux repr\u00e9sentant.es des pays les plus riches.<div id='gallery-1' class='gallery galleryid-11722 gallery-columns-3 gallery-size-thumbnail'><figure class='gallery-item'>\n\t\t\t<div class='gallery-icon landscape'>\n\t\t\t\t<a href='https:\/\/archives.regards.fr\/wp-content\/uploads\/2019\/07\/cc_headquarters_paris-af8-scaled.jpg'><img loading=\"lazy\" decoding=\"async\" width=\"150\" height=\"150\" src=\"https:\/\/archives.regards.fr\/wp-content\/uploads\/2019\/07\/cc_headquarters_paris-af8-150x150.jpg\" class=\"attachment-thumbnail size-thumbnail\" alt=\"cc_headquarters_paris.jpg\" \/><\/a>\n\t\t\t<\/div><\/figure>\n\t\t<\/div>\n<\/p>\n","protected":false},"excerpt":{"rendered":"<p>A Biarritz, du 24 au 26 ao\u00fbt, Emmanuel Macron accueille les grands de ce monde pour le sommet du G7. A cette occasion, <em>Regards<\/em> s&#8217;associe \u00e0 la publication de cette tribune pour appeler \u00e0 la mobilisation dans le cadre du Contre-G7 et d\u00e9noncer la r\u00e9quisition du CRA d&#8217;Hendaye pour en faire un centre de d\u00e9tention provisoire pendant le G7.<\/p>\n","protected":false},"author":666,"featured_media":27843,"comment_status":"open","ping_status":"open","sticky":false,"template":"","format":"standard","meta":{"_themeisle_gutenberg_block_has_review":false,"footnotes":""},"categories":[278],"tags":[],"class_list":["post-11722","post","type-post","status-publish","format-standard","has-post-thumbnail","hentry","category-tribunes"],"_links":{"self":[{"href":"https:\/\/archives.regards.fr\/index.php?rest_route=\/wp\/v2\/posts\/11722","targetHints":{"allow":["GET"]}}],"collection":[{"href":"https:\/\/archives.regards.fr\/index.php?rest_route=\/wp\/v2\/posts"}],"about":[{"href":"https:\/\/archives.regards.fr\/index.php?rest_route=\/wp\/v2\/types\/post"}],"author":[{"embeddable":true,"href":"https:\/\/archives.regards.fr\/index.php?rest_route=\/wp\/v2\/users\/666"}],"replies":[{"embeddable":true,"href":"https:\/\/archives.regards.fr\/index.php?rest_route=%2Fwp%2Fv2%2Fcomments&post=11722"}],"version-history":[{"count":0,"href":"https:\/\/archives.regards.fr\/index.php?rest_route=\/wp\/v2\/posts\/11722\/revisions"}],"wp:featuredmedia":[{"embeddable":true,"href":"https:\/\/archives.regards.fr\/index.php?rest_route=\/wp\/v2\/media\/27843"}],"wp:attachment":[{"href":"https:\/\/archives.regards.fr\/index.php?rest_route=%2Fwp%2Fv2%2Fmedia&parent=11722"}],"wp:term":[{"taxonomy":"category","embeddable":true,"href":"https:\/\/archives.regards.fr\/index.php?rest_route=%2Fwp%2Fv2%2Fcategories&post=11722"},{"taxonomy":"post_tag","embeddable":true,"href":"https:\/\/archives.regards.fr\/index.php?rest_route=%2Fwp%2Fv2%2Ftags&post=11722"}],"curies":[{"name":"wp","href":"https:\/\/api.w.org\/{rel}","templated":true}]}}