{"id":11707,"date":"2019-07-11T08:12:00","date_gmt":"2019-07-11T06:12:00","guid":{"rendered":"https:\/\/wp.muchomaas.com\/article-on-a-cru-que-francois-de-rugy-allait-se-faire-virer-mais-il-doit-juste-payer\/"},"modified":"2019-07-11T08:12:00","modified_gmt":"2019-07-11T06:12:00","slug":"article-on-a-cru-que-francois-de-rugy-allait-se-faire-virer-mais-il-doit-juste-payer","status":"publish","type":"post","link":"https:\/\/archives.regards.fr\/?p=11707","title":{"rendered":"S\u00e9v\u00e8re punition pour Fran\u00e7ois de Rugy : payer son homard"},"content":{"rendered":"<p class=\"post_excerpt\">Mercredi : Mediapart publie deux articles. Jeudi : la directrice de cabinet se fait virer et Fran\u00e7ois de Rugy&#8230; non ! Il va juste falloir rembourser les homards.<\/p>\n<p>Quarante-huit heures depuis le d\u00e9but <em>\u00ab des affaires \u00bb<\/em>, le gouvernement fait  semblant d&#8217;agir : le ministre de la Transition \u00e9cologique et solidaire, Fran\u00e7ois de Rugy, s&#8217;est engag\u00e9 \u00e0 rembourser chaque euro contest\u00e9 apr\u00e8s que <a href=\"https:\/\/www.mediapart.fr\/journal\/france\/100719\/la-vie-de-chateau-sur-fonds-publics-des-epoux-de-rugy?onglet=full\">Mediapart a r\u00e9v\u00e9l\u00e9 ses d\u00e9penses fastueuses<\/a> pour des d\u00eeners aux frais du contribuable. Et le journal en ligne d\u2019en rajouter une couche : 65.000 euros de r\u00e9novation inutile de l\u2019h\u00f4tel particulier abritant le minist\u00e8re \u2013 dont 17.000 pour un dressing&#8230; Bah oui, les costards \u00e0 la Macron, c\u2019est pas de la gnognotte comme ceux de Fillon, il faut les chouchouter !<\/p>\n<p>&nbsp;<\/p>\n<p>\n<strong>LIRE AUSSI SUR REGARDS.FR<br \/>\n>><\/strong> <em><a href=\"https:\/\/wp.muchomaas.com\/politique\/article\/un-an-en-macronie-trois-mises-en-examen-sept-enquetes-en-cours-et-deux-affaires\">Un an en Macronie : quatre mises en examen, huit enqu\u00eates en cours et deux affaires class\u00e9es sans suite<\/a><\/em><\/p>\n<p>&nbsp;<\/p>\n<p>Les patrons de l\u2019ex\u00e9cutif n&#8217;ont donc pas d\u00e9cid\u00e9 de retirer l\u2019abc\u00e8s avant que celui-ci ne leur p\u00e8te au visage, et n&#8217;ont donc pas choisi de se s\u00e9parer de l\u2019ancien membre d\u2019EELV, premier tra\u00eetre de la primaire socialiste de 2017, bref, un tartufe qui, disons-le franchement, est un boulet aux pieds du gouvernement dont on se demande jusqu\u2019\u00e0 quand il va durer. C&#8217;est quand m\u00eame lui qui a quitt\u00e9 le poste de quatri\u00e8me personnage de l&#8217;Etat (pr\u00e9sident de l&#8217;Assembl\u00e9e) pour devenir ministre. Du jamais vu !<\/p>\n<p>A ce stade, c&#8217;est quoi le bilan de Rugy en tant que ministre ? Il continue de soutenir avec une fermet\u00e9 tr\u00e8s macronienne des projets inutiles et compl\u00e8tement anti-\u00e9cologiques comme le projet d\u2019autoroute dit \u00ab Grand Contournement Ouest \u00bb de Strasbourg, le centre commercial g\u00e9ant d\u2019Europa City, le Charles-de-Gaulle-Express entre La D\u00e9fense et Roissy. Il a continu\u00e9 d\u2019affaiblir le droit de l\u2019environnement et de permettre le b\u00e9tonnage partout o\u00f9 il peut. Quant \u00e0 la lutte contre le d\u00e9r\u00e8glement climatique, rien de tr\u00e8s concret, jusqu\u2019\u00e0 la taxe carbone, par exemple, qui a \u00e9t\u00e9 utilis\u00e9e pour financer le CICE\u2026 En un mot comme en cent, Fran\u00e7ois de Rugy est tout sauf un bon ministre de la Transition \u00e9cologique et solidaire. Mais il n\u2019y a pas que \u00e7a.<\/p>\n<h2>L&#8217;arriviste se prend un mur<\/h2>\n<p>Il y a aussi tout cet ethos de classe, de dominant, qui fait compl\u00e8tement oublier \u00e0 ce gouvernement les r\u00e9alit\u00e9s les plus simples d\u2019une grande partie de la population. Manger du homard, s\u2019enfiler des grands crus et ne pas voir le probl\u00e8me, assumer comme ils disent, consid\u00e9rer qu\u2019il s\u2019agit de frais de bouche obligatoires parce que la repr\u00e9sentation, c\u2019est important : il est fait de tout \u00e7a, le foss\u00e9 qui s\u00e9pare une certaine \u00e9lite du reste de la population. <\/p>\n<p>Mais il ne faut pas croire que couper l\u2019une des t\u00eates de l\u2019hydre va changer quoique ce soit au probl\u00e8me : imm\u00e9diatement une nouvelle va pousser et il n\u2019y a absolument aucune raison qu\u2019elle soit diff\u00e9rente. C\u2019est d\u2019ailleurs tout le probl\u00e8me des critiques <em>ad hominem<\/em> qui sont si faciles (quoique n\u00e9cessaires !) \u00e0 l\u2019encontre de ce gouvernement : arriver \u00e0 faire virer les uns ou les autres ne changera rien \u00e0 la catastrophe syst\u00e9mique \u00e0 laquelle nous faisons face. Fran\u00e7ois de Rugy est le sympt\u00f4me dramatique d&#8217;une maladie dont les fondements et les causes sont bien plus profonds que sa seule petite personne, la part \u00e9merg\u00e9e d\u2019un iceberg qui continue sa d\u00e9rive.<\/p>\n<p>Et l&#8217;ex\u00e9cutif de croire que la demande de remboursement des frais de bouche et l&#8217;enqu\u00eate sur le logement vont calmer les accusateurs ? Le pire, c&#8217;est qu&#8217;en surface, cela va peut-\u00eatre \u00eatre le cas. Mais au fond, la d\u00e9fiance envers les hi\u00e9rarques qui nous gouvernent ne fait que cro\u00eetre. Et ce qu&#8217;ils croient \u00eatre de simples petites erreurs de parcours deviennent, au fur \u00e0 mesure que l&#8217;on s&#8217;enfonce dans le si\u00e8cle, autant de pierres \u00e0 l&#8217;\u00e9difice de l&#8217;arriv\u00e9e au pouvoir du fascisme.<\/p>\n<p>&nbsp;<\/p>\n<p>\n<a href=\"https:\/\/wp.muchomaas.com\/auteur\/pablo-pillaud-vivien-2445\"><strong>Pablo Pillaud-Vivien<\/strong><\/a> et <a href=\"https:\/\/wp.muchomaas.com\/auteur\/loic-le-clerc\"><strong>Lo\u00efc Le Clerc<\/strong><\/a><\/p>\n","protected":false},"excerpt":{"rendered":"<p>Mercredi : Mediapart publie deux articles. Jeudi : la directrice de cabinet se fait virer et Fran\u00e7ois de Rugy&#8230; non ! Il va juste falloir rembourser les homards.<\/p>\n","protected":false},"author":1203,"featured_media":0,"comment_status":"open","ping_status":"open","sticky":false,"template":"","format":"standard","meta":{"_themeisle_gutenberg_block_has_review":false,"footnotes":""},"categories":[6],"tags":[505],"class_list":["post-11707","post","type-post","status-publish","format-standard","hentry","category-actu","tag-macronie"],"_links":{"self":[{"href":"https:\/\/archives.regards.fr\/index.php?rest_route=\/wp\/v2\/posts\/11707","targetHints":{"allow":["GET"]}}],"collection":[{"href":"https:\/\/archives.regards.fr\/index.php?rest_route=\/wp\/v2\/posts"}],"about":[{"href":"https:\/\/archives.regards.fr\/index.php?rest_route=\/wp\/v2\/types\/post"}],"author":[{"embeddable":true,"href":"https:\/\/archives.regards.fr\/index.php?rest_route=\/wp\/v2\/users\/1203"}],"replies":[{"embeddable":true,"href":"https:\/\/archives.regards.fr\/index.php?rest_route=%2Fwp%2Fv2%2Fcomments&post=11707"}],"version-history":[{"count":0,"href":"https:\/\/archives.regards.fr\/index.php?rest_route=\/wp\/v2\/posts\/11707\/revisions"}],"wp:attachment":[{"href":"https:\/\/archives.regards.fr\/index.php?rest_route=%2Fwp%2Fv2%2Fmedia&parent=11707"}],"wp:term":[{"taxonomy":"category","embeddable":true,"href":"https:\/\/archives.regards.fr\/index.php?rest_route=%2Fwp%2Fv2%2Fcategories&post=11707"},{"taxonomy":"post_tag","embeddable":true,"href":"https:\/\/archives.regards.fr\/index.php?rest_route=%2Fwp%2Fv2%2Ftags&post=11707"}],"curies":[{"name":"wp","href":"https:\/\/api.w.org\/{rel}","templated":true}]}}