{"id":11699,"date":"2019-07-11T09:18:00","date_gmt":"2019-07-11T07:18:00","guid":{"rendered":"https:\/\/wp.muchomaas.com\/article-emmanuel-macron-genie-de-l-auto-publicite\/"},"modified":"2023-06-23T23:42:33","modified_gmt":"2023-06-23T21:42:33","slug":"article-emmanuel-macron-genie-de-l-auto-publicite","status":"publish","type":"post","link":"https:\/\/archives.regards.fr\/?p=11699","title":{"rendered":"Emmanuel Macron, ce g\u00e9nie de l\u2019auto-publicit\u00e9"},"content":{"rendered":"<p class=\"post_excerpt\">Macron champion de l&#8217;\u00e9cologie, Macron champion de la d\u00e9mocratie, Macron l&#8217;anti-capitaliste ou encore Macron le rempart au fascisme&#8230; C&#8217;est fou tout ce qu&#8217;est Macron (dans sa t\u00eate) quand il quitte l\u2019hexagone !<\/p>\n<p>On savait d\u00e9j\u00e0 que la flagornerie en version XXL est une marque de fabrique d\u00e9pos\u00e9e et certifi\u00e9e de ce quinquennat. Il y eut d\u2019abord, en toute modestie, l\u2019autoproclam\u00e9 <em>\u00ab pouvoir jupit\u00e9rien \u00bb<\/em> \u00e9nonc\u00e9 par le Pr\u00e9sident lui-m\u00eame, on est jamais aussi bien servi que par soi-m\u00eame. L&#8217;enjeu ? Affirmer <em>urbi et orbi<\/em> que d\u00e9sormais le pouvoir aurait de la hauteur, fini les petites phrases, et qu&#8217;on allait voir ce qu\u2019on allait voir ! Loin des cimes de l\u2019Olympe, le pr\u00e9sident a pourtant assez vite ramp\u00e9 dans la boue des affaires. Du <a href=\"https:\/\/wp.muchomaas.com\/mot\/affaire-benalla\">feuilleton Benalla\/Crase<\/a>, en passant par les nominations cl\u00e9s dans l\u2019appareil judiciaire notamment au Parquet National Financier, les grandes envol\u00e9es ont fini en rase-motte.<\/p>\n<p>&nbsp;<\/p>\n<p>\n<strong>LIRE AUSSI SUR REGARDS.FR<br \/>\n>><\/strong> <em><a href=\"https:\/\/wp.muchomaas.com\/politique\/article\/emmanuel-macron-est-il-un-danger-pour-la-republique-ep-2\">Emmanuel Macron est-il un danger pour la R\u00e9publique ? \u00c9pisode 2 : la justice<\/a><\/em><\/p>\n<p>&nbsp;<\/p>\n<p>Mais Jupiter, pour un tel phare de la pens\u00e9e, c\u2019\u00e9tait presque mesquin, il ne pouvait pas se contenter des cieux. Qu\u2019\u00e0 cela ne tienne, le voil\u00e0, en plus, compar\u00e9 \u00e0 Atlas le Dieu qui supporte la vo\u00fbte terrestre dans la mythologie grecque. L\u2019auteure de cette perle ? La premi\u00e8re dame elle-m\u00eame&#8230; Pour que le tableau soit complet, il faudrait extraire quelques fines sorties de Marl\u00e8ne Schiappa v\u00e9ritable D\u00e9roul\u00e8de de la brosse \u00e0 reluire. On \u00e9pargnera ici le lecteur.<\/p>\n<p>Ce dieu de tous les dieux qui nous tient lieu de pr\u00e9sident de la R\u00e9publique, qui illumine le monde entier de sa seule pr\u00e9sence, renvoyant R\u00e2 \u00e0 la p\u00e2leur d\u2019un n\u00e9on blafard et fatigu\u00e9, se devait de faire quelques miracles dans une presse souvent complaisante. Car Emmanuel Macron \u2013 que la seule \u00e9vocation de ce nom me porte chance pour huit g\u00e9n\u00e9rations ! \u2013, c\u2019est un chevalier du Bien plan\u00e9taire.<\/p>\n<h2>Great again, green never<\/h2>\n<p><a href=\"https:\/\/wp.muchomaas.com\/societe\/article\/macron-est-il-sourd-a-l-urgence-ecologique-ou-s-en-moque-t-il-eperdument\"><em>\u00ab Make our planet great again \u00bb<\/em><\/a>, tels sont les propos qu\u2019avaient tenus Emmanuel Macron \u00e0 peine \u00e9lu, pour d\u00e9noncer la volont\u00e9 de Donald Trump de sortir des accords de Paris. Jamais en reste d\u00e8s lors qu\u2019il faut attirer les projecteurs sur lui, le pr\u00e9sident a en revanche quelques soucis de concr\u00e9tisations en ce qui concerne le volet \u00e9cologiste de sa politique. Il est incontestable que son ministre de l&#8217;\u00c9cologie \u00e9tudie avec beaucoup d\u2019attention la biodiversit\u00e9 des crustac\u00e9s de grande taille. C\u2019est un fait. Mais pour le reste, au-del\u00e0 des le\u00e7ons donn\u00e9es \u00e0 la terre enti\u00e8re, la France est \u00e0 la tra\u00eene, incapable de respecter les engagements pourtant modestes qu\u2019elle s\u2019est elle-m\u00eame fix\u00e9e (<a href=\"http:\/\/www.lefigaro.fr\/sciences\/2018\/09\/13\/01008-20180913ARTFIG00175-climat-la-france-ne-respecte-toujours-pas-ses-engagements.php\">ici par exemple<\/a>).<\/p>\n<p>Pour appr\u00e9cier la politique \u00e9cologiste d\u2019Emmanuel Macron, le mieux est encore de rappeler <a href=\"https:\/\/www.actu-environnement.com\/ae\/news\/demission-Hulot-gouvernement-environnement-ecologie-31892.php4\">les propos de Nicolas Hulot<\/a> pour justifier son d\u00e9part du gouvernement :<\/p>\n<blockquote><p>\u00ab Est-ce que nous avons commenc\u00e9 \u00e0 r\u00e9duire nos \u00e9missions de gaz \u00e0 effet de serre ? La r\u00e9ponse est non. Est-ce que nous avons commenc\u00e9 \u00e0 r\u00e9duire l&#8217;utilisation des pesticides ? La r\u00e9ponse est non. Est ce que nous avons commenc\u00e9 \u00e0 enrayer l&#8217;\u00e9rosion de la biodiversit\u00e9 ? La r\u00e9ponse est non. Est-ce que nous avons commenc\u00e9 \u00e0 se mettre en situation d&#8217;arr\u00eater l&#8217;artificialisation des sols ? La r\u00e9ponse est non. Par contre, on s&#8217;\u00e9vertue \u00e0 entretenir et r\u00e9animer un mod\u00e8le \u00e9conomique marchand qui est la cause de tous ces d\u00e9sordres. \u00bb<\/p><\/blockquote>\n<h2>Macron bienfaiteur de l\u2019humanit\u00e9<\/h2>\n<p>Au cours de la campagne des europ\u00e9ennes, Emmanuel Macron s\u2019est \u00e9rig\u00e9 en rempart contre l\u2019extr\u00eame droite. Inutile de barguigner, notre Pr\u00e9sident est un progressiste. La preuve ? C\u2019est qu\u2019il le dit ! Certes le choix d\u2019une t\u00eate de liste issue elle-m\u00eame de l\u2019extr\u00eame droite aurait pu d\u00e9contenancer. Le savoureux lapsus de Nathalie Loiseau chez Jean-Pierre Elkabbach restera un must de cette campagne : <em>\u00ab Si j\u2019avais voulu rester \u00e0 l\u2019extr\u00eame droite\u2026 \u00bb<\/em> (<a href=\"https:\/\/www.nouvelobs.com\/politique\/20190424.OBS12038\/tribune-l-honneur-perdu-de-nathalie-loiseau.html\">\u00e0 voir et \u00e0 revoir l\u00e0<\/a>).<\/p>\n<p>Mais il le dit et redit, le locataire de l\u2019Elys\u00e9e est un adversaire implacable des nationalistes \u00e0 la sauce Salvini. Il faut dire que le couple form\u00e9 par le ministre de l\u2019Int\u00e9rieur italien et le Pr\u00e9sident fran\u00e7ais fonctionne \u00e0 merveille : aussi utile \u00e0 l\u2019un qu\u2019\u00e0 l\u2019autre. Que le premier nous d\u00e9livre une sortie immonde sur les migrants et le second arrive la main sur le c\u0153ur pour fustiger les ravages du nationalisme. De l\u00e0 \u00e0 accueillir des migrants faudrait pas exag\u00e9rer non plus ! D\u2019ailleurs, lorsque Carola Rackete, la capitaine du navire humanitaire Sea Watch 3, a demand\u00e9 \u00e0 accoster \u00e0 Marseille (<a href=\"https:\/\/www.bfmtv.com\/international\/migrants-la-capitaine-du-sea-watch-assure-avoir-demande-a-la-france-d-accoster-a-marseille-en-vain-1727608.html\">c&#8217;est ici<\/a>), les autorit\u00e9s fran\u00e7aises se sont bien gard\u00e9es de r\u00e9pondre. En somme la vraie diff\u00e9rence en Salvini et Macron, c\u2019est l\u2019hypocrisie du second.<\/p>\n<h2>L\u00e9nine de l\u2019Elys\u00e9e<\/h2>\n<p>Non content de trouver du travail en traversant la rue \u2013 c\u2019est dire si les millions de ch\u00f4meurs sont d\u2019une crasse fain\u00e9antise, \u00e0 moins qu\u2019ils ne veuillent juste nuire au grand homme \u2013 nous venons d\u2019apprendre qu\u2019il allait affronter les in\u00e9galit\u00e9s dans le monde. Ainsi lors des comm\u00e9morations \u00e0 Gen\u00e8ve des 100 ans de l\u2019OIT (Organisation Internationale du Travail), il a d\u00e9nonc\u00e9 tel un L\u00e9nine glabre : <em>\u00ab Quelque chose ne fonctionne plus dans ce capitalisme qui profite de plus en plus \u00e0 quelques-uns. Je ne veux plus que nous consid\u00e9rions que le sujet d\u2019ajustement \u00e9conomique et de la dette pr\u00e9vaut sur les droits sociaux. \u00bb<\/em><\/p>\n<p>Frapp\u00e9 par l\u2019audace de son discours, ou plut\u00f4t de l\u2019ampleur de son double langage, il s\u2019est d\u00e9fendu d\u2019\u00eatre un <em>\u00ab crypto-marxiste \u00bb<\/em>. L\u00e0, reconnaissons tout de m\u00eame que le doute ne s\u2019\u00e9tait gu\u00e8re immisc\u00e9. Certes un esprit chagrin et suspicieux pourrait s\u2019\u00e9tonner d\u2019une telle sortie. Apr\u00e8s tout pourquoi vouloir diminuer les in\u00e9galit\u00e9s dans le monde, l\u00e0 o\u00f9 il a si peu de pouvoir, et faire strictement l\u2019inverse en France en menant une politique de d\u00e9r\u00e9gulation sociale, de restrictions budg\u00e9taires pour la grande majorit\u00e9 des Fran\u00e7ais et une politique de c\u00e2linoth\u00e9rapie fiscale pour les plus riches. Mais l\u2019important pour la macronie, c\u2019est l\u2019effet d\u2019affichage et s\u2019il y a des m\u00e9dias complaisants pour relayer, c\u2019est tout bonus.<\/p>\n<p>Emmanuel Macron s\u2019aime, c\u2019en est presque d\u00e9goulinant, et aime qu\u2019on lui exprime des d\u00e9bordements d\u2019enthousiasme, quasi de d\u00e9votions. Ajoutons qu\u2019il fait des \u00e9mules et que dans le bal des pr\u00e9tentieux qui occupent les \u00e9crans, rien ne nous sera \u00e9pargn\u00e9. On se rappellera le patron des d\u00e9put\u00e9s LREM, Gilles Le Gendre, reconna\u00eetre une erreur dans la crise des gilets jaune : le fait d&#8217;avoir probablement \u00e9t\u00e9 <em>\u00ab trop intelligents, trop subtils \u00bb<\/em>. Le d\u00e9roul\u00e9 publicitaire de la politique d\u2019Emmanuel Macron est trop \u00e9loign\u00e9 d\u2019une r\u00e9alit\u00e9 bien plus terre-\u00e0-terre : celle d\u2019une politique au service des nantis, d\u2019une politique vis-\u00e0-vis des migrants qui n\u2019envie pas grand-chose \u00e0 celle de Salvini et celle d\u2019une r\u00e9duction des droits d\u00e9mocratiques tout azimut. Le voile se d\u00e9chire, tant mieux.<\/p>\n<p>&nbsp;<\/p>\n<p>\n<a href=\"https:\/\/wp.muchomaas.com\/auteur\/guillaume-liegard\"><strong>Guillaume Li\u00e9gard<\/strong><\/a><div id='gallery-1' class='gallery galleryid-11699 gallery-columns-3 gallery-size-thumbnail'><figure class='gallery-item'>\n\t\t\t<div class='gallery-icon landscape'>\n\t\t\t\t<a href='https:\/\/archives.regards.fr\/wp-content\/uploads\/2019\/07\/cc_palazzochigi-2f0-scaled.jpg'><img loading=\"lazy\" decoding=\"async\" width=\"150\" height=\"150\" src=\"https:\/\/archives.regards.fr\/wp-content\/uploads\/2019\/07\/cc_palazzochigi-2f0-150x150.jpg\" class=\"attachment-thumbnail size-thumbnail\" alt=\"cc_palazzochigi.jpg\" \/><\/a>\n\t\t\t<\/div><\/figure>\n\t\t<\/div>\n<\/p>\n","protected":false},"excerpt":{"rendered":"<p>Macron champion de l&#8217;\u00e9cologie, Macron champion de la d\u00e9mocratie, Macron l&#8217;anti-capitaliste ou encore Macron le rempart au fascisme&#8230; C&#8217;est fou tout ce qu&#8217;est Macron (dans sa t\u00eate) quand il quitte l\u2019hexagone !<\/p>\n","protected":false},"author":1097,"featured_media":27785,"comment_status":"open","ping_status":"open","sticky":false,"template":"","format":"standard","meta":{"_themeisle_gutenberg_block_has_review":false,"footnotes":""},"categories":[6],"tags":[487],"class_list":["post-11699","post","type-post","status-publish","format-standard","has-post-thumbnail","hentry","category-actu","tag-emmanuel-macron"],"_links":{"self":[{"href":"https:\/\/archives.regards.fr\/index.php?rest_route=\/wp\/v2\/posts\/11699","targetHints":{"allow":["GET"]}}],"collection":[{"href":"https:\/\/archives.regards.fr\/index.php?rest_route=\/wp\/v2\/posts"}],"about":[{"href":"https:\/\/archives.regards.fr\/index.php?rest_route=\/wp\/v2\/types\/post"}],"author":[{"embeddable":true,"href":"https:\/\/archives.regards.fr\/index.php?rest_route=\/wp\/v2\/users\/1097"}],"replies":[{"embeddable":true,"href":"https:\/\/archives.regards.fr\/index.php?rest_route=%2Fwp%2Fv2%2Fcomments&post=11699"}],"version-history":[{"count":0,"href":"https:\/\/archives.regards.fr\/index.php?rest_route=\/wp\/v2\/posts\/11699\/revisions"}],"wp:featuredmedia":[{"embeddable":true,"href":"https:\/\/archives.regards.fr\/index.php?rest_route=\/wp\/v2\/media\/27785"}],"wp:attachment":[{"href":"https:\/\/archives.regards.fr\/index.php?rest_route=%2Fwp%2Fv2%2Fmedia&parent=11699"}],"wp:term":[{"taxonomy":"category","embeddable":true,"href":"https:\/\/archives.regards.fr\/index.php?rest_route=%2Fwp%2Fv2%2Fcategories&post=11699"},{"taxonomy":"post_tag","embeddable":true,"href":"https:\/\/archives.regards.fr\/index.php?rest_route=%2Fwp%2Fv2%2Ftags&post=11699"}],"curies":[{"name":"wp","href":"https:\/\/api.w.org\/{rel}","templated":true}]}}