{"id":11694,"date":"2019-07-03T14:09:00","date_gmt":"2019-07-03T12:09:00","guid":{"rendered":"https:\/\/wp.muchomaas.com\/article-disparition-de-steve-maia-canico-mort-de-zineb-redouane-la-police-deteste-tout\/"},"modified":"2023-06-23T23:42:22","modified_gmt":"2023-06-23T21:42:22","slug":"article-disparition-de-steve-maia-canico-mort-de-zineb-redouane-la-police-deteste-tout","status":"publish","type":"post","link":"https:\/\/archives.regards.fr\/?p=11694","title":{"rendered":"Disparition de Steve Maia Cani\u00e7o, mort de Zineb Redouane : la police d\u00e9teste tout le monde ?"},"content":{"rendered":"<p class=\"post_excerpt\">Quand les forces de l\u2019ordre tuent, la l\u00e9galit\u00e9 et\/ou la l\u00e9gitimit\u00e9 de la violence ayant entra\u00een\u00e9 la mort ne font plus office que d\u2019arguments permettant de lever toute responsabilit\u00e9. Ceux qui appliquent la loi deviennent alors irresponsables de leurs actes.<\/p>\n<p>\u00ab O\u00f9 est Steve ? \u00bb Cette question fait froid dans le dos. C\u2019est la question que se posent les proches de Steve Maia Cani\u00e7o, ce Nantais de 24 ans, disparu depuis douze jours. Depuis le 21 juin, o\u00f9 une banale soir\u00e9e de f\u00eate de la musique est devenue le th\u00e9\u00e2tre d&#8217;un d\u00e9fouloir policier.<\/p>\n<p>Il est alors 4h30 du matin.  Une centaine de personnes sont toujours au niveau du quai Wilson, sur un terrain vague, loin de toute habitation, profitant de la douceur de la nuit en cette p\u00e9riode de canicule. L\u2019\u00e9t\u00e9 est l\u00e0, c\u2019est la f\u00eate. L\u2019arr\u00eat de la musique \u00e9tait pr\u00e9vu pour 4h. Voil\u00e0 pourquoi la police intervient. La disparition de Steve, c\u2019est l\u2019histoire d\u2019une mauvaise rencontre. Mais tout le probl\u00e8me, de plus en plus souvent, c\u2019est que ces mauvaises rencontres, c\u2019est avec les forces de l\u2019ordre que les Fran\u00e7ais les font.<\/p>\n<p>&nbsp;<\/p>\n<p>\n<strong>LIRE AUSSI SUR REGARDS.FR<br \/>\n>><\/strong> <em><a href=\"https:\/\/wp.muchomaas.com\/societe\/article\/mantes-la-jolie-resister-apres-l-humiliation-policiere\">Mantes-la-Jolie : r\u00e9sister apr\u00e8s l\u2019humiliation polici\u00e8re<\/a><\/em><\/p>\n<p>&nbsp;<\/p>\n<p>Il est vrai que depuis des mois, l\u2019ambiance entre citoyens et policiers, gendarmes et autre CRS est loin d&#8217;\u00eatre au beau fixe. Mais la f\u00eate de la musique nom de Dieu ! Est-il normal que 14 personnes finissent dans la Loire pour \u00e9chapper aux balles de LBD, aux grenades de d\u00e9sencerclements et aux gaz lacrymog\u00e8nes, pour avoir fait la f\u00eate 30 minutes de trop ? Faut-il que toutes les interventions polici\u00e8res se d\u00e9roulent avec un tel degr\u00e9 de violence ? Avec l\u2019utilisation syst\u00e9matique de quasiment tout l\u2019arsenal disponible ? Rappelons ici <a href=\"https:\/\/www.lci.fr\/police\/grand-jury-gilets-jaunes-blesses-ce-n-est-pas-parce-qu-une-main-a-ete-arrachee-que-la-violence-est-illegale-dit-laurent-nunez-violences-policieres-2122868.html\">les sages paroles de Laurent Nu\u00f1ez<\/a>, secr\u00e9taire d\u2019Etat \u00e0 l\u2019Int\u00e9rieur : <em>\u00ab Ce n\u2019est pas parce qu\u2019une main a \u00e9t\u00e9 arrach\u00e9e, parce qu\u2019un \u0153il a \u00e9t\u00e9 \u00e9borgn\u00e9 que la violence est ill\u00e9gale \u00bb<\/em>.<\/p>\n<h2>Les experts parlent aux irresponsables<\/h2>\n<p>Comme toujours, les principaux syndicats policiers <a href=\"https:\/\/www.nouvelobs.com\/societe\/20190626.OBS14954\/a-nantes-steve-est-toujours-recherche-et-les-critiques-se-concentrent-sur-le-commissaire-qui-a-ordonne-l-operation.html\">d\u00e9chargent leurs coll\u00e8gues de toute responsabilit\u00e9<\/a> : <em>\u00ab Ils se sont d\u00e9fendus, ils se sont fait agresser parce qu\u2019un commissaire a donn\u00e9 l\u2019ordre d\u2019aller \u00e9vacuer \u00e0 quinze des centaines de personnes. Y avait-il urgence ? On ne le croit pas. \u00bb<\/em> Dans une cha\u00eene de commandement, qui est le plus malin : celui qui donne un ordre idiot ou celui qui l\u2019applique b\u00eatement ? Quoi qu\u2019il en soit, ce corporatisme absolu, notamment envers les policiers et gendarmes agissant contre <a href=\"https:\/\/www.interieur.gouv.fr\/Le-ministere\/Deontologie\">toute r\u00e8gle de d\u00e9ontologie<\/a> \u2013 ceux qui d\u00e9noncent des cas de corruption, par exemple, n\u2019ont pas droit au m\u00eame traitement \u2013, est en passe de devenir le c\u0153ur du probl\u00e8me dans la relation entre les forces de l\u2019ordre et la population. Prot\u00e9ger et servir, mais qui ?<\/p>\n<p>Christophe Castaner a rapidement saisi l\u2019inspection g\u00e9n\u00e9rale de la police nationale (IGPN) pour faire toute la lumi\u00e8re sur les circonstances de ce drame car, <a href=\"http:\/\/www.lefigaro.fr\/actualite-france\/nantes-ouverture-d-une-information-judiciaire-apres-la-disparition-du-jeune-steve-20190627\">selon le ministre de l\u2019Int\u00e9rieur<\/a>, la disparition de Steve serait <em>\u00ab peut-\u00eatre \u00bb<\/em> li\u00e9e \u00e0 l\u2019intervention polici\u00e8re \u2013 tout en sachant que pour lui, <a href=\"https:\/\/www.lejdd.fr\/Politique\/christophe-castaner-sur-les-gilets-jaunes-il-reste-des-individus-qui-cherchent-la-violence-3904775\">les \u00ab violences polici\u00e8res \u00bb, \u00e7a n\u2019existe pas<\/a>. Petite subtilit\u00e9 de cette enqu\u00eate, <a href=\"https:\/\/www.liberation.fr\/france\/2019\/06\/27\/nantes-le-prefet-hors-d-atteinte-de-la-police-des-polices_1736636\">expliqu\u00e9 par <em>Lib\u00e9ration<\/em><\/a> : <em>\u00ab En faisant le choix de saisir seulement l\u2019IGPN d\u2019une enqu\u00eate administrative, le minist\u00e8re a, de fait, verrouill\u00e9 les investigations. La police des polices ne dispose effectivement d\u2019aucun pouvoir de contr\u00f4le de l\u2019autorit\u00e9 pr\u00e9fectorale, pourtant responsable de l\u2019op\u00e9ration de maintien de l\u2019ordre en cause. \u00bb<\/em><\/p>\n<p>De son c\u00f4t\u00e9, Claude d\u2019Harcourt, le pr\u00e9fet (irresponsable donc, selon Beauvau) de Loire-Atlantique, d\u00e9clarera <a href=\"https:\/\/www.francebleu.fr\/infos\/faits-divers-justice\/au-moins-14-personnes-tombees-dans-la-loire-apres-une-intervention-de-la-police-a-nantes-1561359486\">au micro de France Bleu Loire<\/a> : <em>\u00ab Les forces de l\u2019ordre interviennent toujours de mani\u00e8re proportionn\u00e9e. Mais face \u00e0 des individus avin\u00e9s, qui ont probablement pris de la drogue, il est difficile d\u2019intervenir de fa\u00e7on rationnelle. \u00bb<\/em> La rationalit\u00e9 des policiers serait alt\u00e9r\u00e9e par l\u2019ivresse des gens \u00e0 qui ils ont \u00e0 faire ?<\/p>\n<p>Une semaine apr\u00e8s les faits, le 29 juin, une marche pour Steve \u00e9tait organis\u00e9e \u00e0 Nantes. Le pr\u00e9fet, visiblement peu enclin \u00e0 faire preuve d\u2019humanit\u00e9, ne serait-ce que pour tenter d\u2019apaiser la situation, <a href=\"https:\/\/www.ouest-france.fr\/pays-de-la-loire\/nantes-44000\/hommage-steve-le-prefet-monte-au-creneau-6421302\">\u00e9voque un <em>\u00ab rassemblement festif \u00bb<\/em><\/a> \u2013 oui, oui, il parle bien de la marche en hommage au jeune homme disparu \u2013 et pr\u00e9vient : <em>\u00ab Les organisateurs d\u2019une manifestation non d\u00e9clar\u00e9e encourent des sanctions p\u00e9nales allant jusqu\u2019\u00e0 six mois de prison et 7.500\u20ac d\u2019amende. En cas de risque av\u00e9r\u00e9 de troubles \u00e0 l\u2019ordre public, l\u2019autorit\u00e9 administrative peut \u2013 en dernier ressort \u2013 d\u00e9cider d\u2019interdire la manifestation. \u00bb<\/em><\/p>\n<p>D\u2019abord, on agit comme des bourrins pour mettre fin \u00e0 une f\u00eate qui ne d\u00e9range personne, puis on menace les proches d\u2019un jeune homme disparu apr\u00e8s cette intervention polici\u00e8re. Mais rassurez-vous, <a href=\"https:\/\/wp.muchomaas.com\/societe\/article\/legitime-violence\">le cadre l\u00e9gal est respect\u00e9 et la loi a \u00e9t\u00e9 r\u00e9tablie de mani\u00e8re proportionn\u00e9e<\/a>. Et vive la R\u00e9publique !<\/p>\n<h2>Et ils se demandent pourquoi on ne les aime pas ?<\/h2>\n<p>Les m\u00e9thodes de la police fran\u00e7aise posent beaucoup de questions ces derniers temps \u2013 pas forc\u00e9ment du fait d\u2019un r\u00e9el durcissement mais surtout parce qu&#8217;elles sont de plus en plus flagrantes. Cette sc\u00e8ne de Nantes n\u2019est pas sans rappeler celle des militants d\u2019Extinction Rebellion, assis, dont la seule \u00ab infraction \u00bb \u00e9tait de g\u00eaner la circulation \u2013 incroyable pour une manifestation. Les policiers les gazeront avec le m\u00eame flegme avec lequel on pulv\u00e9riserait de l\u2019eau pour rafra\u00eechir une foule.<\/p>\n<p>Faut-il \u00e9voquer <a href=\"https:\/\/wp.muchomaas.com\/politique\/article\/violences-policieres-le-poker-menteur-de-macron-castaner-et-nunez\">les centaines de gilet jaunes bless\u00e9s<\/a>, plus ou moins gri\u00e8vement, lors de ces derniers mois ? S\u2019il ne fallait choisir qu\u2019un seul cas, ce serait la mort de Zineb Redouane. Tout comme le pr\u00e9fet de Loire-Atlantique, le ministre de l\u2019Int\u00e9rieur a depuis longtemps oubli\u00e9 le sens du mot \u00ab honte \u00bb. Car c\u2019\u00e9tait bien Christophe Castaner qui doutait qu\u2019une grenade lacrymog\u00e8ne re\u00e7ue en plein visage \u2013 alors qu\u2019elle fermait ses fen\u00eatres pour se prot\u00e9ger de la manifestation qui avait lieu dans sa rue \u2013 ait pu \u00eatre \u00e0 l\u2019origine du d\u00e9c\u00e8s de cette Marseillaise de 80 ans. Il est m\u00eame all\u00e9 jusqu\u2019\u00e0 sous-entendre que, comme elle \u00e9tait morte le lendemain \u00e0 l\u2019h\u00f4pital, c\u2019\u00e9tait <a href=\"https:\/\/www.lesinrocks.com\/2019\/03\/19\/actualite\/actualite\/video-christophe-castaner-souhaite-quon-arrete-de-parler-de-violences-policieres\/\">plus de la responsabilit\u00e9 des m\u00e9decins que des CRS<\/a>. Il aura fallu attendre une <a href=\"https:\/\/www.humanite.fr\/violences-policieres-affaire-zineb-redouane-le-role-des-crs-se-precise-674381\">autopsie effectu\u00e9e en Alg\u00e9rie<\/a> pour que la version officielle de l\u2019Int\u00e9rieur soit mis \u00e0 mal. Sans cons\u00e9quences, faut pas r\u00eaver.<\/p>\n<p><em>\u00ab On ne meurt pas pour quelques notes de musique \u00bb<\/em>, \u00e9crivent <a href=\"https:\/\/twitter.com\/davduf\/status\/1146057234939404289\">dans un communiqu\u00e9 les membres du groupe B\u00e9rurier Noir,<\/a> \u00e9mus de la disparition incompr\u00e9hensible de Steve. Et ils ont raison. En France, on ne meurt pas que pour \u00e7a.<\/p>\n<p>&nbsp;<\/p>\n<p>\n<a href=\"https:\/\/wp.muchomaas.com\/auteur\/loic-le-clerc\"><strong>Lo\u00efc Le Clerc<\/strong><\/a><div id='gallery-1' class='gallery galleryid-11694 gallery-columns-3 gallery-size-thumbnail'><figure class='gallery-item'>\n\t\t\t<div class='gallery-icon landscape'>\n\t\t\t\t<a href='https:\/\/archives.regards.fr\/wp-content\/uploads\/2019\/07\/cc_daniel_briot-786-scaled.jpg'><img loading=\"lazy\" decoding=\"async\" width=\"150\" height=\"150\" src=\"https:\/\/archives.regards.fr\/wp-content\/uploads\/2019\/07\/cc_daniel_briot-786-150x150.jpg\" class=\"attachment-thumbnail size-thumbnail\" alt=\"cc_daniel_briot.jpg\" \/><\/a>\n\t\t\t<\/div><\/figure>\n\t\t<\/div>\n<\/p>\n","protected":false},"excerpt":{"rendered":"<p>Quand les forces de l\u2019ordre tuent, la l\u00e9galit\u00e9 et\/ou la l\u00e9gitimit\u00e9 de la violence ayant entra\u00een\u00e9 la mort ne font plus office que d\u2019arguments permettant de lever toute responsabilit\u00e9. Ceux qui appliquent la loi deviennent alors irresponsables de leurs actes.<\/p>\n","protected":false},"author":1203,"featured_media":27779,"comment_status":"open","ping_status":"open","sticky":false,"template":"","format":"standard","meta":{"_themeisle_gutenberg_block_has_review":false,"footnotes":""},"categories":[6],"tags":[329,381],"class_list":["post-11694","post","type-post","status-publish","format-standard","has-post-thumbnail","hentry","category-actu","tag-forces-de-lordre","tag-violences"],"_links":{"self":[{"href":"https:\/\/archives.regards.fr\/index.php?rest_route=\/wp\/v2\/posts\/11694","targetHints":{"allow":["GET"]}}],"collection":[{"href":"https:\/\/archives.regards.fr\/index.php?rest_route=\/wp\/v2\/posts"}],"about":[{"href":"https:\/\/archives.regards.fr\/index.php?rest_route=\/wp\/v2\/types\/post"}],"author":[{"embeddable":true,"href":"https:\/\/archives.regards.fr\/index.php?rest_route=\/wp\/v2\/users\/1203"}],"replies":[{"embeddable":true,"href":"https:\/\/archives.regards.fr\/index.php?rest_route=%2Fwp%2Fv2%2Fcomments&post=11694"}],"version-history":[{"count":0,"href":"https:\/\/archives.regards.fr\/index.php?rest_route=\/wp\/v2\/posts\/11694\/revisions"}],"wp:featuredmedia":[{"embeddable":true,"href":"https:\/\/archives.regards.fr\/index.php?rest_route=\/wp\/v2\/media\/27779"}],"wp:attachment":[{"href":"https:\/\/archives.regards.fr\/index.php?rest_route=%2Fwp%2Fv2%2Fmedia&parent=11694"}],"wp:term":[{"taxonomy":"category","embeddable":true,"href":"https:\/\/archives.regards.fr\/index.php?rest_route=%2Fwp%2Fv2%2Fcategories&post=11694"},{"taxonomy":"post_tag","embeddable":true,"href":"https:\/\/archives.regards.fr\/index.php?rest_route=%2Fwp%2Fv2%2Ftags&post=11694"}],"curies":[{"name":"wp","href":"https:\/\/api.w.org\/{rel}","templated":true}]}}