{"id":11692,"date":"2019-06-28T13:06:06","date_gmt":"2019-06-28T11:06:06","guid":{"rendered":"https:\/\/wp.muchomaas.com\/article-thierry-schauffauser-aujourd-hui-je-suis-plus-fier-d-etre-pute-que-pede\/"},"modified":"2023-06-23T23:42:17","modified_gmt":"2023-06-23T21:42:17","slug":"article-thierry-schauffauser-aujourd-hui-je-suis-plus-fier-d-etre-pute-que-pede","status":"publish","type":"post","link":"https:\/\/archives.regards.fr\/?p=11692","title":{"rendered":"Thierry Schaffauser : \u00ab Je suis plus fier d\u2019\u00eatre pute que p\u00e9d\u00e9 \u00bb"},"content":{"rendered":"<p class=\"post_excerpt\">A l\u2019occasion des 10 ans du Strass, le syndicat des travailleurSEs du sexe, et en pleines \u00ab putain de rencontres \u00bb, nous avons rencontr\u00e9 Thierry Schauffauser, travailleur du sexe depuis l\u2019\u00e2ge de 16 ans et co-fondateur du Strass. Il est l\u2019invit\u00e9 de #LaMidinale.<\/p>\n<p><iframe loading=\"lazy\" width=\"490\" height=\"276\" src=\"https:\/\/www.youtube.com\/embed\/BHfVv6_7DA8\" frameborder=\"0\" allow=\"accelerometer; autoplay; encrypted-media; gyroscope; picture-in-picture\" allowfullscreen><\/iframe><\/p>\n<p>&nbsp;<\/p>\n<p><h2>VERBATIM<\/h2>\n<p>&nbsp;<\/p>\n<p>\n<em>\u00a0<strong>Sur les 50 ans des \u00e9meutes de Stonewall<\/em>\u00a0<\/strong><br \/>\n\u00ab Avant Stonewall il y a toujours eu des r\u00e9sistances mais c\u2019est vrai que le mouvement contemporain est beaucoup n\u00e9 de ces \u00e9meutes-l\u00e0. Dans la suite de ces \u00e9meutes, il y a eu des manifestations et des organisations se sont cr\u00e9es par centaines. \u00bb<br \/>\n\u00ab Il y avait une perspective r\u00e9volutionnaire. \u00bb<\/p>\n<p><em>\u00a0<strong>Sur l\u2019\u00e9tat de la soci\u00e9t\u00e9 face aux questions soci\u00e9tales<\/em>\u00a0<\/strong><br \/>\n\u00ab Si on parle de l\u2019acc\u00e8s des homos \u00e0 la famille et \u00e0 la sph\u00e8re de la production nationale, \u00e7a ne d\u00e9range plus trop. Au contraire, les gens sont tr\u00e8s contents (\u2026). Mais ce n\u2019est pas le cas pour les questions trans ou des travailleurs du sexe. \u00bb<\/p>\n<p><em>\u00a0<strong>Sur sa candidature aux l\u00e9gislatives 2017 (EELV lui a retir\u00e9 l\u2019investiture apr\u00e8s avoir pos\u00e9 en travesti sur une affiche de campagne)<\/em>\u00a0<\/strong><br \/>\n\u00ab La classe politique consid\u00e8re que pour gagner l\u2019\u00e9lection, \u00e7a ne fait pas s\u00e9rieux d\u2019apparaitre en travesti- et ce, malheureusement, y compris dans des partis de gauche pro-LGBT. \u00bb<br \/>\n\u00ab Le but d\u2019une \u00e9lection, c\u2019est de gagner. Je crois que, quand on est une sur une circonscription o\u00f9 l\u2019on fait entre 5 et 10% en moyenne, il n\u2019y a pas d\u2019enjeu r\u00e9el \u00e0 \u00eatre \u00e9lu mais il y a un enjeu \u00e0 faire de la politique, \u00e0 faire passer des id\u00e9es et des messages. \u00bb<\/p>\n<p><em>\u00a0<strong>Sur le travail du sexe<\/em>\u00a0<\/strong><br \/>\n\u00ab Les luttes LGBT n\u2019ont pas suffisamment int\u00e9gr\u00e9 le combat des travailleurSEs du sexe mais il y a des progr\u00e8s (\u2026). En France, toutes les organisations LGBT ont inclus l\u2019agenda des travailleurSEs du sexe dans le leur. \u00bb<br \/>\n\u00ab Aujourd\u2019hui, les personnes qui sont les plus r\u00e9prim\u00e9es et criminalis\u00e9es, ne le sont pas pour homosexualit\u00e9 mais continuent de l\u2019\u00eatre sur les questions de migrations ou de travail du sexe. \u00bb<br \/>\n\u00ab Je ne dirais pas que travailleur du sexe est un m\u00e9tier comme un autre au sens o\u00f9 c\u2019est tr\u00e8s stigmatis\u00e9 et que c\u2019est encore tr\u00e8s p\u00e9nalis\u00e9. \u00bb<br \/>\n\u00ab Notre soci\u00e9t\u00e9 a un fond catholique et une vision tr\u00e8s romantique du sexe : il faudrait que ce soit dans le d\u00e9sir, le plaisir et l\u2019amour partag\u00e9. Cette logique-l\u00e0 n\u2019analyse pas les rapports de domination dans ce qui serait la sexualit\u00e9 gratuite et pure de tout \u00e9change et interf\u00e9rence \u00e9conomique &#8211; comme s\u2019il n\u2019y avait pas de la domination dans le couple h\u00e9t\u00e9rosexuel \u00e0 la base. \u00bb<br \/>\n\u00ab Si l\u2019on veut lutter contre toutes les formes de domination, notamment masculine, il faut voir les \u00e9changes \u00e9conomico-sexuels au sens large et m\u00eame la sexualit\u00e9 au sens large. \u00bb<br \/>\n\u00ab Il y a beaucoup \u00e0 apprendre des travailleurSEs du sexe en terme de f\u00e9minisme. \u00bb<\/p>\n<p><em>\u00a0<strong>Sur les violences contre les travailleurs du sexe et leur invisibilit\u00e9<\/em>\u00a0<\/strong><br \/>\n\u00ab Quand il y a un graffiti sur les passages clout\u00e9s aux couleurs arc-en-ciel, toute la ville de Paris condamne unanimement. Par contre, une femme trans au bois de Boulogne, assassin\u00e9e au mois d\u2019ao\u00fbt, il y a eu tr\u00e8s peu de r\u00e9actions. \u00bb<br \/>\n\u00ab Il y a un contexte qui cr\u00e9e cette ins\u00e9curit\u00e9 : les violences au Bois de Boulogne ne sont pas nouvelles mais \u00e7a s\u2019est amplifi\u00e9 avec la p\u00e9nalisation des clients. \u00bb<br \/>\n\u00ab Les politiques de p\u00e9nalisation cr\u00e9ent des ph\u00e9nom\u00e8nes de d\u00e9placement : il faut aller travailler dans des endroits du Bois de Boulogne o\u00f9 c\u2019est plus dangereux et sans \u00e9clairage. \u00bb<br \/>\n\u00ab La p\u00e9nalisation cr\u00e9e aussi de la pr\u00e9carit\u00e9 avec moins clients. \u00bb<\/p>\n<p><em>\u00a0<strong>Sur les revendications du Strass<\/em>\u00a0<\/strong><br \/>\n\u00ab Dans un syst\u00e8me de prohibition, on n\u2019a pas acc\u00e8s au droit : le droit du travail, le droit de pouvoir porter plainte quand il y a une agression, le droit familial. Il y a plein de discriminations. \u00bb<br \/>\n\u00ab La criminalisation cr\u00e9e tout un syst\u00e8me de refus d\u2019acc\u00e8s au droit commun. \u00bb<br \/>\n\u00ab On recoupe toutes les minorit\u00e9s : les travailleurSEs du sexe sont des femmes, prol\u00e9taires, migrantes, LGBT. \u00bb<br \/>\n\u00ab Quand tu vis une contrainte \u00e9conomique, les r\u00e9ponses, ce n\u2019est pas uniquement les conditions de travail. C\u2019est aussi r\u00e9fl\u00e9chir \u00e0 la fa\u00e7on dont on lutte contre ces contraintes. \u00bb<\/p>\n<p><em>\u00a0<strong>Sur la marche des fiert\u00e9s<\/em>\u00a0<\/strong><br \/>\n\u00ab Le terme de fiert\u00e9, c\u2019est surtout pour refuser la honte. \u00bb<br \/>\n\u00ab Toute la soci\u00e9t\u00e9 voudrait qu\u2019on ait honte, qu\u2019on soit malheureux alors qu\u2019on peut \u00eatre tr\u00e8s heureux voire plus heureux que la moyenne des gens qui se font chier \u00e0 devoir respecter les normes sociales. \u00bb<br \/>\n\u00ab Pour moi, la fiert\u00e9 d\u2019\u00eatre pute est plus importante que celle d\u2019\u00eatre PD. \u00bb<br \/>\n\u00ab Je m\u2019\u00e9tonne encore qu\u2019aujourd\u2019hui il n\u2019y ait pas plus de personnes visibles. \u00bb<br \/>\n\u00ab Il y a un mythe de la vie priv\u00e9e : y\u2019a rien de priv\u00e9. \u00bb<div id='gallery-1' class='gallery galleryid-11692 gallery-columns-3 gallery-size-thumbnail'><figure class='gallery-item'>\n\t\t\t<div class='gallery-icon landscape'>\n\t\t\t\t<a href='https:\/\/archives.regards.fr\/wp-content\/uploads\/2019\/06\/capture_d_e_cran_2019-06-28_a_12-1fc.57.31.png'><img loading=\"lazy\" decoding=\"async\" width=\"150\" height=\"150\" src=\"https:\/\/archives.regards.fr\/wp-content\/uploads\/2019\/06\/capture_d_e_cran_2019-06-28_a_12-1fc.57.31-150x150.png\" class=\"attachment-thumbnail size-thumbnail\" alt=\"capture_d_e_cran_2019-06-28_a_12.57.31.png\" \/><\/a>\n\t\t\t<\/div><\/figure>\n\t\t<\/div>\n<\/p>\n","protected":false},"excerpt":{"rendered":"<p>A l\u2019occasion des 10 ans du Strass, le syndicat des travailleurSEs du sexe, et en pleines \u00ab putain de rencontres \u00bb, nous avons rencontr\u00e9 Thierry Schauffauser, travailleur du sexe depuis l\u2019\u00e2ge de 16 ans et co-fondateur du Strass. Il est l\u2019invit\u00e9 de #LaMidinale.<\/p>\n","protected":false},"author":1039,"featured_media":27775,"comment_status":"open","ping_status":"open","sticky":false,"template":"","format":"standard","meta":{"_themeisle_gutenberg_block_has_review":false,"footnotes":""},"categories":[238],"tags":[293],"class_list":["post-11692","post","type-post","status-publish","format-standard","has-post-thumbnail","hentry","category-la-midinale","tag-entretien"],"_links":{"self":[{"href":"https:\/\/archives.regards.fr\/index.php?rest_route=\/wp\/v2\/posts\/11692","targetHints":{"allow":["GET"]}}],"collection":[{"href":"https:\/\/archives.regards.fr\/index.php?rest_route=\/wp\/v2\/posts"}],"about":[{"href":"https:\/\/archives.regards.fr\/index.php?rest_route=\/wp\/v2\/types\/post"}],"author":[{"embeddable":true,"href":"https:\/\/archives.regards.fr\/index.php?rest_route=\/wp\/v2\/users\/1039"}],"replies":[{"embeddable":true,"href":"https:\/\/archives.regards.fr\/index.php?rest_route=%2Fwp%2Fv2%2Fcomments&post=11692"}],"version-history":[{"count":0,"href":"https:\/\/archives.regards.fr\/index.php?rest_route=\/wp\/v2\/posts\/11692\/revisions"}],"wp:featuredmedia":[{"embeddable":true,"href":"https:\/\/archives.regards.fr\/index.php?rest_route=\/wp\/v2\/media\/27775"}],"wp:attachment":[{"href":"https:\/\/archives.regards.fr\/index.php?rest_route=%2Fwp%2Fv2%2Fmedia&parent=11692"}],"wp:term":[{"taxonomy":"category","embeddable":true,"href":"https:\/\/archives.regards.fr\/index.php?rest_route=%2Fwp%2Fv2%2Fcategories&post=11692"},{"taxonomy":"post_tag","embeddable":true,"href":"https:\/\/archives.regards.fr\/index.php?rest_route=%2Fwp%2Fv2%2Ftags&post=11692"}],"curies":[{"name":"wp","href":"https:\/\/api.w.org\/{rel}","templated":true}]}}