{"id":11690,"date":"2019-06-27T11:53:16","date_gmt":"2019-06-27T09:53:16","guid":{"rendered":"https:\/\/wp.muchomaas.com\/article-cecile-coudriou-les-politiques-migratoires-de-l-europe-n-ont-rien-a-envier-a\/"},"modified":"2023-06-23T23:42:16","modified_gmt":"2023-06-23T21:42:16","slug":"article-cecile-coudriou-les-politiques-migratoires-de-l-europe-n-ont-rien-a-envier-a","status":"publish","type":"post","link":"https:\/\/archives.regards.fr\/?p=11690","title":{"rendered":"C\u00e9cile Coudriou : \u00ab Les politiques migratoires de l\u2019Europe n\u2019ont rien \u00e0 envier \u00e0 celles de Trump \u00bb"},"content":{"rendered":"<p class=\"post_excerpt\">La photo de cet enfant salvadorien enla\u00e7ant son p\u00e8re, morts tous les deux apr\u00e8s avoir essay\u00e9 de regagner les Etats-Unis, a choqu\u00e9 le monde entier. C\u00e9cile Coudriou, pr\u00e9sidente d\u2019Amnesty International France, est l\u2019invit\u00e9e de #LaMidinale. L\u2019occasion de revenir sur la guerre au Y\u00e9men, les cons\u00e9quences du changement climatique sur les droits humains, les libert\u00e9s et les droits en France, et la PMA.<\/p>\n<p><iframe loading=\"lazy\" width=\"490\" height=\"276\" src=\"https:\/\/www.youtube.com\/embed\/ZMpoVRfJ5dQ\" frameborder=\"0\" allow=\"accelerometer; autoplay; encrypted-media; gyroscope; picture-in-picture\" allowfullscreen><\/iframe><\/p>\n<p>&nbsp;<\/p>\n<p><h2>VERBATIM<\/h2>\n<p>&nbsp;<\/p>\n<p>\n<em>\u00a0<strong>Sur la photo des migrants salvadoriens<\/em>\u00a0<\/strong><br \/>\n\u00ab Il est clair que la responsabilit\u00e9 est dans les Etats qui m\u00e8nent des politiques pareilles. \u00bb<br \/>\n\u00ab La photo est terrible, elle cr\u00e9\u00e9 une \u00e9motion. Il faut que nos \u00e9motions se transforment en action. \u00bb<br \/>\n\u00ab Les politiques de l\u2019Europe n\u2019ont rien \u00e0 envier \u00e0 celles de Trump. Elles provoquent des drames. \u00bb<br \/>\n\u00ab Nous avons \u00e0 c\u0153ur de d\u00e9fendre une autre politique migratoire, davantage ax\u00e9e sur la responsabilit\u00e9 partag\u00e9e \u00eatre l\u2019humanit\u00e9. \u00bb<br \/>\n\u00ab Nous d\u00e9non\u00e7ons et nous stigmatisons non pas de personnes mais des choix politiques, en mati\u00e8re de droits humains et qui sont particuli\u00e8rement d\u00e9l\u00e9t\u00e8res et dangereux. \u00bb<\/p>\n<p><em>\u00a0<strong>Sur la guerre au Y\u00e9men et les armes fran\u00e7aises<\/em>\u00a0<\/strong><br \/>\n\u00ab Nous avons hauss\u00e9 le ton : le style d\u2019Amnesty \u00e9volue parce qu\u2019on a parl\u00e9 de mensonge d\u2019Etat. \u00c7a n\u2019est pas tous les jours qu\u2019Amnesty emploie un tel terme. \u00bb<br \/>\n\u00ab Nous avons voulu confronter les responsables politiques sur ces questions de vente d\u2019armes. \u00bb<br \/>\n\u00ab Nous avons des preuves que la France ne respecte pas le trait\u00e9 sur le commerce des armes et le droit international humanitaire. \u00bb<br \/>\n\u00ab Il y a des preuves que les armes fran\u00e7ais peuvent en bout de chaine provoquer des violations de droits humains, des crimes contre l\u2019humanit\u00e9. \u00bb<br \/>\n\u00ab La France viole le droit international. \u00bb<br \/>\n\u00ab On peut parler de complicit\u00e9 de crime de guerre. \u00bb<\/p>\n<p><em>\u00a0<strong>Sur le changement climatique et les droits humains<\/em>\u00a0<\/strong><br \/>\n\u00ab On n\u2019arrive pas souvent en justice \u00e0 obtenir r\u00e9paration parce qu\u2019on n\u2019arrive pas \u00e0 trouver le lien de causalit\u00e9 direct entre la pollution, les choix faits par les politiques et les r\u00e9sultats sur la population. \u00bb<br \/>\n\u00ab Il faut que de plus en plus d\u2019ONG travaillent ensemble pour mettre la pression sur le gouvernement et faire bouger les lignes. \u00bb<br \/>\n\u00ab Il faut une mobilisation citoyenne mais aussi une convergence des ONG pour se faire mieux entendre. \u00bb<br \/>\n\u00ab Les jeunes peuvent faire la diff\u00e9rence sur la cause \u00e9cologique mais aussi sur celle des droits humains. \u00bb<\/p>\n<p><em>\u00a0<strong>Sur les droits et libert\u00e9s en France<\/em>\u00a0<\/strong><br \/>\n\u00ab C\u2019est vrai qu\u2019aujourd\u2019hui, on ne peut plus dire que certains pays, m\u00eame quand ils se disent d\u00e9mocratiques, sont totalement immunis\u00e9s contre la tentation de moins bien respecter le droit international et leurs engagements internationaux en mati\u00e8re de droits humains. \u00bb<br \/>\n\u00ab En France, il y a une politique de maintien de l\u2019ordre qui devient pr\u00e9occupante parce qu\u2019il y a une disproportion. \u00bb<br \/>\n\u00ab Il y a trop de bless\u00e9s, bien trop d\u2019exc\u00e8s dans l\u2019utilisation de LBD, des grenades de d\u00e9sencerclement et des gaz lacrymog\u00e8nes : il y a une doctrine d\u2019Etat qui est en train de d\u00e9river. \u00bb<\/p>\n<p><em>\u00a0<strong>Sur la PMA<\/em>\u00a0<\/strong><br \/>\n\u00ab Le gouvernement a \u00e9t\u00e9 tr\u00e8s h\u00e9sitant alors que c\u2019\u00e9tait un engagement de campagne. \u00bb<br \/>\n\u00ab Il s\u2019agit de droit et il faut d\u00e9fendre l\u2019universalit\u00e9 des droits. Chaque personne doit pouvoir avoir les m\u00eames droits. \u00bb<br \/>\n\u00ab Il serait discriminant de ne pas autoriser la PMA \u00e0 des femmes en couple lesbien ou \u00e0 des femmes seules. \u00bb<div id='gallery-1' class='gallery galleryid-11690 gallery-columns-3 gallery-size-thumbnail'><figure class='gallery-item'>\n\t\t\t<div class='gallery-icon landscape'>\n\t\t\t\t<a href='https:\/\/archives.regards.fr\/wp-content\/uploads\/2019\/06\/capture_d_e_cran_2019-06-27_a_10-1ec.38.19.png'><img loading=\"lazy\" decoding=\"async\" width=\"150\" height=\"150\" src=\"https:\/\/archives.regards.fr\/wp-content\/uploads\/2019\/06\/capture_d_e_cran_2019-06-27_a_10-1ec.38.19-150x150.png\" class=\"attachment-thumbnail size-thumbnail\" alt=\"capture_d_e_cran_2019-06-27_a_10.38.19.png\" \/><\/a>\n\t\t\t<\/div><\/figure>\n\t\t<\/div>\n<\/p>\n","protected":false},"excerpt":{"rendered":"<p>La photo de cet enfant salvadorien enla\u00e7ant son p\u00e8re, morts tous les deux apr\u00e8s avoir essay\u00e9 de regagner les Etats-Unis, a choqu\u00e9 le monde entier. C\u00e9cile Coudriou, pr\u00e9sidente d\u2019Amnesty International France, est l\u2019invit\u00e9e de #LaMidinale. L\u2019occasion de revenir sur la guerre au Y\u00e9men, les cons\u00e9quences du changement climatique sur les droits humains, les libert\u00e9s et les droits en France, et la PMA.<\/p>\n","protected":false},"author":1039,"featured_media":27773,"comment_status":"open","ping_status":"open","sticky":false,"template":"","format":"standard","meta":{"_themeisle_gutenberg_block_has_review":false,"footnotes":""},"categories":[238],"tags":[293],"class_list":["post-11690","post","type-post","status-publish","format-standard","has-post-thumbnail","hentry","category-la-midinale","tag-entretien"],"_links":{"self":[{"href":"https:\/\/archives.regards.fr\/index.php?rest_route=\/wp\/v2\/posts\/11690","targetHints":{"allow":["GET"]}}],"collection":[{"href":"https:\/\/archives.regards.fr\/index.php?rest_route=\/wp\/v2\/posts"}],"about":[{"href":"https:\/\/archives.regards.fr\/index.php?rest_route=\/wp\/v2\/types\/post"}],"author":[{"embeddable":true,"href":"https:\/\/archives.regards.fr\/index.php?rest_route=\/wp\/v2\/users\/1039"}],"replies":[{"embeddable":true,"href":"https:\/\/archives.regards.fr\/index.php?rest_route=%2Fwp%2Fv2%2Fcomments&post=11690"}],"version-history":[{"count":0,"href":"https:\/\/archives.regards.fr\/index.php?rest_route=\/wp\/v2\/posts\/11690\/revisions"}],"wp:featuredmedia":[{"embeddable":true,"href":"https:\/\/archives.regards.fr\/index.php?rest_route=\/wp\/v2\/media\/27773"}],"wp:attachment":[{"href":"https:\/\/archives.regards.fr\/index.php?rest_route=%2Fwp%2Fv2%2Fmedia&parent=11690"}],"wp:term":[{"taxonomy":"category","embeddable":true,"href":"https:\/\/archives.regards.fr\/index.php?rest_route=%2Fwp%2Fv2%2Fcategories&post=11690"},{"taxonomy":"post_tag","embeddable":true,"href":"https:\/\/archives.regards.fr\/index.php?rest_route=%2Fwp%2Fv2%2Ftags&post=11690"}],"curies":[{"name":"wp","href":"https:\/\/api.w.org\/{rel}","templated":true}]}}