{"id":11688,"date":"2019-06-26T12:15:40","date_gmt":"2019-06-26T10:15:40","guid":{"rendered":"https:\/\/wp.muchomaas.com\/article-pierre-gilbert-l-urgence-climatique-nous-fait-entrer-dans-une-periode-que-l\/"},"modified":"2023-06-23T23:42:10","modified_gmt":"2023-06-23T21:42:10","slug":"article-pierre-gilbert-l-urgence-climatique-nous-fait-entrer-dans-une-periode-que-l","status":"publish","type":"post","link":"https:\/\/archives.regards.fr\/?p=11688","title":{"rendered":"Pierre Gilbert : \u00ab L\u2019urgence climatique nous fait entrer dans une p\u00e9riode que l\u2019humanit\u00e9 n\u2019a jamais connue \u00bb"},"content":{"rendered":"<p class=\"post_excerpt\">La canicule est-elle une cons\u00e9quence directe du d\u00e9r\u00e8glement climatique ? Quelle responsabilit\u00e9 pour l\u2019Etat fran\u00e7ais ? Pierre Gilbert, responsable de la rubrique \u00ab \u00e9cologie \u00bb \u00e0 Le Vent Se L\u00e8ve (qui organise ses deuxi\u00e8mes universit\u00e9s d\u2019\u00e9t\u00e9 \u00e0 Paris sur le th\u00e8me \u00ab L\u2019Histoire recommence \u00bb les 28 et 29 juin) est l\u2019invit\u00e9 de #LaMidinale.<\/p>\n<p><iframe loading=\"lazy\" width=\"490\" height=\"276\" src=\"https:\/\/www.youtube.com\/embed\/RMz3x4XQKH4\" frameborder=\"0\" allow=\"accelerometer; autoplay; encrypted-media; gyroscope; picture-in-picture\" allowfullscreen><\/iframe><\/p>\n<p>&nbsp;<\/p>\n<p><h2>VERBATIM<\/h2>\n<p>&nbsp;<\/p>\n<p>\n<em>\u00a0<strong>Sur la responsabilit\u00e9 de l\u2019Etat en mati\u00e8re climatique<\/em>\u00a0<\/strong><br \/>\n\u00ab L\u2019Etat a une responsabilit\u00e9 r\u00e9galienne c\u2019est-\u00e0-dire de prot\u00e9ger les citoyens. Assurer le minimum de s\u00e9curit\u00e9. C\u2019est la base du contrat social que le citoyen tisse avec l\u2019Etat depuis des si\u00e8cles. \u00bb<br \/>\n\u00ab On a d\u2019un c\u00f4t\u00e9 un Etat qui parle beaucoup de climat (\u2026) mais, parall\u00e8lement \u00e0 \u00e7a, les services publics sens\u00e9s r\u00e9pondre aux urgences, sont compl\u00e8tement liquid\u00e9s (\u2026). J\u2019y vois un paradoxe parce qu\u2019en p\u00e9riode de canicule, l\u2019affluence dans les h\u00f4pitaux d\u00e9cuple. Or l\u2019h\u00f4pital souffre d\u2019une crise criante de moyens. \u00bb<br \/>\n\u00ab C\u2019est la logique classique du gouvernement Macron : on fait des annonces, \u00e7a ne co\u00fbte rien et on esp\u00e8re, par magie, que les individus, par eux-m\u00eames, vont s\u2019adapter \u00bb<\/p>\n<p><em>\u00a0<strong>Sur le r\u00f4le de la France en mati\u00e8re climatique<\/em>\u00a0<\/strong><br \/>\n\u00ab La France doit montrer l\u2019exemple. \u00bb<br \/>\n\u00ab La France fait partie de ces pays d\u00e9velopp\u00e9s qui ont profit\u00e9 des ressources fossiles. \u00bb<br \/>\n\u00ab La France a un r\u00f4le symbolique essentiel : on est le troisi\u00e8me r\u00e9seau diplomatique au monde apr\u00e8s les Etats-Unis et la Chine. \u00bb<br \/>\n\u00ab On a des leviers sur ce qui se passe \u00e0 l\u2019\u00e9chelle mondiale. La France, c\u2019est le pays des Droits de l\u2019Homme : quand la France dit quelque chose, le monde le m\u00e9dite. La France a beaucoup de moyens d\u2019influer le cours du monde. \u00bb<br \/>\n\u00ab Sans la France, l\u2019Union europ\u00e9enne n\u2019existe pas. Or l\u2019Union europ\u00e9enne est la premi\u00e8re zone de commerce mondiale donc on a un poids pour faire du protectionnisme \u00e9cologique et social. \u00bb<\/p>\n<p>Sur la gouvernance mondiale<br \/>\n\u00ab Les Etats sont impuissants parce qu\u2019ils ne se donnent pas les moyens de leurs ambitions. C\u2019est une question de volont\u00e9 politique. \u00bb<br \/>\n\u00ab Les diplomaties ne veulent pas se froisser. On est dans une p\u00e9riode de crise du multilat\u00e9ralisme qui rend les choses difficiles. \u00bb<br \/>\n\u00ab Les n\u00e9gociations climatiques sont le seul domaine du multilat\u00e9ralisme qui continuent de produire des effets positifs. \u00bb<br \/>\n\u00ab Il y a des avanc\u00e9es mais il faut rendre les d\u00e9cisions prises contraignantes sur le plan juridique. \u00bb<\/p>\n<p><em>\u00a0<strong>Sur les cons\u00e9quences du r\u00e9chauffement en mati\u00e8re de d\u00e9placements de populations<\/em>\u00a0<\/strong><br \/>\n\u00ab L\u2019ONU estime entre 250 millions et un milliard de r\u00e9fugi\u00e9s climatiques d\u2019ici 2050. \u00bb<br \/>\n\u00ab Ces r\u00e9fugi\u00e9s ne fuient pas les m\u00eames cons\u00e9quences du r\u00e9chauffement climatique : \u00e7a peut \u00eatre la mont\u00e9e des eaux dans le delta du Bangladesh, la s\u00e9cheresse au Sahel. \u00bb<br \/>\n\u00ab Il y a des ph\u00e9nom\u00e8nes de d\u00e9sertification ou des ph\u00e9nom\u00e8nes parfois de trop de pluie : les Etats-Unis ont perdu 15% de leurs r\u00e9coltes de ma\u00efs \u00e0 cause d\u2019un trop plein d\u2019eau. \u00bb<br \/>\n\u00ab Il ne faut pas imaginer tout de suite des vagues migratoires qui d\u00e9ferleraient vers l\u2019Europe car les migrations climatiques se font avant tout \u00e0 l\u2019\u00e9chelle r\u00e9gionale (\u2026). 85% des migrations se font du sud vers le sud de mani\u00e8re inter-r\u00e9gionales. \u00bb<br \/>\n\u00ab En 2100, 70% de l\u2019humanit\u00e9 sera confront\u00e9e \u00e0 des vagues de chaleurs mortelles. On voit d\u00e9j\u00e0 ce ph\u00e9nom\u00e8ne poindre en Inde ou les \u00e9pisodes de canicules mortelles ont augment\u00e9 de 250% en 50 ans. \u00c7a nous donne un avant-go\u00fbt de ce qui pourrait nous arriver. \u00bb<\/p>\n<p><em>\u00a0<strong>Sur les liens entre l\u2019actuelle canicule et le d\u00e9r\u00e8glement climatique<\/em>\u00a0<\/strong><br \/>\n\u00ab Les mod\u00e9lisations satellites nous montrent que cette canicule est due directement \u00e0 ce qui s\u2019est pass\u00e9 en Arctique cette semaine. \u00bb<br \/>\n\u00ab Le r\u00e9chauffement rapide de l\u2019Arctique modifie les courants a\u00e9riens de l\u2019h\u00e9misph\u00e8re nord et on a de plus en plus, en Europe occidentale, de creux o\u00f9 le vent ne change plus l\u2019air. Donc on a des creux o\u00f9 l\u2019air stagne pendant plusieurs jours. Jusqu\u2019\u00e0 potentiellement arriver \u00e0 la canicule. \u00bb<br \/>\n\u00ab Toutes les canicules ne sont pas li\u00e9es au changement climatique. Et il y en a toujours eu. Par contre, leur fr\u00e9quence explose et c\u2019est statistiquement d\u00e9montr\u00e9 qu\u2019avec le r\u00e9chauffement climatique que, depuis 30 ans, on a deux fois plus de canicule en France et que, dans les 30 prochaines ann\u00e9es, on en aura deux fois plus qui augmenteront en fr\u00e9quence et en intensit\u00e9. \u00bb<br \/>\n\u00ab Le GIEC nous dit qu\u2019en France, en 2050, on aura potentiellement des pointes de temp\u00e9ratures \u00e0 55\u00b0 dans les parties plus continentales comme en Alsace. \u00bb<\/p>\n<p><em>\u00a0<strong>Sur les \u00e9cologistes (EELV)<\/em>\u00a0<\/strong><br \/>\n\u00ab EELV, c\u2019est avant tout une auberge espagnole. \u00bb<br \/>\n\u00ab Jadot ne relativise pas le r\u00e9sultat alors que les \u00e9lections europ\u00e9ennes sont une \u00e9lection qui b\u00e9n\u00e9ficie toujours aux Verts. \u00bb<br \/>\n\u00ab Sociologiquement, les voix de la gauche traditionnelle se sont report\u00e9es sur EELV, beaucoup par d\u00e9pit. C\u2019est un vote tr\u00e8s fluctuant qui n\u2019est pas acquis aux Verts. Il s\u2019agirait d\u2019\u00eatre humble. \u00bb<br \/>\n\u00ab Je n\u2019aimerais pas que l\u2019\u00e9cologie soit victime de la crise de la gauche. \u00bb<br \/>\n\u00ab Je me r\u00e9jouis que tout le monde parle d\u2019\u00e9cologie, y compris \u00e0 droite (\u2026) m\u00eame si tous n\u2019en parlent pas avec la m\u00eame honn\u00eatet\u00e9. \u00bb<\/p>\n<p><em>\u00a0<strong>Sur les universit\u00e9s d\u2019\u00e9t\u00e9 de LVSL et le retour aux ann\u00e9es 30<\/em>\u00a0<\/strong><br \/>\n\u00ab J\u2019observe que l\u2019histoire se r\u00e9p\u00e8te rarement et l\u2019urgence climatique est une donn\u00e9e compl\u00e8tement nouvelle. \u00bb<br \/>\n\u00ab L\u2019urgence climatique nous fait rentrer dans une p\u00e9riode que l\u2019humanit\u00e9 n\u2019a jamais connue. \u00c7a nous oblige \u00e0 nous d\u00e9crocher des sch\u00e9mas historiques qu\u2019on connait traditionnellement. \u00bb<br \/>\n\u00ab Quand on a le nez dans les bouquins d\u2019histoire, on se rend compte que, parfois, on a des moments d\u2019acc\u00e9l\u00e9ration historique o\u00f9 m\u00eame une poign\u00e9e de personnes peut changer le cours de l\u2019histoire et du monde. \u00bb<div id='gallery-1' class='gallery galleryid-11688 gallery-columns-3 gallery-size-thumbnail'><figure class='gallery-item'>\n\t\t\t<div class='gallery-icon landscape'>\n\t\t\t\t<a href='https:\/\/archives.regards.fr\/wp-content\/uploads\/2019\/06\/capture_d_e_cran_2019-06-26_a_11-42e.58.30.png'><img loading=\"lazy\" decoding=\"async\" width=\"150\" height=\"150\" src=\"https:\/\/archives.regards.fr\/wp-content\/uploads\/2019\/06\/capture_d_e_cran_2019-06-26_a_11-42e.58.30-150x150.png\" class=\"attachment-thumbnail size-thumbnail\" alt=\"capture_d_e_cran_2019-06-26_a_11.58.30.png\" \/><\/a>\n\t\t\t<\/div><\/figure>\n\t\t<\/div>\n<\/p>\n","protected":false},"excerpt":{"rendered":"<p>La canicule est-elle une cons\u00e9quence directe du d\u00e9r\u00e8glement climatique ? Quelle responsabilit\u00e9 pour l\u2019Etat fran\u00e7ais ? Pierre Gilbert, responsable de la rubrique \u00ab \u00e9cologie \u00bb \u00e0 Le Vent Se L\u00e8ve (qui organise ses deuxi\u00e8mes universit\u00e9s d\u2019\u00e9t\u00e9 \u00e0 Paris sur le th\u00e8me \u00ab L\u2019Histoire recommence \u00bb les 28 et 29 juin) est l\u2019invit\u00e9 de #LaMidinale.<\/p>\n","protected":false},"author":1039,"featured_media":27769,"comment_status":"open","ping_status":"open","sticky":false,"template":"","format":"standard","meta":{"_themeisle_gutenberg_block_has_review":false,"footnotes":""},"categories":[238],"tags":[293],"class_list":["post-11688","post","type-post","status-publish","format-standard","has-post-thumbnail","hentry","category-la-midinale","tag-entretien"],"_links":{"self":[{"href":"https:\/\/archives.regards.fr\/index.php?rest_route=\/wp\/v2\/posts\/11688","targetHints":{"allow":["GET"]}}],"collection":[{"href":"https:\/\/archives.regards.fr\/index.php?rest_route=\/wp\/v2\/posts"}],"about":[{"href":"https:\/\/archives.regards.fr\/index.php?rest_route=\/wp\/v2\/types\/post"}],"author":[{"embeddable":true,"href":"https:\/\/archives.regards.fr\/index.php?rest_route=\/wp\/v2\/users\/1039"}],"replies":[{"embeddable":true,"href":"https:\/\/archives.regards.fr\/index.php?rest_route=%2Fwp%2Fv2%2Fcomments&post=11688"}],"version-history":[{"count":0,"href":"https:\/\/archives.regards.fr\/index.php?rest_route=\/wp\/v2\/posts\/11688\/revisions"}],"wp:featuredmedia":[{"embeddable":true,"href":"https:\/\/archives.regards.fr\/index.php?rest_route=\/wp\/v2\/media\/27769"}],"wp:attachment":[{"href":"https:\/\/archives.regards.fr\/index.php?rest_route=%2Fwp%2Fv2%2Fmedia&parent=11688"}],"wp:term":[{"taxonomy":"category","embeddable":true,"href":"https:\/\/archives.regards.fr\/index.php?rest_route=%2Fwp%2Fv2%2Fcategories&post=11688"},{"taxonomy":"post_tag","embeddable":true,"href":"https:\/\/archives.regards.fr\/index.php?rest_route=%2Fwp%2Fv2%2Ftags&post=11688"}],"curies":[{"name":"wp","href":"https:\/\/api.w.org\/{rel}","templated":true}]}}